{"id":877,"date":"2021-01-31T22:00:13","date_gmt":"2021-01-31T21:00:13","guid":{"rendered":"https:\/\/ednc.secteur-palaiseau.fr\/?p=877"},"modified":"2021-02-02T23:31:37","modified_gmt":"2021-02-02T22:31:37","slug":"parcours-alpha-sur-palaiseau-cest-parti-inscrivez-vous-et-invitez-autour-de-vous","status":"publish","type":"post","link":"https:\/\/ednc.secteur-palaiseau.fr\/?p=877","title":{"rendered":"Parcours Alpha sur le secteur de Palaiseau : c&rsquo;est parti, inscrivez vous et invitez autour de vous !"},"content":{"rendered":"\t\t<div data-elementor-type=\"wp-post\" data-elementor-id=\"877\" class=\"elementor elementor-877\">\n\t\t\t\t\t\t\t\t\t<section class=\"elementor-section elementor-top-section elementor-element elementor-element-4d2d7e1e elementor-section-boxed elementor-section-height-default elementor-section-height-default\" data-id=\"4d2d7e1e\" data-element_type=\"section\">\n\t\t\t\t\t\t<div class=\"elementor-container elementor-column-gap-default\">\n\t\t\t\t\t<div class=\"elementor-column elementor-col-100 elementor-top-column elementor-element elementor-element-3ce07f2d\" data-id=\"3ce07f2d\" data-element_type=\"column\">\n\t\t\t<div class=\"elementor-widget-wrap elementor-element-populated\">\n\t\t\t\t\t\t\t\t<div class=\"elementor-element elementor-element-65d096a6 elementor-widget elementor-widget-text-editor\" data-id=\"65d096a6\" data-element_type=\"widget\" data-widget_type=\"text-editor.default\">\n\t\t\t\t<div class=\"elementor-widget-container\">\n\t\t\t\t\t\t\t<p><em><strong>L&rsquo;\u00e9quipe Alpha du secteur de Palaiseau<br><\/strong><\/em><\/p>\n<p>Pour sa premi\u00e8re \u00e9dition sur notre secteur, c&rsquo;est un parcours en ligne qui est propos\u00e9, anim\u00e9 par des paroissiens de notre secteur. Profitez du confinement pour le suivre vous aussi et proposez le autour de vous.<\/p>\n<p><strong>2021&nbsp;: premi\u00e8re \u00e9dition du parcours Alpha Classic sur notre secteur&nbsp;!<\/strong><\/p>\n<p>Alpha est une fa\u00e7on simple et conviviale de r\u00e9fl\u00e9chir au sens de la vie, il permet de red\u00e9couvrir les fondements de la foi chr\u00e9tienne en 10 soir\u00e9es et un mini-week-end.<\/p>\n<p>Ce parcours s\u2019adresse \u00e0 tous, que vous soyez pratiquant ou non&nbsp;!<\/p>\n<p>Il est anim\u00e9 par des paroissiens de notre secteur. La pand\u00e9mie actuelle ne permet pas cette ann\u00e9e un lancement d&rsquo;Alpha en pr\u00e9sentiel, et donc pour cette premi\u00e8re \u00e9dition, nous vous le proposons en ligne.&nbsp;<\/p>\n<p><strong>Mars \u2013 Juin 2021&nbsp;: un parcours Alpha Classic en ligne<\/strong><\/p>\n<ul>\n<li>Il se d\u00e9roulera les mardis soirs de 20h30 \u00e0 21h30, du 9 mars au 8 juin, hors vacances scolaires. Le mini week-end est lui pr\u00e9vu les 8-9 mai, avec des cr\u00e9neaux adapt\u00e9s.<\/li>\n<li>Pour participer, il suffit d\u2019un ordinateur connect\u00e9 \u00e0 internet et \u00e9quip\u00e9 d\u2019une webcam. Les rencontres se feront avec un logiciel de t\u00e9l\u00e9conf\u00e9rence&nbsp;; nous nous chargeons de la souscription, vous n\u2019avez pas d\u2019abonnement \u00e0 prendre.<\/li>\n<li>L\u2019\u00e9change aura lieu en petits groupes \u00e0 partir d\u2019un expos\u00e9 initial, chacun \u00e9tant chez soi.<\/li>\n<\/ul>\n<p>Pour chaque petit groupe, les animateurs veilleront \u00e0 ce que chacun puisse \u00e9changer avec les autres sur ce qu&rsquo;il a entendu, sur ce qui l&rsquo;interroge, dans un grand respect et dans une grande libert\u00e9.<\/p>\n<ul>\n<li>La participation au parcours est gratuite. Pour en savoir plus, vous pouvez aller sur Youtube pour y voir les vid\u00e9os de d\u00e9couverte Alpha : <a href=\"https:\/\/www.youtube.com\/watch?v=fWVqIRl9UYo\">https:\/\/www.youtube.com\/watch?v=fWVqIRl9UYo<\/a><em><br><\/em><\/li>\n<\/ul>\n<p><strong>Si vous \u00eates int\u00e9ress\u00e9(e), c\u2019est tout simple, vous nous contactez&nbsp;:<\/strong><\/p>\n<p>&nbsp; en nous envoyant un mail \u00e0&nbsp;: <a href=\"mailto:alpha.palaiseau@gmail.com\">alpha.palaiseau@gmail.com<\/a><\/p>\n<p>&nbsp; ou en nous t\u00e9l\u00e9phonant au n\u00b0 07 78 18 72 16, notre ligne d\u2019\u00e9quipe d\u00e9di\u00e9e sur laquelle vous pouvez aussi laisser un message.<\/p>\n<p>N\u2019oubliez pas d\u2019indiquer votre adresse mail et \u00e9ventuellement votre t\u00e9l\u00e9phone pour que nous puissions vous recontacter et r\u00e9pondre \u00e0 toutes vos questions.&nbsp; A bient\u00f4t&nbsp;!<\/p>\n<p><br><\/p>\t\t\t\t\t\t<\/div>\n\t\t\t\t<\/div>\n\t\t\t\t\t<\/div>\n\t\t<\/div>\n\t\t\t\t\t\t\t<\/div>\n\t\t<\/section>\n\t\t\t\t<section class=\"elementor-section elementor-top-section elementor-element elementor-element-5e162888 elementor-section-boxed elementor-section-height-default elementor-section-height-default\" data-id=\"5e162888\" data-element_type=\"section\">\n\t\t\t\t\t\t<div class=\"elementor-container elementor-column-gap-default\">\n\t\t\t\t\t<div class=\"elementor-column elementor-col-100 elementor-top-column elementor-element elementor-element-3e0ede06\" data-id=\"3e0ede06\" data-element_type=\"column\">\n\t\t\t<div class=\"elementor-widget-wrap\">\n\t\t\t\t\t\t\t\t\t<\/div>\n\t\t<\/div>\n\t\t\t\t\t\t\t<\/div>\n\t\t<\/section>\n\t\t\t\t<section class=\"elementor-section elementor-top-section elementor-element elementor-element-2e9c28f4 elementor-section-boxed elementor-section-height-default elementor-section-height-default\" data-id=\"2e9c28f4\" data-element_type=\"section\">\n\t\t\t\t\t\t<div class=\"elementor-container elementor-column-gap-default\">\n\t\t\t\t\t\t\t\t<\/div>\n\t\t<\/section>\n\t\t\t\t\t\t\t<\/div>\n\t\t","protected":false},"excerpt":{"rendered":"<p>Equipe Alpha du secteur<\/p>\n<p>Pour sa premi\u00e8re \u00e9dition sur notre secteur, c&rsquo;est un parcours en ligne qui est propos\u00e9, anim\u00e9 par des paroissiens de notre secteur.<br \/>\nProfitez du confinement pour le suivre vous aussi et proposez le autour de vous.<\/p>\n","protected":false},"author":2,"featured_media":1592,"comment_status":"closed","ping_status":"closed","sticky":false,"template":"","format":"standard","meta":{"footnotes":""},"categories":[4],"tags":[],"_links":{"self":[{"href":"https:\/\/ednc.secteur-palaiseau.fr\/index.php?rest_route=\/wp\/v2\/posts\/877"}],"collection":[{"href":"https:\/\/ednc.secteur-palaiseau.fr\/index.php?rest_route=\/wp\/v2\/posts"}],"about":[{"href":"https:\/\/ednc.secteur-palaiseau.fr\/index.php?rest_route=\/wp\/v2\/types\/post"}],"author":[{"embeddable":true,"href":"https:\/\/ednc.secteur-palaiseau.fr\/index.php?rest_route=\/wp\/v2\/users\/2"}],"replies":[{"embeddable":true,"href":"https:\/\/ednc.secteur-palaiseau.fr\/index.php?rest_route=%2Fwp%2Fv2%2Fcomments&post=877"}],"version-history":[{"count":27,"href":"https:\/\/ednc.secteur-palaiseau.fr\/index.php?rest_route=\/wp\/v2\/posts\/877\/revisions"}],"predecessor-version":[{"id":1636,"href":"https:\/\/ednc.secteur-palaiseau.fr\/index.php?rest_route=\/wp\/v2\/posts\/877\/revisions\/1636"}],"wp:featuredmedia":[{"embeddable":true,"href":"https:\/\/ednc.secteur-palaiseau.fr\/index.php?rest_route=\/wp\/v2\/media\/1592"}],"wp:attachment":[{"href":"https:\/\/ednc.secteur-palaiseau.fr\/index.php?rest_route=%2Fwp%2Fv2%2Fmedia&parent=877"}],"wp:term":[{"taxonomy":"category","embeddable":true,"href":"https:\/\/ednc.secteur-palaiseau.fr\/index.php?rest_route=%2Fwp%2Fv2%2Fcategories&post=877"},{"taxonomy":"post_tag","embeddable":true,"href":"https:\/\/ednc.secteur-palaiseau.fr\/index.php?rest_route=%2Fwp%2Fv2%2Ftags&post=877"}],"curies":[{"name":"wp","href":"https:\/\/api.w.org\/{rel}","templated":true}]}}