{"id":6746,"date":"2023-06-30T21:00:30","date_gmt":"2023-06-30T19:00:30","guid":{"rendered":"https:\/\/ednc.secteur-palaiseau.fr\/?p=6746"},"modified":"2023-07-02T09:56:27","modified_gmt":"2023-07-02T07:56:27","slug":"confirmations-un-evenement-cle-pour-notre-communaute","status":"publish","type":"post","link":"https:\/\/ednc.secteur-palaiseau.fr\/?p=6746","title":{"rendered":"Confirmations: un \u00e9v\u00e8nement cl\u00e9 pour notre communaut\u00e9"},"content":{"rendered":"\t\t<div data-elementor-type=\"wp-post\" data-elementor-id=\"6746\" class=\"elementor elementor-6746\">\n\t\t\t\t\t\t\t\t\t<section class=\"elementor-section elementor-top-section elementor-element elementor-element-b85a66a elementor-section-boxed elementor-section-height-default elementor-section-height-default\" data-id=\"b85a66a\" data-element_type=\"section\">\n\t\t\t\t\t\t<div class=\"elementor-container elementor-column-gap-default\">\n\t\t\t\t\t<div class=\"elementor-column elementor-col-100 elementor-top-column elementor-element elementor-element-65c8802\" data-id=\"65c8802\" data-element_type=\"column\">\n\t\t\t<div class=\"elementor-widget-wrap elementor-element-populated\">\n\t\t\t\t\t\t\t\t<div class=\"elementor-element elementor-element-6bfd936 elementor-widget elementor-widget-text-editor\" data-id=\"6bfd936\" data-element_type=\"widget\" data-widget_type=\"text-editor.default\">\n\t\t\t\t<div class=\"elementor-widget-container\">\n\t\t\t\t\t\t\t<p><em><strong>Livine Duban<\/strong><\/em><\/p>\n<p>Le 4 f\u00e9vrier 2023, 19 jeunes de notre secteur paroissial ont re\u00e7u le sacrement de la confirmation. Ils s\u2019y sont pr\u00e9par\u00e9s au gr\u00e9 de rencontres qui ont d\u00e9marr\u00e9 au printemps 2022.<\/p>\n<p>Avec le p\u00e8re Luc, l&rsquo;Equipe Confirmation les a accompagn\u00e9s tout au long de leur d\u00e9marche. Lors de ces rencontres, les discussions ont port\u00e9 sur l\u2019Esprit, les sacrements du bapt\u00eame et de la confirmation, de ses symboles, des fruits et des dons de l\u2019Esprit. Les jeunes ont \u00e9galement d\u00fb formuler leur souhait de recevoir la confirmation dans une lettre personnelle adress\u00e9e \u00e0 notre \u00e9v\u00eaque Michel Pansard. Quelques semaines avant le jour J, ils ont rencontr\u00e9 Martial Bernard le Vicaire G\u00e9n\u00e9ral, qui \u00e9tait d\u00e9l\u00e9gu\u00e9 par notre \u00e9v\u00eaque pour la c\u00e9l\u00e9bration. Ils ont \u00e9chang\u00e9 avec lui et d\u2019autres jeunes du dioc\u00e8se d\u2019Evry sur la foi, la foi au quotidien, le pardon, leur engagement \u2026<\/p>\n<p>Et c\u2019est donc le p\u00e8re Martial Bernard qui a pr\u00e9sid\u00e9 la messe de confirmation du 4 f\u00e9vrier dernier, accompagn\u00e9 par le p\u00e8re Luc et le p\u00e8re Jean-Fran\u00e7ois.<\/p>\n<p>Dans son hom\u00e9lie, le p\u00e8re Martial a vivement encourag\u00e9 ses jeunes \u00e0 poursuivre leur engagement au sein de l\u2019\u00e9glise et \u00e0 vivre leur mission de pr\u00eatre, proph\u00e8te et roi.<\/p>\n<p>Un nouveau parcours confirmation commencera \u00e0 la rentr\u00e9e de septembre. Nous n\u2019avons pas encore toutes les modalit\u00e9s mais nous invitons les jeunes int\u00e9ress\u00e9s \u00e0 venir nous rencontrer au centre paroissial Ste Genevi\u00e8ve le 9 septembre prochain, lors de la journ\u00e9e des associations de Palaiseau.<\/p>\n<p>C&rsquo;est un t\u00e9moignage tr\u00e8s fort et tr\u00e8s pr\u00e9cieux que ces jeunes adultes donnent \u00e0 notre communaut\u00e9:&nbsp; jeunes adultes confirm\u00e9s, ils sont les nouvelles structures de notre Eglise pour les d\u00e9cennies \u00e0 venir, qu&rsquo;ils vont promouvoir \u00e0 l&rsquo;int\u00e9rieur d&rsquo;un monde toujours plus ouvert et complexe. Un tr\u00e8s grand merci \u00e0 eux !<\/p>\n<p>L\u2019\u00e9quipe Animatrice Confirmation<\/p>\n<p><a href=\"mailto:Confirmation.palaiseau@gmail.com\">confirmation.palaiseau@gmail.com<\/a><\/p>\n<p>.<\/p>\t\t\t\t\t\t<\/div>\n\t\t\t\t<\/div>\n\t\t\t\t\t<\/div>\n\t\t<\/div>\n\t\t\t\t\t\t\t<\/div>\n\t\t<\/section>\n\t\t\t\t<section class=\"elementor-section elementor-top-section elementor-element elementor-element-8283324 elementor-section-boxed elementor-section-height-default elementor-section-height-default\" data-id=\"8283324\" data-element_type=\"section\">\n\t\t\t\t\t\t<div class=\"elementor-container elementor-column-gap-default\">\n\t\t\t\t\t<div class=\"elementor-column elementor-col-25 elementor-top-column elementor-element elementor-element-213a23d\" data-id=\"213a23d\" data-element_type=\"column\">\n\t\t\t<div class=\"elementor-widget-wrap elementor-element-populated\">\n\t\t\t\t\t\t\t\t<div class=\"elementor-element elementor-element-2320466 elementor-widget elementor-widget-image\" data-id=\"2320466\" data-element_type=\"widget\" data-widget_type=\"image.default\">\n\t\t\t\t<div class=\"elementor-widget-container\">\n\t\t\t\t\t\t\t\t\t\t\t\t\t\t\t<img decoding=\"async\" loading=\"lazy\" width=\"640\" height=\"424\" src=\"https:\/\/ednc.secteur-palaiseau.fr\/wp-content\/uploads\/2023\/06\/DSC_0251.jpg\" class=\"attachment-large size-large wp-image-6748\" alt=\"\" srcset=\"https:\/\/ednc.secteur-palaiseau.fr\/wp-content\/uploads\/2023\/06\/DSC_0251.jpg 885w, https:\/\/ednc.secteur-palaiseau.fr\/wp-content\/uploads\/2023\/06\/DSC_0251-300x199.jpg 300w, https:\/\/ednc.secteur-palaiseau.fr\/wp-content\/uploads\/2023\/06\/DSC_0251-768x509.jpg 768w\" sizes=\"(max-width: 640px) 100vw, 640px\" \/>\t\t\t\t\t\t\t\t\t\t\t\t\t\t\t<\/div>\n\t\t\t\t<\/div>\n\t\t\t\t\t<\/div>\n\t\t<\/div>\n\t\t\t\t<div class=\"elementor-column elementor-col-25 elementor-top-column elementor-element elementor-element-b7165a2\" data-id=\"b7165a2\" data-element_type=\"column\">\n\t\t\t<div class=\"elementor-widget-wrap elementor-element-populated\">\n\t\t\t\t\t\t\t\t<div class=\"elementor-element elementor-element-bf124cf elementor-widget elementor-widget-image\" data-id=\"bf124cf\" data-element_type=\"widget\" data-widget_type=\"image.default\">\n\t\t\t\t<div class=\"elementor-widget-container\">\n\t\t\t\t\t\t\t\t\t\t\t\t\t\t\t<img decoding=\"async\" loading=\"lazy\" width=\"640\" height=\"424\" src=\"https:\/\/ednc.secteur-palaiseau.fr\/wp-content\/uploads\/2023\/06\/DSC_0262.jpg\" class=\"attachment-large size-large wp-image-6749\" alt=\"\" srcset=\"https:\/\/ednc.secteur-palaiseau.fr\/wp-content\/uploads\/2023\/06\/DSC_0262.jpg 885w, https:\/\/ednc.secteur-palaiseau.fr\/wp-content\/uploads\/2023\/06\/DSC_0262-300x199.jpg 300w, https:\/\/ednc.secteur-palaiseau.fr\/wp-content\/uploads\/2023\/06\/DSC_0262-768x509.jpg 768w\" sizes=\"(max-width: 640px) 100vw, 640px\" \/>\t\t\t\t\t\t\t\t\t\t\t\t\t\t\t<\/div>\n\t\t\t\t<\/div>\n\t\t\t\t\t<\/div>\n\t\t<\/div>\n\t\t\t\t<div class=\"elementor-column elementor-col-25 elementor-top-column elementor-element elementor-element-f35aacc\" data-id=\"f35aacc\" data-element_type=\"column\">\n\t\t\t<div class=\"elementor-widget-wrap elementor-element-populated\">\n\t\t\t\t\t\t\t\t<div class=\"elementor-element elementor-element-d5ee6e9 elementor-widget elementor-widget-image\" data-id=\"d5ee6e9\" data-element_type=\"widget\" data-widget_type=\"image.default\">\n\t\t\t\t<div class=\"elementor-widget-container\">\n\t\t\t\t\t\t\t\t\t\t\t\t\t\t\t<img decoding=\"async\" loading=\"lazy\" width=\"640\" height=\"424\" src=\"https:\/\/ednc.secteur-palaiseau.fr\/wp-content\/uploads\/2023\/06\/DSC_0369.jpg\" class=\"attachment-large size-large wp-image-6750\" alt=\"\" srcset=\"https:\/\/ednc.secteur-palaiseau.fr\/wp-content\/uploads\/2023\/06\/DSC_0369.jpg 885w, https:\/\/ednc.secteur-palaiseau.fr\/wp-content\/uploads\/2023\/06\/DSC_0369-300x199.jpg 300w, https:\/\/ednc.secteur-palaiseau.fr\/wp-content\/uploads\/2023\/06\/DSC_0369-768x509.jpg 768w\" sizes=\"(max-width: 640px) 100vw, 640px\" \/>\t\t\t\t\t\t\t\t\t\t\t\t\t\t\t<\/div>\n\t\t\t\t<\/div>\n\t\t\t\t\t<\/div>\n\t\t<\/div>\n\t\t\t\t<div class=\"elementor-column elementor-col-25 elementor-top-column elementor-element elementor-element-e01b7b4\" data-id=\"e01b7b4\" data-element_type=\"column\">\n\t\t\t<div class=\"elementor-widget-wrap elementor-element-populated\">\n\t\t\t\t\t\t\t\t<div class=\"elementor-element elementor-element-3c8ea8a elementor-widget elementor-widget-image\" data-id=\"3c8ea8a\" data-element_type=\"widget\" data-widget_type=\"image.default\">\n\t\t\t\t<div class=\"elementor-widget-container\">\n\t\t\t\t\t\t\t\t\t\t\t\t\t\t\t<img decoding=\"async\" loading=\"lazy\" width=\"640\" height=\"424\" src=\"https:\/\/ednc.secteur-palaiseau.fr\/wp-content\/uploads\/2023\/06\/DSC_0478.jpg\" class=\"attachment-large size-large wp-image-6753\" alt=\"\" srcset=\"https:\/\/ednc.secteur-palaiseau.fr\/wp-content\/uploads\/2023\/06\/DSC_0478.jpg 885w, https:\/\/ednc.secteur-palaiseau.fr\/wp-content\/uploads\/2023\/06\/DSC_0478-300x199.jpg 300w, https:\/\/ednc.secteur-palaiseau.fr\/wp-content\/uploads\/2023\/06\/DSC_0478-768x509.jpg 768w\" sizes=\"(max-width: 640px) 100vw, 640px\" \/>\t\t\t\t\t\t\t\t\t\t\t\t\t\t\t<\/div>\n\t\t\t\t<\/div>\n\t\t\t\t\t<\/div>\n\t\t<\/div>\n\t\t\t\t\t\t\t<\/div>\n\t\t<\/section>\n\t\t\t\t\t\t\t<\/div>\n\t\t","protected":false},"excerpt":{"rendered":"<p>Livine Duban <\/p>\n<p>Le 4 f\u00e9vrier 2023, 19 jeunes de notre secteur paroissial ont re\u00e7u le sacrement de la confirmation. Ils s\u2019y sont pr\u00e9par\u00e9s au gr\u00e9 de rencontres qui ont d\u00e9marr\u00e9 au printemps 2022. Revenons sur ce t\u00e9moignage tr\u00e8s fort et tr\u00e8s pr\u00e9cieux que ces jeunes adultes donnent \u00e0 notre communaut\u00e9.<\/p>\n","protected":false},"author":9,"featured_media":6752,"comment_status":"closed","ping_status":"closed","sticky":false,"template":"","format":"standard","meta":{"footnotes":""},"categories":[20,4],"tags":[],"_links":{"self":[{"href":"https:\/\/ednc.secteur-palaiseau.fr\/index.php?rest_route=\/wp\/v2\/posts\/6746"}],"collection":[{"href":"https:\/\/ednc.secteur-palaiseau.fr\/index.php?rest_route=\/wp\/v2\/posts"}],"about":[{"href":"https:\/\/ednc.secteur-palaiseau.fr\/index.php?rest_route=\/wp\/v2\/types\/post"}],"author":[{"embeddable":true,"href":"https:\/\/ednc.secteur-palaiseau.fr\/index.php?rest_route=\/wp\/v2\/users\/9"}],"replies":[{"embeddable":true,"href":"https:\/\/ednc.secteur-palaiseau.fr\/index.php?rest_route=%2Fwp%2Fv2%2Fcomments&post=6746"}],"version-history":[{"count":13,"href":"https:\/\/ednc.secteur-palaiseau.fr\/index.php?rest_route=\/wp\/v2\/posts\/6746\/revisions"}],"predecessor-version":[{"id":6851,"href":"https:\/\/ednc.secteur-palaiseau.fr\/index.php?rest_route=\/wp\/v2\/posts\/6746\/revisions\/6851"}],"wp:featuredmedia":[{"embeddable":true,"href":"https:\/\/ednc.secteur-palaiseau.fr\/index.php?rest_route=\/wp\/v2\/media\/6752"}],"wp:attachment":[{"href":"https:\/\/ednc.secteur-palaiseau.fr\/index.php?rest_route=%2Fwp%2Fv2%2Fmedia&parent=6746"}],"wp:term":[{"taxonomy":"category","embeddable":true,"href":"https:\/\/ednc.secteur-palaiseau.fr\/index.php?rest_route=%2Fwp%2Fv2%2Fcategories&post=6746"},{"taxonomy":"post_tag","embeddable":true,"href":"https:\/\/ednc.secteur-palaiseau.fr\/index.php?rest_route=%2Fwp%2Fv2%2Ftags&post=6746"}],"curies":[{"name":"wp","href":"https:\/\/api.w.org\/{rel}","templated":true}]}}