{"id":6592,"date":"2023-06-30T18:30:34","date_gmt":"2023-06-30T16:30:34","guid":{"rendered":"https:\/\/ednc.secteur-palaiseau.fr\/?p=6592"},"modified":"2023-07-02T09:56:28","modified_gmt":"2023-07-02T07:56:28","slug":"marche-saint-joseph","status":"publish","type":"post","link":"https:\/\/ednc.secteur-palaiseau.fr\/?p=6592","title":{"rendered":"Marche Saint-Joseph"},"content":{"rendered":"\t\t<div data-elementor-type=\"wp-post\" data-elementor-id=\"6592\" class=\"elementor elementor-6592\">\n\t\t\t\t\t\t\t\t\t<section class=\"elementor-section elementor-top-section elementor-element elementor-element-9c6b8a2 elementor-section-boxed elementor-section-height-default elementor-section-height-default\" data-id=\"9c6b8a2\" data-element_type=\"section\">\n\t\t\t\t\t\t<div class=\"elementor-container elementor-column-gap-default\">\n\t\t\t\t\t<div class=\"elementor-column elementor-col-100 elementor-top-column elementor-element elementor-element-31481b3\" data-id=\"31481b3\" data-element_type=\"column\">\n\t\t\t<div class=\"elementor-widget-wrap elementor-element-populated\">\n\t\t\t\t\t\t\t\t<div class=\"elementor-element elementor-element-d24364f elementor-widget elementor-widget-heading\" data-id=\"d24364f\" data-element_type=\"widget\" data-widget_type=\"heading.default\">\n\t\t\t\t<div class=\"elementor-widget-container\">\n\t\t\t<h2 class=\"elementor-heading-title elementor-size-default\"><em style=\"font-size: 16px; font-weight: 400; white-space: normal;\"><span style=\"font-weight: bolder;\">Herv\u00e9 Roy<\/span><\/em><\/h2>\t\t<\/div>\n\t\t\t\t<\/div>\n\t\t\t\t\t<\/div>\n\t\t<\/div>\n\t\t\t\t\t\t\t<\/div>\n\t\t<\/section>\n\t\t\t\t<section class=\"elementor-section elementor-top-section elementor-element elementor-element-745771e3 elementor-section-boxed elementor-section-height-default elementor-section-height-default\" data-id=\"745771e3\" data-element_type=\"section\">\n\t\t\t\t\t\t<div class=\"elementor-container elementor-column-gap-default\">\n\t\t\t\t\t<div class=\"elementor-column elementor-col-100 elementor-top-column elementor-element elementor-element-6a359d54\" data-id=\"6a359d54\" data-element_type=\"column\">\n\t\t\t<div class=\"elementor-widget-wrap elementor-element-populated\">\n\t\t\t\t\t\t\t\t<div class=\"elementor-element elementor-element-462737f4 elementor-widget elementor-widget-text-editor\" data-id=\"462737f4\" data-element_type=\"widget\" data-widget_type=\"text-editor.default\">\n\t\t\t\t<div class=\"elementor-widget-container\">\n\t\t\t\t\t\t\t<p>\u00a0<\/p><p><em><strong>\u00a0<\/strong><\/em><span style=\"font-family: var( --e-global-typography-text-font-family ), Sans-serif; font-weight: var( --e-global-typography-text-font-weight ); font-size: 1rem;\">Un lundi matin, dans une salle de caf\u00e9 dans des bureaux de la banlieue parisienne<\/span><\/p><ul><li>Salut Marc, as-tu pass\u00e9 un bon week-end\u00a0?<\/li><li>J\u2019ai regard\u00e9 une s\u00e9rie sur NEtflix. Et toi Lucien\u00a0?<\/li><li>J\u2019ai particip\u00e9 \u00e0 la marche de Saint Joseph.<\/li><li>Ah bon. \u00c7a consiste \u00e0 quoi\u00a0? Encore une de tes activit\u00e9s catholiques\u00a0?<\/li><li>Il s\u2019agit d\u2019une marche organis\u00e9e annuellement \u00e0 l\u2019occasion de la f\u00eate de Saint Joseph la semaine du 19 mars. C\u2019est un temps privil\u00e9gi\u00e9 pour que des hommes mari\u00e9s ou c\u00e9libataires puissent prendre un temps sur leur engagement.<\/li><li>Ah bon\u00a0? \u00e7a m\u2019int\u00e9resse car en ce moment \u00e0 la maison c\u2019est un peu compliqu\u00e9 entre le travail, la vie de famille et les nuits compliqu\u00e9es de la petite\u2026 \u00e7a se passe comment concr\u00e8tement\u00a0?<\/li><li>La journ\u00e9e est bien rythm\u00e9e. On d\u00e9bute par un temps de pri\u00e8re\u2026<\/li><li>Oh je ne sais pas prier\u2026<\/li><li>Ne t\u2019inqui\u00e8te pas. La pri\u00e8re est avant tout une \u00e9coute\u2026<\/li><li>Et apr\u00e8s ce temps de pri\u00e8re\u00a0?<\/li><li>On prend le temps en petit groupe pour se rencontrer. On confie nos projets, nos intentions&#8230; J\u2019ai pu revoir des amis. Certains \u00e9taient dans la joie d\u2019avoir accueilli un nouvel enfant. D\u2019autres heureux d\u2019avoir trouv\u00e9 un job. On a \u00e9galement partag\u00e9 les \u00e9preuves et les deuils\u2026<\/li><li>Vous \u00e9tiez nombreux\u00a0?<\/li><li>Une bonne vingtaine dans notre chapitre de la vall\u00e9e de Chevreuse. Nous avons march\u00e9 le long de la coul\u00e9e verte avant de rejoindre 2000 hommes \u00e0 la basilique de Montmartre. Cette ann\u00e9e le th\u00e8me de la journ\u00e9e \u00e9tait\u00a0: \u00ab\u00a0 l\u00e8ve-toi, prends ton brancard et marche\u2026\u00a0\u00bb. Il y a avait des personnes en situation d\u2019handicap pr\u00e9sents.<\/li><li>Tu as rencontr\u00e9 du monde\u00a0?<\/li><li>J\u2019ai rencontr\u00e9 des personnes. Et chacune de ces personnes m\u2019ont permis de grandir. Cyril et sa pr\u00e9sence si d\u00e9licate. Tanguy et sa joie malgr\u00e9 les difficult\u00e9s rencontr\u00e9es. Herv\u00e9 venu de Normandie pour rayonner de son \u00e9nergie\u00a0: Le p\u00e8re Jean-Luc et son enseignement lumineux\u2026 C\u2019est beau l\u2019Eglise en marche\u00a0! Arriv\u00e9s \u00e0 la Basilique, nous avons particip\u00e9 \u00e0 la Messe avant de marcher dans les rues pour r\u00e9citer le chapelet. Il \u00e9tait possible \u00e9galement de recevoir le Sacrement de r\u00e9conciliation. Dieu et son Peuple \u00e9taient \u00e0 l\u2019\u0153uvre dans cette journ\u00e9e.<\/li><li>Tu devais \u00eatre \u00e9puis\u00e9 en rentrant\u00a0?<\/li><li>Nous sommes rentr\u00e9s tard dans une paix et une joie profondes. Ces journ\u00e9es permettent de b\u00e2tir ta vie sur du roc.<\/li><li>C\u2019est vrai que ma journ\u00e9e devant Netflix fait moins r\u00eaver\u2026<\/li><li>Ce n\u2019est que partie remise\u00a0: tu viens l\u2019ann\u00e9e prochaine\u00a0! La marche est pr\u00e9vue le 16 mars 2024. Tu peux aller sur le site <a href=\"https:\/\/www.marche-de-st-joseph.fr\/home\">https:\/\/www.marche-de-st-joseph.fr\/home<\/a> pour suivre l\u2019actualit\u00e9<\/li><li>Chiche\u00a0?<\/li><\/ul>\t\t\t\t\t\t<\/div>\n\t\t\t\t<\/div>\n\t\t\t\t\t<\/div>\n\t\t<\/div>\n\t\t\t\t\t\t\t<\/div>\n\t\t<\/section>\n\t\t\t\t<section class=\"elementor-section elementor-top-section elementor-element elementor-element-2263c8f0 elementor-section-boxed elementor-section-height-default elementor-section-height-default\" data-id=\"2263c8f0\" data-element_type=\"section\">\n\t\t\t\t\t\t<div class=\"elementor-container elementor-column-gap-default\">\n\t\t\t\t\t<div class=\"elementor-column elementor-col-100 elementor-top-column elementor-element elementor-element-6bbc152a\" data-id=\"6bbc152a\" data-element_type=\"column\">\n\t\t\t<div class=\"elementor-widget-wrap elementor-element-populated\">\n\t\t\t\t\t\t\t\t<div class=\"elementor-element elementor-element-ce27c13 elementor-widget elementor-widget-image\" data-id=\"ce27c13\" data-element_type=\"widget\" data-widget_type=\"image.default\">\n\t\t\t\t<div class=\"elementor-widget-container\">\n\t\t\t\t\t\t\t\t\t\t\t\t\t\t\t<img decoding=\"async\" loading=\"lazy\" width=\"640\" height=\"394\" src=\"https:\/\/ednc.secteur-palaiseau.fr\/wp-content\/uploads\/2023\/06\/Marche_Saint_Joseph2-1.jpg\" class=\"attachment-large size-large wp-image-6621\" alt=\"\" srcset=\"https:\/\/ednc.secteur-palaiseau.fr\/wp-content\/uploads\/2023\/06\/Marche_Saint_Joseph2-1.jpg 753w, https:\/\/ednc.secteur-palaiseau.fr\/wp-content\/uploads\/2023\/06\/Marche_Saint_Joseph2-1-300x184.jpg 300w\" sizes=\"(max-width: 640px) 100vw, 640px\" \/>\t\t\t\t\t\t\t\t\t\t\t\t\t\t\t<\/div>\n\t\t\t\t<\/div>\n\t\t\t\t\t<\/div>\n\t\t<\/div>\n\t\t\t\t\t\t\t<\/div>\n\t\t<\/section>\n\t\t\t\t<section class=\"elementor-section elementor-top-section elementor-element elementor-element-d225243 elementor-section-boxed elementor-section-height-default elementor-section-height-default\" data-id=\"d225243\" data-element_type=\"section\">\n\t\t\t\t\t\t<div class=\"elementor-container elementor-column-gap-default\">\n\t\t\t\t\t\t\t\t<\/div>\n\t\t<\/section>\n\t\t\t\t\t\t\t<\/div>\n\t\t","protected":false},"excerpt":{"rendered":"<p>Herv\u00e9 Roy<\/p>\n<p>Le th\u00e8me de la journ\u00e9e cette ann\u00e9e \u00e9tait  : \u00ab  l\u00e8ve-toi, prends ton brancard et marche\u2026 \u00bb<\/p>\n","protected":false},"author":5,"featured_media":6622,"comment_status":"closed","ping_status":"closed","sticky":false,"template":"","format":"standard","meta":{"footnotes":""},"categories":[9,8,6,7],"tags":[],"_links":{"self":[{"href":"https:\/\/ednc.secteur-palaiseau.fr\/index.php?rest_route=\/wp\/v2\/posts\/6592"}],"collection":[{"href":"https:\/\/ednc.secteur-palaiseau.fr\/index.php?rest_route=\/wp\/v2\/posts"}],"about":[{"href":"https:\/\/ednc.secteur-palaiseau.fr\/index.php?rest_route=\/wp\/v2\/types\/post"}],"author":[{"embeddable":true,"href":"https:\/\/ednc.secteur-palaiseau.fr\/index.php?rest_route=\/wp\/v2\/users\/5"}],"replies":[{"embeddable":true,"href":"https:\/\/ednc.secteur-palaiseau.fr\/index.php?rest_route=%2Fwp%2Fv2%2Fcomments&post=6592"}],"version-history":[{"count":27,"href":"https:\/\/ednc.secteur-palaiseau.fr\/index.php?rest_route=\/wp\/v2\/posts\/6592\/revisions"}],"predecessor-version":[{"id":6858,"href":"https:\/\/ednc.secteur-palaiseau.fr\/index.php?rest_route=\/wp\/v2\/posts\/6592\/revisions\/6858"}],"wp:featuredmedia":[{"embeddable":true,"href":"https:\/\/ednc.secteur-palaiseau.fr\/index.php?rest_route=\/wp\/v2\/media\/6622"}],"wp:attachment":[{"href":"https:\/\/ednc.secteur-palaiseau.fr\/index.php?rest_route=%2Fwp%2Fv2%2Fmedia&parent=6592"}],"wp:term":[{"taxonomy":"category","embeddable":true,"href":"https:\/\/ednc.secteur-palaiseau.fr\/index.php?rest_route=%2Fwp%2Fv2%2Fcategories&post=6592"},{"taxonomy":"post_tag","embeddable":true,"href":"https:\/\/ednc.secteur-palaiseau.fr\/index.php?rest_route=%2Fwp%2Fv2%2Ftags&post=6592"}],"curies":[{"name":"wp","href":"https:\/\/api.w.org\/{rel}","templated":true}]}}