{"id":6589,"date":"2023-06-30T15:30:20","date_gmt":"2023-06-30T13:30:20","guid":{"rendered":"https:\/\/ednc.secteur-palaiseau.fr\/?p=6589"},"modified":"2023-07-02T14:06:29","modified_gmt":"2023-07-02T12:06:29","slug":"denier-de-leglise-entre-espoirs-et-inquietudes","status":"publish","type":"post","link":"https:\/\/ednc.secteur-palaiseau.fr\/?p=6589","title":{"rendered":"Denier de l\u2019\u00c9glise : entre espoirs et inqui\u00e9tudes"},"content":{"rendered":"\t\t<div data-elementor-type=\"wp-post\" data-elementor-id=\"6589\" class=\"elementor elementor-6589\">\n\t\t\t\t\t\t\t\t\t<section class=\"elementor-section elementor-top-section elementor-element elementor-element-38ceef69 elementor-section-boxed elementor-section-height-default elementor-section-height-default\" data-id=\"38ceef69\" data-element_type=\"section\">\n\t\t\t\t\t\t<div class=\"elementor-container elementor-column-gap-default\">\n\t\t\t\t\t<div class=\"elementor-column elementor-col-100 elementor-top-column elementor-element elementor-element-774e3923\" data-id=\"774e3923\" data-element_type=\"column\">\n\t\t\t<div class=\"elementor-widget-wrap elementor-element-populated\">\n\t\t\t\t\t\t\t\t<div class=\"elementor-element elementor-element-4c1b7d8f elementor-widget elementor-widget-text-editor\" data-id=\"4c1b7d8f\" data-element_type=\"widget\" data-widget_type=\"text-editor.default\">\n\t\t\t\t<div class=\"elementor-widget-container\">\n\t\t\t\t\t\t\t<p><em><strong>Les tr\u00e9soriers du secteur et Jean-Luc Dup\u00e9<br \/><\/strong><\/em><\/p><p><i>Extrait de la communication de l\u2019\u00c9conome du dioc\u00e8se \u00e0 l&rsquo;occasion du lancement de la campagne 2023 de collecte pour le Denier de l\u2019\u00c9glise<br \/><\/i><\/p><p><i>\u00a0\u00bb Apr\u00e8s une collecte 2022 qui n\u2019a, malheureusement, pas pu r\u00e9pondre \u00e0 toutes nos attentes, nous nourrissons de grands espoirs pour 2023. Tout juste lanc\u00e9e, la collecte 2023 doit nous permettre de revenir au niveau de 2021. C\u2019est l\u2019objectif que nous nous sommes fix\u00e9, afin que le denier puisse continuer \u00e0 remplir sa mission premi\u00e8re\u00a0: assurer le traitement des pr\u00eatres ainsi que la r\u00e9mun\u00e9ration des la\u00efcs en mission eccl\u00e9siale et celle des salari\u00e9s administratifs de notre dioc\u00e8se. \u00ab\u00a0<\/i><\/p><p><i>\u00a0\u00bb Malheureusement, les chiffres 2022 ne sont pas bons et traduisent un net tassement des dons, tant en valeur qu\u2019en volume de donateurs. \u00c9videmment, l\u2019ann\u00e9e \u00e9coul\u00e9e n\u2019a pas \u00e9t\u00e9 pas propice \u00e0 la g\u00e9n\u00e9rosit\u00e9 tous azimuts, marqu\u00e9e qu\u2019elle fut par la crise internationale et le spectre de l\u2019augmentation du prix des \u00e9nergies. \u00ab\u00a0<\/i><\/p><p><i><b>\u00a0\u00bb Pour la premi\u00e8re fois depuis longtemps, le Denier, dont c\u2019est pourtant l\u2019objet principal, ne couvre pas l\u2019ensemble de la masse salariale de notre dioc\u00e8se. Un signal fort qui doit alerter chacun d\u2019entre nous\u00a0! \u00ab\u00a0<br \/><\/b><\/i><\/p><p>Revenons donc sur les chiffres pour notre secteur.<\/p><p>Le fait marquant, c&rsquo;est la <b>d\u00e9croissance du nombre des donateurs<\/b>. M\u00eame si le don moyen augmente l\u00e9g\u00e8rement, il ne compense pas, loin de l\u00e0, cette d\u00e9croissance. Ainsi le constat fait par le dioc\u00e8se est \u00e9galement valable pour notre secteur.<\/p><p>L&rsquo;inqui\u00e9tude est donc dans notre capacit\u00e9 \u00e0 continuer \u00e0 financer notre action dioc\u00e9saine, \u00e0 commencer par le traitement des pr\u00eatres et le salaire des la\u00efcs.<\/p><p>Pour autant, l&rsquo;espoir, au moins pour notre secteur, est dans le fait que nombre de personnes participants aux c\u00e9l\u00e9brations et \u00e0 la vie paroissiale ne participent pas \u00e0 cet effort.<\/p><p>A nous tous donc de nous mobiliser !<\/p><ul><li>Pour contribuer, chacun \u00e0 sa mesure : il n&rsquo;y a pas de don minimum et tous les dons sont les bienvenus.<\/li><li>Pour faire conna\u00eetre la situation de l\u2019\u00c9glise : non l&rsquo;\u00e9glise n&rsquo;est pas riche !<\/li><li>Pour affirmer que notre \u00c9glise a sa place dans le monde actuel : oui l\u2019\u00c9glise prend soin de tous !<\/li><\/ul><p><b>Donc un GRAND MERCI pour votre contribution en 2022 et MOBILISONS-NOUS pour cette ann\u00e9e 2023.<\/b><\/p><p>Au nom du p\u00e8re Jean-Fran\u00e7ois Zakarian, des pr\u00eatres et des responsables des Equipes Animatrices, nous vous remercions par avance de ce que vous pourrez donner.<\/p><p>Vous souhaitez contribuer : <\/p><ul><li>en ligne avec le lien ci-dessous<\/li><li>Par ch\u00e8que : \u00e0 l&rsquo;ordre de ADECE &#8211; Paroisse de XXXX <br \/>Adresse : <br \/>Association Dioc\u00e9saine d\u2019\u00c9vry Corbeil-Essonnes<br \/>21 cours Monseigneur Romero<br \/>91006 \u00c9vry Cedex\u00a0<\/li><\/ul>\t\t\t\t\t\t<\/div>\n\t\t\t\t<\/div>\n\t\t\t\t\t<\/div>\n\t\t<\/div>\n\t\t\t\t\t\t\t<\/div>\n\t\t<\/section>\n\t\t\t\t<section class=\"elementor-section elementor-top-section elementor-element elementor-element-b80d103 elementor-section-boxed elementor-section-height-default elementor-section-height-default\" data-id=\"b80d103\" data-element_type=\"section\">\n\t\t\t\t\t\t<div class=\"elementor-container elementor-column-gap-default\">\n\t\t\t\t\t<div class=\"elementor-column elementor-col-100 elementor-top-column elementor-element elementor-element-9cdb47f\" data-id=\"9cdb47f\" data-element_type=\"column\">\n\t\t\t<div class=\"elementor-widget-wrap elementor-element-populated\">\n\t\t\t\t\t\t\t\t<div class=\"elementor-element elementor-element-8e1cd7b elementor-widget elementor-widget-button\" data-id=\"8e1cd7b\" data-element_type=\"widget\" data-widget_type=\"button.default\">\n\t\t\t\t<div class=\"elementor-widget-container\">\n\t\t\t\t\t<div class=\"elementor-button-wrapper\">\n\t\t\t<a class=\"elementor-button elementor-button-link elementor-size-sm\" href=\"https:\/\/dons.evry.catholique.fr\/\">\n\t\t\t\t\t\t<span class=\"elementor-button-content-wrapper\">\n\t\t\t\t\t\t<span class=\"elementor-button-text\">Donner au Denier de l'Eglise<\/span>\n\t\t<\/span>\n\t\t\t\t\t<\/a>\n\t\t<\/div>\n\t\t\t\t<\/div>\n\t\t\t\t<\/div>\n\t\t\t\t\t<\/div>\n\t\t<\/div>\n\t\t\t\t\t\t\t<\/div>\n\t\t<\/section>\n\t\t\t\t<section class=\"elementor-section elementor-top-section elementor-element elementor-element-589d5a0 elementor-section-boxed elementor-section-height-default elementor-section-height-default\" data-id=\"589d5a0\" data-element_type=\"section\">\n\t\t\t\t\t\t<div class=\"elementor-container elementor-column-gap-default\">\n\t\t\t\t\t<div class=\"elementor-column elementor-col-100 elementor-top-column elementor-element elementor-element-857b494\" data-id=\"857b494\" data-element_type=\"column\">\n\t\t\t<div class=\"elementor-widget-wrap elementor-element-populated\">\n\t\t\t\t\t\t\t\t<div class=\"elementor-element elementor-element-c0bd064 elementor-widget elementor-widget-image\" data-id=\"c0bd064\" data-element_type=\"widget\" data-widget_type=\"image.default\">\n\t\t\t\t<div class=\"elementor-widget-container\">\n\t\t\t\t\t\t\t\t\t\t\t\t\t\t\t<img decoding=\"async\" loading=\"lazy\" width=\"1435\" height=\"296\" src=\"https:\/\/ednc.secteur-palaiseau.fr\/wp-content\/uploads\/2023\/06\/Denier-secteur-2022-details.png\" class=\"attachment-full size-full wp-image-6657\" alt=\"\" srcset=\"https:\/\/ednc.secteur-palaiseau.fr\/wp-content\/uploads\/2023\/06\/Denier-secteur-2022-details.png 1435w, https:\/\/ednc.secteur-palaiseau.fr\/wp-content\/uploads\/2023\/06\/Denier-secteur-2022-details-300x62.png 300w, https:\/\/ednc.secteur-palaiseau.fr\/wp-content\/uploads\/2023\/06\/Denier-secteur-2022-details-1024x211.png 1024w, https:\/\/ednc.secteur-palaiseau.fr\/wp-content\/uploads\/2023\/06\/Denier-secteur-2022-details-768x158.png 768w\" sizes=\"(max-width: 1435px) 100vw, 1435px\" \/>\t\t\t\t\t\t\t\t\t\t\t\t\t\t\t<\/div>\n\t\t\t\t<\/div>\n\t\t\t\t\t<\/div>\n\t\t<\/div>\n\t\t\t\t\t\t\t<\/div>\n\t\t<\/section>\n\t\t\t\t<section class=\"elementor-section elementor-top-section elementor-element elementor-element-e15fcf2 elementor-section-boxed elementor-section-height-default elementor-section-height-default\" data-id=\"e15fcf2\" data-element_type=\"section\">\n\t\t\t\t\t\t<div class=\"elementor-container elementor-column-gap-default\">\n\t\t\t\t\t<div class=\"elementor-column elementor-col-100 elementor-top-column elementor-element elementor-element-cf0a8ff\" data-id=\"cf0a8ff\" data-element_type=\"column\">\n\t\t\t<div class=\"elementor-widget-wrap elementor-element-populated\">\n\t\t\t\t\t\t\t\t<div class=\"elementor-element elementor-element-8189c47 elementor-widget elementor-widget-image\" data-id=\"8189c47\" data-element_type=\"widget\" data-widget_type=\"image.default\">\n\t\t\t\t<div class=\"elementor-widget-container\">\n\t\t\t\t\t\t\t\t\t\t\t\t\t\t\t<img decoding=\"async\" loading=\"lazy\" width=\"1446\" height=\"1462\" src=\"https:\/\/ednc.secteur-palaiseau.fr\/wp-content\/uploads\/2023\/06\/Denier-secteur-2022.png\" class=\"attachment-full size-full wp-image-6638\" alt=\"\" srcset=\"https:\/\/ednc.secteur-palaiseau.fr\/wp-content\/uploads\/2023\/06\/Denier-secteur-2022.png 1446w, https:\/\/ednc.secteur-palaiseau.fr\/wp-content\/uploads\/2023\/06\/Denier-secteur-2022-297x300.png 297w, https:\/\/ednc.secteur-palaiseau.fr\/wp-content\/uploads\/2023\/06\/Denier-secteur-2022-1013x1024.png 1013w, https:\/\/ednc.secteur-palaiseau.fr\/wp-content\/uploads\/2023\/06\/Denier-secteur-2022-768x776.png 768w\" sizes=\"(max-width: 1446px) 100vw, 1446px\" \/>\t\t\t\t\t\t\t\t\t\t\t\t\t\t\t<\/div>\n\t\t\t\t<\/div>\n\t\t\t\t\t<\/div>\n\t\t<\/div>\n\t\t\t\t\t\t\t<\/div>\n\t\t<\/section>\n\t\t\t\t<section class=\"elementor-section elementor-top-section elementor-element elementor-element-dc39e92 elementor-section-boxed elementor-section-height-default elementor-section-height-default\" data-id=\"dc39e92\" data-element_type=\"section\">\n\t\t\t\t\t\t<div class=\"elementor-container elementor-column-gap-default\">\n\t\t\t\t\t<div class=\"elementor-column elementor-col-100 elementor-top-column elementor-element elementor-element-311b5b4\" data-id=\"311b5b4\" data-element_type=\"column\">\n\t\t\t<div class=\"elementor-widget-wrap elementor-element-populated\">\n\t\t\t\t\t\t\t\t<div class=\"elementor-element elementor-element-eaa49b0 elementor-widget elementor-widget-image\" data-id=\"eaa49b0\" data-element_type=\"widget\" data-widget_type=\"image.default\">\n\t\t\t\t<div class=\"elementor-widget-container\">\n\t\t\t\t\t\t\t\t\t\t\t\t\t\t\t<img decoding=\"async\" loading=\"lazy\" width=\"960\" height=\"540\" src=\"https:\/\/ednc.secteur-palaiseau.fr\/wp-content\/uploads\/2023\/06\/Merci-denier2022.jpg\" class=\"attachment-full size-full wp-image-6602\" alt=\"\" srcset=\"https:\/\/ednc.secteur-palaiseau.fr\/wp-content\/uploads\/2023\/06\/Merci-denier2022.jpg 960w, https:\/\/ednc.secteur-palaiseau.fr\/wp-content\/uploads\/2023\/06\/Merci-denier2022-300x169.jpg 300w, https:\/\/ednc.secteur-palaiseau.fr\/wp-content\/uploads\/2023\/06\/Merci-denier2022-768x432.jpg 768w\" sizes=\"(max-width: 960px) 100vw, 960px\" \/>\t\t\t\t\t\t\t\t\t\t\t\t\t\t\t<\/div>\n\t\t\t\t<\/div>\n\t\t\t\t\t<\/div>\n\t\t<\/div>\n\t\t\t\t\t\t\t<\/div>\n\t\t<\/section>\n\t\t\t\t\t\t\t<\/div>\n\t\t","protected":false},"excerpt":{"rendered":"<p>Tr\u00e9soriers du secteur<\/p>\n<p>Alors que la campagne 2023 a \u00e9t\u00e9 lanc\u00e9e depuis mars, nous pr\u00e9sentons les r\u00e9sultats de 2022 pour le dioc\u00e8se et pour notre secteur. Un constat : il faut \u00e9largir la base des donateurs ! A nous tous de mobiliser pour la collecte.<\/p>\n","protected":false},"author":2,"featured_media":6615,"comment_status":"closed","ping_status":"closed","sticky":false,"template":"","format":"standard","meta":{"footnotes":""},"categories":[9,8,4,6],"tags":[],"_links":{"self":[{"href":"https:\/\/ednc.secteur-palaiseau.fr\/index.php?rest_route=\/wp\/v2\/posts\/6589"}],"collection":[{"href":"https:\/\/ednc.secteur-palaiseau.fr\/index.php?rest_route=\/wp\/v2\/posts"}],"about":[{"href":"https:\/\/ednc.secteur-palaiseau.fr\/index.php?rest_route=\/wp\/v2\/types\/post"}],"author":[{"embeddable":true,"href":"https:\/\/ednc.secteur-palaiseau.fr\/index.php?rest_route=\/wp\/v2\/users\/2"}],"replies":[{"embeddable":true,"href":"https:\/\/ednc.secteur-palaiseau.fr\/index.php?rest_route=%2Fwp%2Fv2%2Fcomments&post=6589"}],"version-history":[{"count":36,"href":"https:\/\/ednc.secteur-palaiseau.fr\/index.php?rest_route=\/wp\/v2\/posts\/6589\/revisions"}],"predecessor-version":[{"id":6901,"href":"https:\/\/ednc.secteur-palaiseau.fr\/index.php?rest_route=\/wp\/v2\/posts\/6589\/revisions\/6901"}],"wp:featuredmedia":[{"embeddable":true,"href":"https:\/\/ednc.secteur-palaiseau.fr\/index.php?rest_route=\/wp\/v2\/media\/6615"}],"wp:attachment":[{"href":"https:\/\/ednc.secteur-palaiseau.fr\/index.php?rest_route=%2Fwp%2Fv2%2Fmedia&parent=6589"}],"wp:term":[{"taxonomy":"category","embeddable":true,"href":"https:\/\/ednc.secteur-palaiseau.fr\/index.php?rest_route=%2Fwp%2Fv2%2Fcategories&post=6589"},{"taxonomy":"post_tag","embeddable":true,"href":"https:\/\/ednc.secteur-palaiseau.fr\/index.php?rest_route=%2Fwp%2Fv2%2Ftags&post=6589"}],"curies":[{"name":"wp","href":"https:\/\/api.w.org\/{rel}","templated":true}]}}