{"id":6518,"date":"2023-06-30T22:30:59","date_gmt":"2023-06-30T20:30:59","guid":{"rendered":"https:\/\/ednc.secteur-palaiseau.fr\/?p=6518"},"modified":"2023-07-02T09:56:27","modified_gmt":"2023-07-02T07:56:27","slug":"kermesse-de-bievres","status":"publish","type":"post","link":"https:\/\/ednc.secteur-palaiseau.fr\/?p=6518","title":{"rendered":"La Kermesse de Bi\u00e8vres"},"content":{"rendered":"\t\t<div data-elementor-type=\"wp-post\" data-elementor-id=\"6518\" class=\"elementor elementor-6518\">\n\t\t\t\t\t\t\t\t\t<section class=\"elementor-section elementor-top-section elementor-element elementor-element-10ab157 elementor-section-boxed elementor-section-height-default elementor-section-height-default\" data-id=\"10ab157\" data-element_type=\"section\">\n\t\t\t\t\t\t<div class=\"elementor-container elementor-column-gap-default\">\n\t\t\t\t\t<div class=\"elementor-column elementor-col-66 elementor-top-column elementor-element elementor-element-2390c5a\" data-id=\"2390c5a\" data-element_type=\"column\">\n\t\t\t<div class=\"elementor-widget-wrap elementor-element-populated\">\n\t\t\t\t\t\t\t\t<div class=\"elementor-element elementor-element-1bfd368 elementor-widget elementor-widget-text-editor\" data-id=\"1bfd368\" data-element_type=\"widget\" data-widget_type=\"text-editor.default\">\n\t\t\t\t<div class=\"elementor-widget-container\">\n\t\t\t\t\t\t\t<p>Arnaud Desbois<\/p>\t\t\t\t\t\t<\/div>\n\t\t\t\t<\/div>\n\t\t\t\t\t<\/div>\n\t\t<\/div>\n\t\t\t\t<div class=\"elementor-column elementor-col-33 elementor-top-column elementor-element elementor-element-aef1993\" data-id=\"aef1993\" data-element_type=\"column\">\n\t\t\t<div class=\"elementor-widget-wrap\">\n\t\t\t\t\t\t\t\t\t<\/div>\n\t\t<\/div>\n\t\t\t\t\t\t\t<\/div>\n\t\t<\/section>\n\t\t\t\t<section class=\"elementor-section elementor-top-section elementor-element elementor-element-4883ce2 elementor-section-boxed elementor-section-height-default elementor-section-height-default\" data-id=\"4883ce2\" data-element_type=\"section\">\n\t\t\t\t\t\t<div class=\"elementor-container elementor-column-gap-default\">\n\t\t\t\t\t<div class=\"elementor-column elementor-col-50 elementor-top-column elementor-element elementor-element-d4d4bdd\" data-id=\"d4d4bdd\" data-element_type=\"column\">\n\t\t\t<div class=\"elementor-widget-wrap elementor-element-populated\">\n\t\t\t\t\t\t\t\t<div class=\"elementor-element elementor-element-8ae06e7 elementor-widget elementor-widget-image\" data-id=\"8ae06e7\" data-element_type=\"widget\" data-widget_type=\"image.default\">\n\t\t\t\t<div class=\"elementor-widget-container\">\n\t\t\t\t\t\t\t\t\t\t\t\t\t\t\t<img decoding=\"async\" loading=\"lazy\" width=\"640\" height=\"480\" src=\"https:\/\/ednc.secteur-palaiseau.fr\/wp-content\/uploads\/2023\/06\/KermesseBievres-2-8x6-1.jpg\" class=\"attachment-large size-large wp-image-6549\" alt=\"\" srcset=\"https:\/\/ednc.secteur-palaiseau.fr\/wp-content\/uploads\/2023\/06\/KermesseBievres-2-8x6-1.jpg 800w, https:\/\/ednc.secteur-palaiseau.fr\/wp-content\/uploads\/2023\/06\/KermesseBievres-2-8x6-1-300x225.jpg 300w, https:\/\/ednc.secteur-palaiseau.fr\/wp-content\/uploads\/2023\/06\/KermesseBievres-2-8x6-1-768x576.jpg 768w\" sizes=\"(max-width: 640px) 100vw, 640px\" \/>\t\t\t\t\t\t\t\t\t\t\t\t\t\t\t<\/div>\n\t\t\t\t<\/div>\n\t\t\t\t\t<\/div>\n\t\t<\/div>\n\t\t\t\t<div class=\"elementor-column elementor-col-50 elementor-top-column elementor-element elementor-element-658b3bf\" data-id=\"658b3bf\" data-element_type=\"column\">\n\t\t\t<div class=\"elementor-widget-wrap elementor-element-populated\">\n\t\t\t\t\t\t\t\t<div class=\"elementor-element elementor-element-1afbc91 elementor-widget elementor-widget-image\" data-id=\"1afbc91\" data-element_type=\"widget\" data-widget_type=\"image.default\">\n\t\t\t\t<div class=\"elementor-widget-container\">\n\t\t\t\t\t\t\t\t\t\t\t\t\t\t\t<img decoding=\"async\" loading=\"lazy\" width=\"640\" height=\"480\" src=\"https:\/\/ednc.secteur-palaiseau.fr\/wp-content\/uploads\/2023\/06\/KermesseBievres-1-8x6-1.jpg\" class=\"attachment-large size-large wp-image-6548\" alt=\"\" srcset=\"https:\/\/ednc.secteur-palaiseau.fr\/wp-content\/uploads\/2023\/06\/KermesseBievres-1-8x6-1.jpg 800w, https:\/\/ednc.secteur-palaiseau.fr\/wp-content\/uploads\/2023\/06\/KermesseBievres-1-8x6-1-300x225.jpg 300w, https:\/\/ednc.secteur-palaiseau.fr\/wp-content\/uploads\/2023\/06\/KermesseBievres-1-8x6-1-768x576.jpg 768w\" sizes=\"(max-width: 640px) 100vw, 640px\" \/>\t\t\t\t\t\t\t\t\t\t\t\t\t\t\t<\/div>\n\t\t\t\t<\/div>\n\t\t\t\t\t<\/div>\n\t\t<\/div>\n\t\t\t\t\t\t\t<\/div>\n\t\t<\/section>\n\t\t\t\t<section class=\"elementor-section elementor-top-section elementor-element elementor-element-3e6819f elementor-section-boxed elementor-section-height-default elementor-section-height-default\" data-id=\"3e6819f\" data-element_type=\"section\">\n\t\t\t\t\t\t<div class=\"elementor-container elementor-column-gap-default\">\n\t\t\t\t\t<div class=\"elementor-column elementor-col-50 elementor-top-column elementor-element elementor-element-dd0de47\" data-id=\"dd0de47\" data-element_type=\"column\">\n\t\t\t<div class=\"elementor-widget-wrap elementor-element-populated\">\n\t\t\t\t\t\t\t\t<div class=\"elementor-element elementor-element-3e19233 elementor-widget elementor-widget-text-editor\" data-id=\"3e19233\" data-element_type=\"widget\" data-widget_type=\"text-editor.default\">\n\t\t\t\t<div class=\"elementor-widget-container\">\n\t\t\t\t\t\t\t<div>Gros succ\u00e8s pour la kermesse de Bi\u00e8vres organis\u00e9e le 14 mai par l\u2019association paroissiale \u00ab l\u2019Etoile de Bi\u00e8vres \u00bb. Certes, nous avons \u00e9t\u00e9 aid\u00e9s par une m\u00e9t\u00e9o tr\u00e8s agr\u00e9able l\u2019apr\u00e8s-midi mais cette manifestation a n\u00e9cessit\u00e9 environ 80 b\u00e9n\u00e9voles pour tenir les stands, monter et d\u00e9monter les stands, organiser le repas, etc.<\/div><div>Cela fait chaud au coeur de voir toutes ces personnes qui donnent de leur temps pour offrir une apr\u00e8s-midi de d\u00e9tente aux visiteurs.<\/div><div>L\u2019Etoile de Bi\u00e8vres remercie infiniment tous les b\u00e9n\u00e9voles qui ont particip\u00e9 \u00e0 l\u2019organisation de cette manifestation ; ils ont permis une excellente recette. Cet argent est collect\u00e9 au profit de la paroisse pour entretenir les locaux et chauffer l\u2019\u00e9glise l\u2019hivers notamment.<\/div><div>L\u2019Etoile tient \u00e0 remercier en particulier les 3 ukrainiennes et le russe (beau symbole) qui ont tenu le stand maquillage de main de ma\u00eetre ; il n\u2019a pas d\u00e9sempli de toute l\u2019apr\u00e8s-midi.<\/div>\t\t\t\t\t\t<\/div>\n\t\t\t\t<\/div>\n\t\t\t\t\t<\/div>\n\t\t<\/div>\n\t\t\t\t<div class=\"elementor-column elementor-col-50 elementor-top-column elementor-element elementor-element-508ee16\" data-id=\"508ee16\" data-element_type=\"column\">\n\t\t\t<div class=\"elementor-widget-wrap elementor-element-populated\">\n\t\t\t\t\t\t\t\t<div class=\"elementor-element elementor-element-755a947 elementor-widget elementor-widget-image\" data-id=\"755a947\" data-element_type=\"widget\" data-widget_type=\"image.default\">\n\t\t\t\t<div class=\"elementor-widget-container\">\n\t\t\t\t\t\t\t\t\t\t\t\t\t\t\t<img decoding=\"async\" loading=\"lazy\" width=\"800\" height=\"600\" src=\"https:\/\/ednc.secteur-palaiseau.fr\/wp-content\/uploads\/2023\/06\/KermesseBievres-3-8x6-1.jpg\" class=\"attachment-fairy-medium size-fairy-medium wp-image-6550\" alt=\"\" srcset=\"https:\/\/ednc.secteur-palaiseau.fr\/wp-content\/uploads\/2023\/06\/KermesseBievres-3-8x6-1.jpg 800w, https:\/\/ednc.secteur-palaiseau.fr\/wp-content\/uploads\/2023\/06\/KermesseBievres-3-8x6-1-300x225.jpg 300w, https:\/\/ednc.secteur-palaiseau.fr\/wp-content\/uploads\/2023\/06\/KermesseBievres-3-8x6-1-768x576.jpg 768w\" sizes=\"(max-width: 800px) 100vw, 800px\" \/>\t\t\t\t\t\t\t\t\t\t\t\t\t\t\t<\/div>\n\t\t\t\t<\/div>\n\t\t\t\t\t<\/div>\n\t\t<\/div>\n\t\t\t\t\t\t\t<\/div>\n\t\t<\/section>\n\t\t\t\t\t\t\t<\/div>\n\t\t","protected":false},"excerpt":{"rendered":"<p>Arnaud Desbois <\/p>\n<p>Cela fait chaud au coeur de voir toutes ces personnes qui donnent de leur temps pour offrir une apr\u00e8s-midi de d\u00e9tente aux visiteurs.<\/p>\n","protected":false},"author":6,"featured_media":6537,"comment_status":"closed","ping_status":"closed","sticky":false,"template":"","format":"standard","meta":{"footnotes":""},"categories":[9],"tags":[],"_links":{"self":[{"href":"https:\/\/ednc.secteur-palaiseau.fr\/index.php?rest_route=\/wp\/v2\/posts\/6518"}],"collection":[{"href":"https:\/\/ednc.secteur-palaiseau.fr\/index.php?rest_route=\/wp\/v2\/posts"}],"about":[{"href":"https:\/\/ednc.secteur-palaiseau.fr\/index.php?rest_route=\/wp\/v2\/types\/post"}],"author":[{"embeddable":true,"href":"https:\/\/ednc.secteur-palaiseau.fr\/index.php?rest_route=\/wp\/v2\/users\/6"}],"replies":[{"embeddable":true,"href":"https:\/\/ednc.secteur-palaiseau.fr\/index.php?rest_route=%2Fwp%2Fv2%2Fcomments&post=6518"}],"version-history":[{"count":37,"href":"https:\/\/ednc.secteur-palaiseau.fr\/index.php?rest_route=\/wp\/v2\/posts\/6518\/revisions"}],"predecessor-version":[{"id":6563,"href":"https:\/\/ednc.secteur-palaiseau.fr\/index.php?rest_route=\/wp\/v2\/posts\/6518\/revisions\/6563"}],"wp:featuredmedia":[{"embeddable":true,"href":"https:\/\/ednc.secteur-palaiseau.fr\/index.php?rest_route=\/wp\/v2\/media\/6537"}],"wp:attachment":[{"href":"https:\/\/ednc.secteur-palaiseau.fr\/index.php?rest_route=%2Fwp%2Fv2%2Fmedia&parent=6518"}],"wp:term":[{"taxonomy":"category","embeddable":true,"href":"https:\/\/ednc.secteur-palaiseau.fr\/index.php?rest_route=%2Fwp%2Fv2%2Fcategories&post=6518"},{"taxonomy":"post_tag","embeddable":true,"href":"https:\/\/ednc.secteur-palaiseau.fr\/index.php?rest_route=%2Fwp%2Fv2%2Ftags&post=6518"}],"curies":[{"name":"wp","href":"https:\/\/api.w.org\/{rel}","templated":true}]}}