{"id":6297,"date":"2023-06-30T16:00:24","date_gmt":"2023-06-30T14:00:24","guid":{"rendered":"https:\/\/ednc.secteur-palaiseau.fr\/?p=6297"},"modified":"2023-07-02T09:56:28","modified_gmt":"2023-07-02T07:56:28","slug":"centenaire-de-la-pose-de-la-1ere-pierre-a-lozere","status":"publish","type":"post","link":"https:\/\/ednc.secteur-palaiseau.fr\/?p=6297","title":{"rendered":"Centenaire de la pose de la 1\u00e8re pierre \u00e0 Loz\u00e8re"},"content":{"rendered":"\t\t<div data-elementor-type=\"wp-post\" data-elementor-id=\"6297\" class=\"elementor elementor-6297\">\n\t\t\t\t\t\t\t\t\t<section class=\"elementor-section elementor-top-section elementor-element elementor-element-058b750 elementor-section-boxed elementor-section-height-default elementor-section-height-default\" data-id=\"058b750\" data-element_type=\"section\">\n\t\t\t\t\t\t<div class=\"elementor-container elementor-column-gap-default\">\n\t\t\t\t\t<div class=\"elementor-column elementor-col-100 elementor-top-column elementor-element elementor-element-b86b2d9\" data-id=\"b86b2d9\" data-element_type=\"column\">\n\t\t\t<div class=\"elementor-widget-wrap elementor-element-populated\">\n\t\t\t\t\t\t\t\t<div class=\"elementor-element elementor-element-5bb769c elementor-widget elementor-widget-text-editor\" data-id=\"5bb769c\" data-element_type=\"widget\" data-widget_type=\"text-editor.default\">\n\t\t\t\t<div class=\"elementor-widget-container\">\n\t\t\t\t\t\t\t<p><em><strong>Jacqueline Bizet et Jean-Louis Coullon<\/strong><\/em><\/p><p>Le 3 juin 2023, nous avons c\u00e9l\u00e9br\u00e9 le centenaire de la pose de la premi\u00e8re pierre de l\u2019\u00e9glise de la Nativit\u00e9 de Ste Marie \u00e0 Loz\u00e8re. Pour ceux qui ont manqu\u00e9 cet \u00e9v\u00e8nement, il est int\u00e9ressant de revenir sur ce moment historique qui fut si important pour les paroissiens de Loz\u00e8re et des environs.<\/p>\t\t\t\t\t\t<\/div>\n\t\t\t\t<\/div>\n\t\t\t\t\t<\/div>\n\t\t<\/div>\n\t\t\t\t\t\t\t<\/div>\n\t\t<\/section>\n\t\t\t\t<section class=\"elementor-section elementor-top-section elementor-element elementor-element-fb280c3 elementor-section-boxed elementor-section-height-default elementor-section-height-default\" data-id=\"fb280c3\" data-element_type=\"section\">\n\t\t\t\t\t\t<div class=\"elementor-container elementor-column-gap-default\">\n\t\t\t\t\t<div class=\"elementor-column elementor-col-50 elementor-top-column elementor-element elementor-element-2aa3011\" data-id=\"2aa3011\" data-element_type=\"column\">\n\t\t\t<div class=\"elementor-widget-wrap elementor-element-populated\">\n\t\t\t\t\t\t\t\t<div class=\"elementor-element elementor-element-39997fe elementor-widget elementor-widget-text-editor\" data-id=\"39997fe\" data-element_type=\"widget\" data-widget_type=\"text-editor.default\">\n\t\t\t\t<div class=\"elementor-widget-container\">\n\t\t\t\t\t\t\t<p>Nous sommes \u00e0 la fin du XIX<sup>\u00e8me<\/sup> si\u00e8cle, le hameau de Loz\u00e8re compte 130 habitants et dispose d\u2019une petite chapelle nomm\u00e9e Sainte-Ren\u00e9e, situ\u00e9e pr\u00e8s du square du c\u00e8dre, mais elle n\u2019est pas consacr\u00e9e et on ne peut pas y c\u00e9l\u00e9brer la messe.<\/p><p><span style=\"font-family: var( --e-global-typography-text-font-family ), Sans-serif; font-weight: var( --e-global-typography-text-font-weight ); font-size: 1rem;\">Pour pratiquer leur religion, l<\/span>es catholiques se rendent \u00e0 l\u2019\u00e9glise Saint-Martin de Palaiseau, distante de 3 km..<\/p>\t\t\t\t\t\t<\/div>\n\t\t\t\t<\/div>\n\t\t\t\t\t<\/div>\n\t\t<\/div>\n\t\t\t\t<div class=\"elementor-column elementor-col-50 elementor-top-column elementor-element elementor-element-e4dab26\" data-id=\"e4dab26\" data-element_type=\"column\">\n\t\t\t<div class=\"elementor-widget-wrap elementor-element-populated\">\n\t\t\t\t\t\t\t\t<div class=\"elementor-element elementor-element-d09027b elementor-widget elementor-widget-image\" data-id=\"d09027b\" data-element_type=\"widget\" data-widget_type=\"image.default\">\n\t\t\t\t<div class=\"elementor-widget-container\">\n\t\t\t\t\t\t\t\t\t\t\t\t\t\t\t<img decoding=\"async\" loading=\"lazy\" width=\"640\" height=\"419\" src=\"https:\/\/ednc.secteur-palaiseau.fr\/wp-content\/uploads\/2023\/06\/SteRenee-1024x670.jpg\" class=\"attachment-large size-large wp-image-6303\" alt=\"\" srcset=\"https:\/\/ednc.secteur-palaiseau.fr\/wp-content\/uploads\/2023\/06\/SteRenee-1024x670.jpg 1024w, https:\/\/ednc.secteur-palaiseau.fr\/wp-content\/uploads\/2023\/06\/SteRenee-300x196.jpg 300w, https:\/\/ednc.secteur-palaiseau.fr\/wp-content\/uploads\/2023\/06\/SteRenee-768x503.jpg 768w, https:\/\/ednc.secteur-palaiseau.fr\/wp-content\/uploads\/2023\/06\/SteRenee-1536x1005.jpg 1536w, https:\/\/ednc.secteur-palaiseau.fr\/wp-content\/uploads\/2023\/06\/SteRenee-2048x1340.jpg 2048w\" sizes=\"(max-width: 640px) 100vw, 640px\" \/>\t\t\t\t\t\t\t\t\t\t\t\t\t\t\t<\/div>\n\t\t\t\t<\/div>\n\t\t\t\t\t<\/div>\n\t\t<\/div>\n\t\t\t\t\t\t\t<\/div>\n\t\t<\/section>\n\t\t\t\t<section class=\"elementor-section elementor-top-section elementor-element elementor-element-483d442 elementor-section-boxed elementor-section-height-default elementor-section-height-default\" data-id=\"483d442\" data-element_type=\"section\">\n\t\t\t\t\t\t<div class=\"elementor-container elementor-column-gap-default\">\n\t\t\t\t\t<div class=\"elementor-column elementor-col-100 elementor-top-column elementor-element elementor-element-65532ad\" data-id=\"65532ad\" data-element_type=\"column\">\n\t\t\t<div class=\"elementor-widget-wrap elementor-element-populated\">\n\t\t\t\t\t\t\t\t<div class=\"elementor-element elementor-element-60d8609 elementor-widget elementor-widget-text-editor\" data-id=\"60d8609\" data-element_type=\"widget\" data-widget_type=\"text-editor.default\">\n\t\t\t\t<div class=\"elementor-widget-container\">\n\t\t\t\t\t\t\t<p class=\"Textbody\" style=\"text-align: justify; text-justify: inter-ideograph;\">Un projet d\u2019\u00e9dification d\u2019un lieu de culte \u00e0 Loz\u00e8re, sur un terrain donn\u00e9 par une paroissienne, avait \u00e9t\u00e9 \u00e9bauch\u00e9 en 1914, mais fut arr\u00eat\u00e9 par quatre ann\u00e9es de guerre. En ce d\u00e9but des ann\u00e9es 1920, la population augmente avec la cr\u00e9ation de nouveaux lotissements, et va bient\u00f4t d\u00e9passer un millier d\u2019habitants. En 1921, l\u2019abb\u00e9 G\u00e9an, cur\u00e9 de Palaiseau, organise une r\u00e9union dans la salle du Caf\u00e9 de la gare de Loz\u00e8re et dit \u00e0 ses paroissiens\u00a0:<\/p><p class=\"Textbody\" style=\"text-align: justify; text-justify: inter-ideograph;\"><span style=\"color: #000000;\"><strong><i>\u00ab\u00a0 Loz\u00e8re dispose d\u2019une \u00e9cole et d\u2019une gare. C\u2019est une cit\u00e9 naissante. Pourquoi n\u2019aurait-elle pas son \u00e9glise\u00a0?\u00a0\u00bb<\/i><\/strong><\/span><\/p><p class=\"Textbody\" style=\"text-align: justify; text-justify: inter-ideograph;\">Pour financer cette construction l\u2019abb\u00e9 G\u00e9an n\u2019h\u00e9sitera pas \u00e0 multiplier les d\u00e9marches et \u00e0 prononcer 77 sermons dans 21 paroisses environnantes\u00a0!<\/p><p>Et le 3 juin 1923, il y a exactement 100 ans, par une belle journ\u00e9e ensoleill\u00e9e, et devant deux mille personnes, la premi\u00e8re pierre est pos\u00e9e et b\u00e9nie par le chanoine Imbert, vicaire g\u00e9n\u00e9ral de Versailles.<\/p>\t\t\t\t\t\t<\/div>\n\t\t\t\t<\/div>\n\t\t\t\t\t<\/div>\n\t\t<\/div>\n\t\t\t\t\t\t\t<\/div>\n\t\t<\/section>\n\t\t\t\t<section class=\"elementor-section elementor-top-section elementor-element elementor-element-3d46f47 elementor-section-boxed elementor-section-height-default elementor-section-height-default\" data-id=\"3d46f47\" data-element_type=\"section\">\n\t\t\t\t\t\t<div class=\"elementor-container elementor-column-gap-default\">\n\t\t\t\t\t<div class=\"elementor-column elementor-col-50 elementor-top-column elementor-element elementor-element-453e4a3\" data-id=\"453e4a3\" data-element_type=\"column\">\n\t\t\t<div class=\"elementor-widget-wrap elementor-element-populated\">\n\t\t\t\t\t\t\t\t<div class=\"elementor-element elementor-element-7005c03 elementor-widget elementor-widget-text-editor\" data-id=\"7005c03\" data-element_type=\"widget\" data-widget_type=\"text-editor.default\">\n\t\t\t\t<div class=\"elementor-widget-container\">\n\t\t\t\t\t\t\t<p>\u00a0<\/p><p><em>\u00ab\u00a0 Tout \u00e9tait au point dans ce magnifique d\u00e9cor\u00a0: une foule empress\u00e9e et recueillie, un ordre parfait dans les c\u00e9r\u00e9monies, une atmosph\u00e8re religieuse secou\u00e9e seulement \u00e0 deux reprises par les applaudissements. B\u00e9n\u00e9diction de la pierre angulaire, b\u00e9n\u00e9diction de l\u2019emplacement du futur autel et du pourtour des fondations. Les accents de l\u2019excellente fanfare de Saulx-les-Chartreux se firent entendre au d\u00e9but et \u00e0 la fin de la c\u00e9r\u00e9monie.<\/em><\/p><p><em>Pour cl\u00f4turer ce bel ensemble, la b\u00e9n\u00e9diction papale fut donn\u00e9e \u00e0 tous les assistants. Chacun voulut alors frapper avec le marteau sacr\u00e9 la magnifique pierre angulaire et emporter en m\u00eame temps une image-souvenir de cette saisissante c\u00e9r\u00e9monie\u00a0\u00bb<\/em><\/p><p><em>(extrait de l\u2019hebdomadaire Semeur)<\/em><\/p>\t\t\t\t\t\t<\/div>\n\t\t\t\t<\/div>\n\t\t\t\t\t<\/div>\n\t\t<\/div>\n\t\t\t\t<div class=\"elementor-column elementor-col-50 elementor-top-column elementor-element elementor-element-2b235ca\" data-id=\"2b235ca\" data-element_type=\"column\">\n\t\t\t<div class=\"elementor-widget-wrap elementor-element-populated\">\n\t\t\t\t\t\t\t\t<div class=\"elementor-element elementor-element-db84f30 elementor-widget elementor-widget-image\" data-id=\"db84f30\" data-element_type=\"widget\" data-widget_type=\"image.default\">\n\t\t\t\t<div class=\"elementor-widget-container\">\n\t\t\t\t\t\t\t\t\t\t\t\t\t\t\t<img decoding=\"async\" loading=\"lazy\" width=\"640\" height=\"414\" src=\"https:\/\/ednc.secteur-palaiseau.fr\/wp-content\/uploads\/2023\/06\/1erePierre-1024x663.jpg\" class=\"attachment-large size-large wp-image-6299\" alt=\"\" srcset=\"https:\/\/ednc.secteur-palaiseau.fr\/wp-content\/uploads\/2023\/06\/1erePierre-1024x663.jpg 1024w, https:\/\/ednc.secteur-palaiseau.fr\/wp-content\/uploads\/2023\/06\/1erePierre-300x194.jpg 300w, https:\/\/ednc.secteur-palaiseau.fr\/wp-content\/uploads\/2023\/06\/1erePierre-768x497.jpg 768w, https:\/\/ednc.secteur-palaiseau.fr\/wp-content\/uploads\/2023\/06\/1erePierre-1536x995.jpg 1536w, https:\/\/ednc.secteur-palaiseau.fr\/wp-content\/uploads\/2023\/06\/1erePierre-2048x1326.jpg 2048w, https:\/\/ednc.secteur-palaiseau.fr\/wp-content\/uploads\/2023\/06\/1erePierre-scaled-e1687714857688.jpg 290w\" sizes=\"(max-width: 640px) 100vw, 640px\" \/>\t\t\t\t\t\t\t\t\t\t\t\t\t\t\t<\/div>\n\t\t\t\t<\/div>\n\t\t\t\t\t<\/div>\n\t\t<\/div>\n\t\t\t\t\t\t\t<\/div>\n\t\t<\/section>\n\t\t\t\t<section class=\"elementor-section elementor-top-section elementor-element elementor-element-c3258fe elementor-section-boxed elementor-section-height-default elementor-section-height-default\" data-id=\"c3258fe\" data-element_type=\"section\">\n\t\t\t\t\t\t<div class=\"elementor-container elementor-column-gap-default\">\n\t\t\t\t\t<div class=\"elementor-column elementor-col-100 elementor-top-column elementor-element elementor-element-0048d3c\" data-id=\"0048d3c\" data-element_type=\"column\">\n\t\t\t<div class=\"elementor-widget-wrap elementor-element-populated\">\n\t\t\t\t\t\t\t\t<div class=\"elementor-element elementor-element-72c5576 elementor-widget elementor-widget-text-editor\" data-id=\"72c5576\" data-element_type=\"widget\" data-widget_type=\"text-editor.default\">\n\t\t\t\t<div class=\"elementor-widget-container\">\n\t\t\t\t\t\t\t<p class=\"Textbody\" style=\"text-align: justify; text-justify: inter-ideograph;\">Le chanoine Imbert ajouta :<\/p><p class=\"Textbody\" style=\"text-align: justify; text-justify: inter-ideograph;\"><span style=\"color: #000000;\"><strong><i>\u00ab\u00a0Ayez confiance : la premi\u00e8re pierre est bien trouv\u00e9e, la premi\u00e8re pierre est bien scell\u00e9e, les autres viendront. Vous aurez bient\u00f4t votre chapelle.\u00a0\u00bb<\/i><\/strong><\/span><\/p><p>Cette premi\u00e8re pierre est visible\u00a0dans le choeur de l\u2019\u00e9glise\u00a0(sur la gauche), ainsi que depuis l&rsquo;ext\u00e9rieur, \u00e0 partir de l&rsquo;avenue Marceau.<\/p>\t\t\t\t\t\t<\/div>\n\t\t\t\t<\/div>\n\t\t\t\t\t<\/div>\n\t\t<\/div>\n\t\t\t\t\t\t\t<\/div>\n\t\t<\/section>\n\t\t\t\t<section class=\"elementor-section elementor-top-section elementor-element elementor-element-3a1ec29 elementor-section-boxed elementor-section-height-default elementor-section-height-default\" data-id=\"3a1ec29\" data-element_type=\"section\">\n\t\t\t\t\t\t<div class=\"elementor-container elementor-column-gap-default\">\n\t\t\t\t\t<div class=\"elementor-column elementor-col-50 elementor-top-column elementor-element elementor-element-a1cf90d\" data-id=\"a1cf90d\" data-element_type=\"column\">\n\t\t\t<div class=\"elementor-widget-wrap elementor-element-populated\">\n\t\t\t\t\t\t\t\t<div class=\"elementor-element elementor-element-306f722 elementor-widget elementor-widget-image\" data-id=\"306f722\" data-element_type=\"widget\" data-widget_type=\"image.default\">\n\t\t\t\t<div class=\"elementor-widget-container\">\n\t\t\t\t\t\t\t\t\t\t\t\t\t\t\t<img decoding=\"async\" loading=\"lazy\" width=\"263\" height=\"300\" src=\"https:\/\/ednc.secteur-palaiseau.fr\/wp-content\/uploads\/2023\/06\/Pierre_int-263x300.jpg\" class=\"attachment-medium size-medium wp-image-6302\" alt=\"\" srcset=\"https:\/\/ednc.secteur-palaiseau.fr\/wp-content\/uploads\/2023\/06\/Pierre_int-263x300.jpg 263w, https:\/\/ednc.secteur-palaiseau.fr\/wp-content\/uploads\/2023\/06\/Pierre_int-896x1024.jpg 896w, https:\/\/ednc.secteur-palaiseau.fr\/wp-content\/uploads\/2023\/06\/Pierre_int-768x877.jpg 768w, https:\/\/ednc.secteur-palaiseau.fr\/wp-content\/uploads\/2023\/06\/Pierre_int-1345x1536.jpg 1345w, https:\/\/ednc.secteur-palaiseau.fr\/wp-content\/uploads\/2023\/06\/Pierre_int-1793x2048.jpg 1793w, https:\/\/ednc.secteur-palaiseau.fr\/wp-content\/uploads\/2023\/06\/Pierre_int.jpg 1968w\" sizes=\"(max-width: 263px) 100vw, 263px\" \/>\t\t\t\t\t\t\t\t\t\t\t\t\t\t\t<\/div>\n\t\t\t\t<\/div>\n\t\t\t\t\t<\/div>\n\t\t<\/div>\n\t\t\t\t<div class=\"elementor-column elementor-col-50 elementor-top-column elementor-element elementor-element-81c0e43\" data-id=\"81c0e43\" data-element_type=\"column\">\n\t\t\t<div class=\"elementor-widget-wrap elementor-element-populated\">\n\t\t\t\t\t\t\t\t<div class=\"elementor-element elementor-element-bd943e1 elementor-widget elementor-widget-image\" data-id=\"bd943e1\" data-element_type=\"widget\" data-widget_type=\"image.default\">\n\t\t\t\t<div class=\"elementor-widget-container\">\n\t\t\t\t\t\t\t\t\t\t\t\t\t\t\t<img decoding=\"async\" loading=\"lazy\" width=\"253\" height=\"241\" src=\"https:\/\/ednc.secteur-palaiseau.fr\/wp-content\/uploads\/2023\/06\/Pierre_ext.jpg\" class=\"attachment-medium size-medium wp-image-6301\" alt=\"\" \/>\t\t\t\t\t\t\t\t\t\t\t\t\t\t\t<\/div>\n\t\t\t\t<\/div>\n\t\t\t\t\t<\/div>\n\t\t<\/div>\n\t\t\t\t\t\t\t<\/div>\n\t\t<\/section>\n\t\t\t\t<section class=\"elementor-section elementor-top-section elementor-element elementor-element-0e1f892 elementor-section-boxed elementor-section-height-default elementor-section-height-default\" data-id=\"0e1f892\" data-element_type=\"section\">\n\t\t\t\t\t\t<div class=\"elementor-container elementor-column-gap-default\">\n\t\t\t\t\t<div class=\"elementor-column elementor-col-33 elementor-top-column elementor-element elementor-element-e83148e\" data-id=\"e83148e\" data-element_type=\"column\">\n\t\t\t<div class=\"elementor-widget-wrap elementor-element-populated\">\n\t\t\t\t\t\t\t\t<div class=\"elementor-element elementor-element-3454ca4 elementor-widget elementor-widget-text-editor\" data-id=\"3454ca4\" data-element_type=\"widget\" data-widget_type=\"text-editor.default\">\n\t\t\t\t<div class=\"elementor-widget-container\">\n\t\t\t\t\t\t\t<p align=\"center\">\u00a0<\/p><p align=\"center\">\u00a0<\/p><p class=\"TableContents\" style=\"text-align: center;\" align=\"center\">Une autre vue de la c\u00e9r\u00e9monie du 3 juin 1923.<\/p><p class=\"TableContents\" style=\"text-align: center;\" align=\"center\">\u00a9 Photographie Lef\u00e8vre (Orsay)<\/p>\t\t\t\t\t\t<\/div>\n\t\t\t\t<\/div>\n\t\t\t\t\t<\/div>\n\t\t<\/div>\n\t\t\t\t<div class=\"elementor-column elementor-col-66 elementor-top-column elementor-element elementor-element-af23ce9\" data-id=\"af23ce9\" data-element_type=\"column\">\n\t\t\t<div class=\"elementor-widget-wrap elementor-element-populated\">\n\t\t\t\t\t\t\t\t<div class=\"elementor-element elementor-element-879f458 elementor-widget elementor-widget-image\" data-id=\"879f458\" data-element_type=\"widget\" data-widget_type=\"image.default\">\n\t\t\t\t<div class=\"elementor-widget-container\">\n\t\t\t\t\t\t\t\t\t\t\t\t\t\t\t<img decoding=\"async\" loading=\"lazy\" width=\"640\" height=\"469\" src=\"https:\/\/ednc.secteur-palaiseau.fr\/wp-content\/uploads\/2023\/06\/1erePierre_2-1024x750.jpg\" class=\"attachment-large size-large wp-image-6300\" alt=\"\" srcset=\"https:\/\/ednc.secteur-palaiseau.fr\/wp-content\/uploads\/2023\/06\/1erePierre_2-1024x750.jpg 1024w, https:\/\/ednc.secteur-palaiseau.fr\/wp-content\/uploads\/2023\/06\/1erePierre_2-300x220.jpg 300w, https:\/\/ednc.secteur-palaiseau.fr\/wp-content\/uploads\/2023\/06\/1erePierre_2-768x563.jpg 768w, https:\/\/ednc.secteur-palaiseau.fr\/wp-content\/uploads\/2023\/06\/1erePierre_2.jpg 1092w\" sizes=\"(max-width: 640px) 100vw, 640px\" \/>\t\t\t\t\t\t\t\t\t\t\t\t\t\t\t<\/div>\n\t\t\t\t<\/div>\n\t\t\t\t\t<\/div>\n\t\t<\/div>\n\t\t\t\t\t\t\t<\/div>\n\t\t<\/section>\n\t\t\t\t<section class=\"elementor-section elementor-top-section elementor-element elementor-element-dae5b4c elementor-section-boxed elementor-section-height-default elementor-section-height-default\" data-id=\"dae5b4c\" data-element_type=\"section\">\n\t\t\t\t\t\t<div class=\"elementor-container elementor-column-gap-default\">\n\t\t\t\t\t<div class=\"elementor-column elementor-col-100 elementor-top-column elementor-element elementor-element-64408b1\" data-id=\"64408b1\" data-element_type=\"column\">\n\t\t\t<div class=\"elementor-widget-wrap elementor-element-populated\">\n\t\t\t\t\t\t\t\t<div class=\"elementor-element elementor-element-ca9228e elementor-widget elementor-widget-text-editor\" data-id=\"ca9228e\" data-element_type=\"widget\" data-widget_type=\"text-editor.default\">\n\t\t\t\t<div class=\"elementor-widget-container\">\n\t\t\t\t\t\t\t<p>Quinze mois plus tard, le 7 septembre 1924, jour proche de la f\u00eate de la Nativit\u00e9 de Notre-Dame, cette chapelle sera b\u00e9nie et consacr\u00e9e. Nous aurons l\u2019occasion de f\u00eater le centenaire de ce deuxi\u00e8me \u00e9v\u00e9nement le 8 septembre 2024.<\/p><p>Jacqueline Bizet.<\/p><p>\u00a0<\/p><p class=\"Textbody\" style=\"text-align: justify; text-justify: inter-ideograph;\">\u00a0<\/p>\t\t\t\t\t\t<\/div>\n\t\t\t\t<\/div>\n\t\t\t\t\t<\/div>\n\t\t<\/div>\n\t\t\t\t\t\t\t<\/div>\n\t\t<\/section>\n\t\t\t\t<section class=\"elementor-section elementor-top-section elementor-element elementor-element-fd9c92a elementor-section-boxed elementor-section-height-default elementor-section-height-default\" data-id=\"fd9c92a\" data-element_type=\"section\">\n\t\t\t\t\t\t<div class=\"elementor-container elementor-column-gap-default\">\n\t\t\t\t\t<div class=\"elementor-column elementor-col-100 elementor-top-column elementor-element elementor-element-04f4206\" data-id=\"04f4206\" data-element_type=\"column\">\n\t\t\t<div class=\"elementor-widget-wrap elementor-element-populated\">\n\t\t\t\t\t\t\t\t<div class=\"elementor-element elementor-element-8b8e70e elementor-widget-divider--view-line elementor-widget elementor-widget-divider\" data-id=\"8b8e70e\" data-element_type=\"widget\" data-widget_type=\"divider.default\">\n\t\t\t\t<div class=\"elementor-widget-container\">\n\t\t\t\t\t<div class=\"elementor-divider\">\n\t\t\t<span class=\"elementor-divider-separator\">\n\t\t\t\t\t\t<\/span>\n\t\t<\/div>\n\t\t\t\t<\/div>\n\t\t\t\t<\/div>\n\t\t\t\t\t<\/div>\n\t\t<\/div>\n\t\t\t\t\t\t\t<\/div>\n\t\t<\/section>\n\t\t\t\t<section class=\"elementor-section elementor-top-section elementor-element elementor-element-35a4617 elementor-section-boxed elementor-section-height-default elementor-section-height-default\" data-id=\"35a4617\" data-element_type=\"section\">\n\t\t\t\t\t\t<div class=\"elementor-container elementor-column-gap-default\">\n\t\t\t\t\t<div class=\"elementor-column elementor-col-100 elementor-top-column elementor-element elementor-element-5135930\" data-id=\"5135930\" data-element_type=\"column\">\n\t\t\t<div class=\"elementor-widget-wrap elementor-element-populated\">\n\t\t\t\t\t\t\t\t<div class=\"elementor-element elementor-element-04d36e4 elementor-widget elementor-widget-text-editor\" data-id=\"04d36e4\" data-element_type=\"widget\" data-widget_type=\"text-editor.default\">\n\t\t\t\t<div class=\"elementor-widget-container\">\n\t\t\t\t\t\t\t<p class=\"Textbody\"><i>Un livre est actuellement en pr\u00e9paration pour raconter l\u2019histoire de cette \u00e9glise\u00a0: les b\u00e2timents bien s\u00fbr, mais surtout la vie paroissiale et son \u00e9volution. Si vous avez des documents, photographies, ou tout simplement des souvenirs \u00e0 ce sujet, merci par avance de bien vouloir contacter\u00a0:<\/i><\/p><p class=\"Textbody\"><i><a href=\"mailto:jacq.bizet@wanadoo.fr\">jacq.bizet@wanadoo.fr<\/a>\u00a0ou t\u00e9l\u00a0: 06 47 74 75 75<\/i><\/p>\t\t\t\t\t\t<\/div>\n\t\t\t\t<\/div>\n\t\t\t\t\t<\/div>\n\t\t<\/div>\n\t\t\t\t\t\t\t<\/div>\n\t\t<\/section>\n\t\t\t\t\t\t\t<\/div>\n\t\t","protected":false},"excerpt":{"rendered":"<p>Jacqueline Bizet et Jean-Louis Coullon<\/p>\n<p>Le 3 juin 2023, nous avons c\u00e9l\u00e9br\u00e9 le centenaire de la pose de la premi\u00e8re pierre de l\u2019\u00e9glise de la Nativit\u00e9 de Ste Marie \u00e0 Loz\u00e8re. Pour ceux qui ont manqu\u00e9 cet \u00e9v\u00e8nement, il est int\u00e9ressant de revenir sur ce moment historique qui fut si important pour les paroissiens de Loz\u00e8re et des environs.<\/p>\n","protected":false},"author":9,"featured_media":6299,"comment_status":"closed","ping_status":"closed","sticky":false,"template":"","format":"standard","meta":{"footnotes":""},"categories":[8],"tags":[],"_links":{"self":[{"href":"https:\/\/ednc.secteur-palaiseau.fr\/index.php?rest_route=\/wp\/v2\/posts\/6297"}],"collection":[{"href":"https:\/\/ednc.secteur-palaiseau.fr\/index.php?rest_route=\/wp\/v2\/posts"}],"about":[{"href":"https:\/\/ednc.secteur-palaiseau.fr\/index.php?rest_route=\/wp\/v2\/types\/post"}],"author":[{"embeddable":true,"href":"https:\/\/ednc.secteur-palaiseau.fr\/index.php?rest_route=\/wp\/v2\/users\/9"}],"replies":[{"embeddable":true,"href":"https:\/\/ednc.secteur-palaiseau.fr\/index.php?rest_route=%2Fwp%2Fv2%2Fcomments&post=6297"}],"version-history":[{"count":21,"href":"https:\/\/ednc.secteur-palaiseau.fr\/index.php?rest_route=\/wp\/v2\/posts\/6297\/revisions"}],"predecessor-version":[{"id":6867,"href":"https:\/\/ednc.secteur-palaiseau.fr\/index.php?rest_route=\/wp\/v2\/posts\/6297\/revisions\/6867"}],"wp:featuredmedia":[{"embeddable":true,"href":"https:\/\/ednc.secteur-palaiseau.fr\/index.php?rest_route=\/wp\/v2\/media\/6299"}],"wp:attachment":[{"href":"https:\/\/ednc.secteur-palaiseau.fr\/index.php?rest_route=%2Fwp%2Fv2%2Fmedia&parent=6297"}],"wp:term":[{"taxonomy":"category","embeddable":true,"href":"https:\/\/ednc.secteur-palaiseau.fr\/index.php?rest_route=%2Fwp%2Fv2%2Fcategories&post=6297"},{"taxonomy":"post_tag","embeddable":true,"href":"https:\/\/ednc.secteur-palaiseau.fr\/index.php?rest_route=%2Fwp%2Fv2%2Ftags&post=6297"}],"curies":[{"name":"wp","href":"https:\/\/api.w.org\/{rel}","templated":true}]}}