{"id":6256,"date":"2023-06-30T18:00:11","date_gmt":"2023-06-30T16:00:11","guid":{"rendered":"https:\/\/ednc.secteur-palaiseau.fr\/?p=6256"},"modified":"2023-07-02T09:56:28","modified_gmt":"2023-07-02T07:56:28","slug":"la-resurrection-une-esperance-pour-nous-veuve-veuf-avec-le-frere-jean-marie","status":"publish","type":"post","link":"https:\/\/ednc.secteur-palaiseau.fr\/?p=6256","title":{"rendered":"\u00ab\u00a0La r\u00e9surrection, une esp\u00e9rance pour nous veuve, veuf\u00a0\u00bb avec le Fr\u00e8re Jean-Marie"},"content":{"rendered":"\t\t<div data-elementor-type=\"wp-post\" data-elementor-id=\"6256\" class=\"elementor elementor-6256\">\n\t\t\t\t\t\t\t\t\t<section class=\"elementor-section elementor-top-section elementor-element elementor-element-0dc5390 elementor-section-boxed elementor-section-height-default elementor-section-height-default\" data-id=\"0dc5390\" data-element_type=\"section\">\n\t\t\t\t\t\t<div class=\"elementor-container elementor-column-gap-default\">\n\t\t\t\t\t<div class=\"elementor-column elementor-col-100 elementor-top-column elementor-element elementor-element-87e7871\" data-id=\"87e7871\" data-element_type=\"column\">\n\t\t\t<div class=\"elementor-widget-wrap elementor-element-populated\">\n\t\t\t\t\t\t\t\t<div class=\"elementor-element elementor-element-8e98860 elementor-widget elementor-widget-text-editor\" data-id=\"8e98860\" data-element_type=\"widget\" data-widget_type=\"text-editor.default\">\n\t\t\t\t<div class=\"elementor-widget-container\">\n\t\t\t\t\t\t\t<p><em><strong>Philippe Rolland<\/strong><\/em><\/p>\t\t\t\t\t\t<\/div>\n\t\t\t\t<\/div>\n\t\t\t\t\t<\/div>\n\t\t<\/div>\n\t\t\t\t\t\t\t<\/div>\n\t\t<\/section>\n\t\t\t\t<section class=\"elementor-section elementor-top-section elementor-element elementor-element-33331c7 elementor-section-boxed elementor-section-height-default elementor-section-height-default\" data-id=\"33331c7\" data-element_type=\"section\">\n\t\t\t\t\t\t<div class=\"elementor-container elementor-column-gap-default\">\n\t\t\t\t\t<div class=\"elementor-column elementor-col-66 elementor-top-column elementor-element elementor-element-df2ceac\" data-id=\"df2ceac\" data-element_type=\"column\">\n\t\t\t<div class=\"elementor-widget-wrap elementor-element-populated\">\n\t\t\t\t\t\t\t\t<div class=\"elementor-element elementor-element-9f1bb97 elementor-widget elementor-widget-image\" data-id=\"9f1bb97\" data-element_type=\"widget\" data-widget_type=\"image.default\">\n\t\t\t\t<div class=\"elementor-widget-container\">\n\t\t\t\t\t\t\t\t\t\t\t\t\t\t\t<img decoding=\"async\" loading=\"lazy\" width=\"640\" height=\"480\" src=\"https:\/\/ednc.secteur-palaiseau.fr\/wp-content\/uploads\/2023\/06\/20230402_Rencontre-Esperance-et-vie-JM-Burnod-2-1024x768.jpg\" class=\"attachment-large size-large wp-image-6258\" alt=\"\" srcset=\"https:\/\/ednc.secteur-palaiseau.fr\/wp-content\/uploads\/2023\/06\/20230402_Rencontre-Esperance-et-vie-JM-Burnod-2-1024x768.jpg 1024w, https:\/\/ednc.secteur-palaiseau.fr\/wp-content\/uploads\/2023\/06\/20230402_Rencontre-Esperance-et-vie-JM-Burnod-2-300x225.jpg 300w, https:\/\/ednc.secteur-palaiseau.fr\/wp-content\/uploads\/2023\/06\/20230402_Rencontre-Esperance-et-vie-JM-Burnod-2-768x576.jpg 768w, https:\/\/ednc.secteur-palaiseau.fr\/wp-content\/uploads\/2023\/06\/20230402_Rencontre-Esperance-et-vie-JM-Burnod-2-1536x1152.jpg 1536w, https:\/\/ednc.secteur-palaiseau.fr\/wp-content\/uploads\/2023\/06\/20230402_Rencontre-Esperance-et-vie-JM-Burnod-2-2048x1536.jpg 2048w, https:\/\/ednc.secteur-palaiseau.fr\/wp-content\/uploads\/2023\/06\/20230402_Rencontre-Esperance-et-vie-JM-Burnod-2-800x600.jpg 800w\" sizes=\"(max-width: 640px) 100vw, 640px\" \/>\t\t\t\t\t\t\t\t\t\t\t\t\t\t\t<\/div>\n\t\t\t\t<\/div>\n\t\t\t\t\t<\/div>\n\t\t<\/div>\n\t\t\t\t<div class=\"elementor-column elementor-col-33 elementor-top-column elementor-element elementor-element-f8b5482\" data-id=\"f8b5482\" data-element_type=\"column\">\n\t\t\t<div class=\"elementor-widget-wrap elementor-element-populated\">\n\t\t\t\t\t\t\t\t<div class=\"elementor-element elementor-element-75b43b9 elementor-widget elementor-widget-text-editor\" data-id=\"75b43b9\" data-element_type=\"widget\" data-widget_type=\"text-editor.default\">\n\t\t\t\t<div class=\"elementor-widget-container\">\n\t\t\t\t\t\t\t<p>\u201cCe n\u2019est pas en enseignant que je suis l\u00e0 , mais en mendiant, venu mendier votre amiti\u00e9\u00a0\u00bb\u00a0<br \/>\u00a0C\u2019est ainsi que le fr\u00e8re Jean-Marie s\u2019est pr\u00e9sent\u00e9, avec l\u2019humilit\u00e9 et la tendresse qui le caract\u00e9risent et le rendent si proche et attachant.\u00a0<u><\/u>\u00a0<\/p>\t\t\t\t\t\t<\/div>\n\t\t\t\t<\/div>\n\t\t\t\t\t<\/div>\n\t\t<\/div>\n\t\t\t\t\t\t\t<\/div>\n\t\t<\/section>\n\t\t\t\t<section class=\"elementor-section elementor-top-section elementor-element elementor-element-61fa9da elementor-section-boxed elementor-section-height-default elementor-section-height-default\" data-id=\"61fa9da\" data-element_type=\"section\">\n\t\t\t\t\t\t<div class=\"elementor-container elementor-column-gap-default\">\n\t\t\t\t\t<div class=\"elementor-column elementor-col-100 elementor-top-column elementor-element elementor-element-ce2cd7b\" data-id=\"ce2cd7b\" data-element_type=\"column\">\n\t\t\t<div class=\"elementor-widget-wrap elementor-element-populated\">\n\t\t\t\t\t\t\t\t<div class=\"elementor-element elementor-element-e5edfe9 elementor-widget elementor-widget-text-editor\" data-id=\"e5edfe9\" data-element_type=\"widget\" data-widget_type=\"text-editor.default\">\n\t\t\t\t<div class=\"elementor-widget-container\">\n\t\t\t\t\t\t\t<p style=\"font-weight: 400;\">C\u2019est ainsi que pendant cet apr\u00e8s-midi du 2 avril, il est venu faire un bout de chemin avec nous sur le th\u00e8me de la\u00a0<strong>R\u00e9surrection<\/strong>\u00a0avec le groupe\u00a0<strong>Esp\u00e9rance et<\/strong>\u00a0Vie , groupe de\u00a0<strong>soutien aux veuves et veufs<\/strong>\u00a0de tous \u00e2ges, une bonne vingtaine de personnes venues des dioc\u00e8ses de l\u2019Essonne et de Seine et Marne.\u00a0\u00a0<\/p><p style=\"font-weight: 400;\">Avec beaucoup de d\u00e9licatesse et d\u2019\u00e9merveillement, il a convi\u00e9 \u00e0 cet \u00e9change les philosophes grecs, Teilhard de Chardin, Joseph Moingt , Bernard Sesbou\u00e9 , Fran\u00e7ois Varillon\u2026 mais surtout tous ceux qui ont crois\u00e9 son chemin, Maxime et tant d\u2019autres, pour accueillir les souffrances mais aussi ouvrir une esp\u00e9rance. Il nous a invit\u00e9s \u00e0 nous interroger sur qui nous sommes, \u00eatres humains et enfants d\u2019un Dieu qui par-del\u00e0 la mort entre en relation avec nous dans son corps spirituel, et \u00e0 accueillir pleinement le corps comme le lieu de \u00ab\u00a0relation vivante aux choses et aux autres\u00a0\u00bb, et donc la \u00ab\u00a0corporalit\u00e9 ressuscit\u00e9e, comme tout cet ensemble organique et vivant de relations et d\u2019interd\u00e9pendances, ouvertes sur l\u2019univers, que notre corps a marqu\u00e9 du sceau de sa personnalit\u00e9\u00a0\u00bb.\u00a0\u00a0<\/p><p style=\"font-weight: 400;\">Cet \u00e9change par les mots \u00e9tait aussi un chemin pour accepter que tout ne peut se dire, \u00e0 nous \u00e9mouvoir avec Reiner Maria Rilke que \u00ab\u00a0lorsque j\u2019ai cherch\u00e9 \u00e0 voir l\u2019\u00eatre aim\u00e9 disparu, je l\u2019ai trouv\u00e9 en moi, \u00e9tonn\u00e9 de ne le trouver que l\u00e0\u00a0\u00bb.\u00a0\u00a0<\/p><p style=\"font-weight: 400;\">Ces apports ont nourri les \u00e9changes fraternels et respectueux en petits groupes, o\u00f9 chacun a pu partager ses questions, ses souffrances, ses luttes et son esp\u00e9rance.\u00a0\u00a0\u00a0<\/p><p style=\"font-weight: 400;\">Si vous-m\u00eame qui lisez ces lignes pensez \u00e0 un proche, un voisin, que ce mouvement pourrait aider \u00e0 faire un bout de chemin, n\u2019h\u00e9sitez pas \u00e0 lui proposer.\u00a0\u00a0<\/p><p style=\"font-weight: 400;\">Contact :\u00a0<a href=\"mailto:esperanceetvie.essonne@gmail.com\">esperanceetvie.essonne@gmail.com<\/a>\u00a0\u00a0\u00a0<\/p><p style=\"font-weight: 400;\">Philippe\u00a0:\u00a0\u00a006 85 23 31 08 (le soir, week-end ou par message),\u00a0\u00a0<\/p><p style=\"font-weight: 400;\">Marie France: 06 62 90 59 87 (y compris en journ\u00e9e)\u00a0<\/p>\t\t\t\t\t\t<\/div>\n\t\t\t\t<\/div>\n\t\t\t\t\t<\/div>\n\t\t<\/div>\n\t\t\t\t\t\t\t<\/div>\n\t\t<\/section>\n\t\t\t\t<section class=\"elementor-section elementor-top-section elementor-element elementor-element-5ba8c57 elementor-section-boxed elementor-section-height-default elementor-section-height-default\" data-id=\"5ba8c57\" data-element_type=\"section\">\n\t\t\t\t\t\t<div class=\"elementor-container elementor-column-gap-default\">\n\t\t\t\t\t<div class=\"elementor-column elementor-col-20 elementor-top-column elementor-element elementor-element-1ab3ee1\" data-id=\"1ab3ee1\" data-element_type=\"column\">\n\t\t\t<div class=\"elementor-widget-wrap\">\n\t\t\t\t\t\t\t\t\t<\/div>\n\t\t<\/div>\n\t\t\t\t<div class=\"elementor-column elementor-col-20 elementor-top-column elementor-element elementor-element-f85dfb7\" data-id=\"f85dfb7\" data-element_type=\"column\">\n\t\t\t<div class=\"elementor-widget-wrap\">\n\t\t\t\t\t\t\t\t\t<\/div>\n\t\t<\/div>\n\t\t\t\t<div class=\"elementor-column elementor-col-20 elementor-top-column elementor-element elementor-element-7d927f3\" data-id=\"7d927f3\" data-element_type=\"column\">\n\t\t\t<div class=\"elementor-widget-wrap\">\n\t\t\t\t\t\t\t\t\t<\/div>\n\t\t<\/div>\n\t\t\t\t<div class=\"elementor-column elementor-col-20 elementor-top-column elementor-element elementor-element-70598fe\" data-id=\"70598fe\" data-element_type=\"column\">\n\t\t\t<div class=\"elementor-widget-wrap\">\n\t\t\t\t\t\t\t\t\t<\/div>\n\t\t<\/div>\n\t\t\t\t<div class=\"elementor-column elementor-col-20 elementor-top-column elementor-element elementor-element-4425de9\" data-id=\"4425de9\" data-element_type=\"column\">\n\t\t\t<div class=\"elementor-widget-wrap elementor-element-populated\">\n\t\t\t\t\t\t\t\t<div class=\"elementor-element elementor-element-7d31c49 elementor-widget elementor-widget-image\" data-id=\"7d31c49\" data-element_type=\"widget\" data-widget_type=\"image.default\">\n\t\t\t\t<div class=\"elementor-widget-container\">\n\t\t\t\t\t\t\t\t\t\t\t\t\t\t\t<img decoding=\"async\" loading=\"lazy\" width=\"74\" height=\"15\" src=\"https:\/\/ednc.secteur-palaiseau.fr\/wp-content\/uploads\/2023\/02\/MichelSt.jpg\" class=\"attachment-large size-large wp-image-5920\" alt=\"\" \/>\t\t\t\t\t\t\t\t\t\t\t\t\t\t\t<\/div>\n\t\t\t\t<\/div>\n\t\t\t\t\t<\/div>\n\t\t<\/div>\n\t\t\t\t\t\t\t<\/div>\n\t\t<\/section>\n\t\t\t\t\t\t\t<\/div>\n\t\t","protected":false},"excerpt":{"rendered":"<p>Philippe Rolland<\/p>\n<p>\u201cCe n\u2019est pas en enseignant que je suis l\u00e0 , mais en mendiant, venu mendier votre amiti\u00e9 \u00bb<br \/>\n C\u2019est ainsi que le fr\u00e8re Jean-Marie s\u2019est pr\u00e9sent\u00e9, avec l\u2019humilit\u00e9 et la tendresse qui le caract\u00e9risent et le rendent si proche et attachant.<\/p>\n","protected":false},"author":6,"featured_media":6349,"comment_status":"closed","ping_status":"closed","sticky":false,"template":"","format":"standard","meta":{"footnotes":""},"categories":[4],"tags":[],"_links":{"self":[{"href":"https:\/\/ednc.secteur-palaiseau.fr\/index.php?rest_route=\/wp\/v2\/posts\/6256"}],"collection":[{"href":"https:\/\/ednc.secteur-palaiseau.fr\/index.php?rest_route=\/wp\/v2\/posts"}],"about":[{"href":"https:\/\/ednc.secteur-palaiseau.fr\/index.php?rest_route=\/wp\/v2\/types\/post"}],"author":[{"embeddable":true,"href":"https:\/\/ednc.secteur-palaiseau.fr\/index.php?rest_route=\/wp\/v2\/users\/6"}],"replies":[{"embeddable":true,"href":"https:\/\/ednc.secteur-palaiseau.fr\/index.php?rest_route=%2Fwp%2Fv2%2Fcomments&post=6256"}],"version-history":[{"count":11,"href":"https:\/\/ednc.secteur-palaiseau.fr\/index.php?rest_route=\/wp\/v2\/posts\/6256\/revisions"}],"predecessor-version":[{"id":6714,"href":"https:\/\/ednc.secteur-palaiseau.fr\/index.php?rest_route=\/wp\/v2\/posts\/6256\/revisions\/6714"}],"wp:featuredmedia":[{"embeddable":true,"href":"https:\/\/ednc.secteur-palaiseau.fr\/index.php?rest_route=\/wp\/v2\/media\/6349"}],"wp:attachment":[{"href":"https:\/\/ednc.secteur-palaiseau.fr\/index.php?rest_route=%2Fwp%2Fv2%2Fmedia&parent=6256"}],"wp:term":[{"taxonomy":"category","embeddable":true,"href":"https:\/\/ednc.secteur-palaiseau.fr\/index.php?rest_route=%2Fwp%2Fv2%2Fcategories&post=6256"},{"taxonomy":"post_tag","embeddable":true,"href":"https:\/\/ednc.secteur-palaiseau.fr\/index.php?rest_route=%2Fwp%2Fv2%2Ftags&post=6256"}],"curies":[{"name":"wp","href":"https:\/\/api.w.org\/{rel}","templated":true}]}}