{"id":6235,"date":"2023-06-30T19:30:22","date_gmt":"2023-06-30T17:30:22","guid":{"rendered":"https:\/\/ednc.secteur-palaiseau.fr\/?p=6235"},"modified":"2023-07-02T09:56:27","modified_gmt":"2023-07-02T07:56:27","slug":"le-bol-de-riz-ccfd","status":"publish","type":"post","link":"https:\/\/ednc.secteur-palaiseau.fr\/?p=6235","title":{"rendered":"Le bol de riz &#8211; CCFD"},"content":{"rendered":"\t\t<div data-elementor-type=\"wp-post\" data-elementor-id=\"6235\" class=\"elementor elementor-6235\">\n\t\t\t\t\t\t\t\t\t<section class=\"elementor-section elementor-top-section elementor-element elementor-element-96fc890 elementor-section-boxed elementor-section-height-default elementor-section-height-default\" data-id=\"96fc890\" data-element_type=\"section\">\n\t\t\t\t\t\t<div class=\"elementor-container elementor-column-gap-default\">\n\t\t\t\t\t<div class=\"elementor-column elementor-col-100 elementor-top-column elementor-element elementor-element-baf6a85\" data-id=\"baf6a85\" data-element_type=\"column\">\n\t\t\t<div class=\"elementor-widget-wrap elementor-element-populated\">\n\t\t\t\t\t\t\t\t<div class=\"elementor-element elementor-element-49f47ac elementor-widget elementor-widget-text-editor\" data-id=\"49f47ac\" data-element_type=\"widget\" data-widget_type=\"text-editor.default\">\n\t\t\t\t<div class=\"elementor-widget-container\">\n\t\t\t\t\t\t\t<p>Patrick Plecy &#8211; Serge Lestang<\/p>\t\t\t\t\t\t<\/div>\n\t\t\t\t<\/div>\n\t\t\t\t\t<\/div>\n\t\t<\/div>\n\t\t\t\t\t\t\t<\/div>\n\t\t<\/section>\n\t\t\t\t<section class=\"elementor-section elementor-top-section elementor-element elementor-element-df26bdf elementor-section-boxed elementor-section-height-default elementor-section-height-default\" data-id=\"df26bdf\" data-element_type=\"section\">\n\t\t\t\t\t\t<div class=\"elementor-container elementor-column-gap-default\">\n\t\t\t\t\t<div class=\"elementor-column elementor-col-50 elementor-top-column elementor-element elementor-element-31ffca2\" data-id=\"31ffca2\" data-element_type=\"column\">\n\t\t\t<div class=\"elementor-widget-wrap elementor-element-populated\">\n\t\t\t\t\t\t\t\t<div class=\"elementor-element elementor-element-5ae8ff6 elementor-widget elementor-widget-image\" data-id=\"5ae8ff6\" data-element_type=\"widget\" data-widget_type=\"image.default\">\n\t\t\t\t<div class=\"elementor-widget-container\">\n\t\t\t\t\t\t\t\t\t\t\t\t\t\t\t<img decoding=\"async\" loading=\"lazy\" width=\"640\" height=\"360\" src=\"https:\/\/ednc.secteur-palaiseau.fr\/wp-content\/uploads\/2023\/06\/20230528_193016-1024x576.jpg\" class=\"attachment-large size-large wp-image-6243\" alt=\"\" srcset=\"https:\/\/ednc.secteur-palaiseau.fr\/wp-content\/uploads\/2023\/06\/20230528_193016-1024x576.jpg 1024w, https:\/\/ednc.secteur-palaiseau.fr\/wp-content\/uploads\/2023\/06\/20230528_193016-300x169.jpg 300w, https:\/\/ednc.secteur-palaiseau.fr\/wp-content\/uploads\/2023\/06\/20230528_193016-768x432.jpg 768w, https:\/\/ednc.secteur-palaiseau.fr\/wp-content\/uploads\/2023\/06\/20230528_193016-1536x864.jpg 1536w, https:\/\/ednc.secteur-palaiseau.fr\/wp-content\/uploads\/2023\/06\/20230528_193016-2048x1153.jpg 2048w, https:\/\/ednc.secteur-palaiseau.fr\/wp-content\/uploads\/2023\/06\/20230528_193016-scaled-e1687896207925.jpg 290w\" sizes=\"(max-width: 640px) 100vw, 640px\" \/>\t\t\t\t\t\t\t\t\t\t\t\t\t\t\t<\/div>\n\t\t\t\t<\/div>\n\t\t\t\t\t<\/div>\n\t\t<\/div>\n\t\t\t\t<div class=\"elementor-column elementor-col-50 elementor-top-column elementor-element elementor-element-84f168d\" data-id=\"84f168d\" data-element_type=\"column\">\n\t\t\t<div class=\"elementor-widget-wrap elementor-element-populated\">\n\t\t\t\t\t\t\t\t<div class=\"elementor-element elementor-element-801e3c6 elementor-widget elementor-widget-text-editor\" data-id=\"801e3c6\" data-element_type=\"widget\" data-widget_type=\"text-editor.default\">\n\t\t\t\t<div class=\"elementor-widget-container\">\n\t\t\t\t\t\t\t<p><br \/>Traditionnellement, le 5 \u00e8me dimanche de Car\u00eame est un temps fort du CCFD \u2013 Terre Solidaire.<br \/><span style=\"font-family: var( --e-global-typography-text-font-family ), Sans-serif; font-weight: var( --e-global-typography-text-font-weight ); font-size: 1rem;\"><br \/>C&rsquo;est l&rsquo;occasion de rappeler aux pratiquants catholiques que cette organisation fait partie de <\/span><span style=\"font-family: var( --e-global-typography-text-font-family ), Sans-serif; font-weight: var( --e-global-typography-text-font-weight ); font-size: 1rem;\">l&rsquo;environnement proche de l&rsquo;Eglise, bien qu&rsquo;assez peu visible.<\/span><\/p><p>Pourquoi ? Tout simplement parce qu&rsquo;elle oeuvre \u00e0 l&rsquo;international et non pas en France.<\/p>\t\t\t\t\t\t<\/div>\n\t\t\t\t<\/div>\n\t\t\t\t\t<\/div>\n\t\t<\/div>\n\t\t\t\t\t\t\t<\/div>\n\t\t<\/section>\n\t\t\t\t<section class=\"elementor-section elementor-top-section elementor-element elementor-element-fdd9f65 elementor-section-boxed elementor-section-height-default elementor-section-height-default\" data-id=\"fdd9f65\" data-element_type=\"section\">\n\t\t\t\t\t\t<div class=\"elementor-container elementor-column-gap-default\">\n\t\t\t\t\t<div class=\"elementor-column elementor-col-100 elementor-top-column elementor-element elementor-element-c9a6f65\" data-id=\"c9a6f65\" data-element_type=\"column\">\n\t\t\t<div class=\"elementor-widget-wrap elementor-element-populated\">\n\t\t\t\t\t\t\t\t<div class=\"elementor-element elementor-element-cbf765f elementor-widget elementor-widget-text-editor\" data-id=\"cbf765f\" data-element_type=\"widget\" data-widget_type=\"text-editor.default\">\n\t\t\t\t<div class=\"elementor-widget-container\">\n\t\t\t\t\t\t\t<p>Le CCFD Terre Solidaire est une organisation cr\u00e9\u00e9 par l&rsquo;Eglise Catholique de France, qui vise \u00e0 \u00e9radiquer la faim dans le monde et plus g\u00e9n\u00e9ralement la pauvret\u00e9 des populations.<br \/>Ces causes sont parfois la m\u00e9connaissance des techniques et usages agronomiques mais souvent aussi la pr\u00e9carit\u00e9 des relations entre ethnies, l&rsquo;exploitation abusive des ressources, les abus de pouvoir des dirigeants, les guerres, l&rsquo;injustice et la corruption end\u00e9miques de certains pays&#8230;<br \/>Le CCFD intervient \u00ab\u00a0en amont\u00a0\u00bb pour pr\u00e9venir ou tout au moins diminuer la pauvret\u00e9 et la pr\u00e9carit\u00e9 partout o\u00f9 c&rsquo;est possible, sans pr\u00e9jug\u00e9 de religion ni de politique. \u00ab Soigner le mal \u00e0 la racine\u00a0\u00bb pourrait \u00eatre sa devise\u00a0!<br \/>Ainsi, le CCFD va soutenir financi\u00e8rement plusieurs centaines de projets issus d&rsquo;organisations locales dans le monde entier, allant du d\u00e9veloppement durable (notamment en agro-\u00e9cologie) jusqu&rsquo;au domaine social (\u00e9galit\u00e9 homme \u2013 femme) voire politique.<\/p><p>\u00a0<\/p>\t\t\t\t\t\t<\/div>\n\t\t\t\t<\/div>\n\t\t\t\t\t<\/div>\n\t\t<\/div>\n\t\t\t\t\t\t\t<\/div>\n\t\t<\/section>\n\t\t\t\t<section class=\"elementor-section elementor-top-section elementor-element elementor-element-b099994 elementor-section-boxed elementor-section-height-default elementor-section-height-default\" data-id=\"b099994\" data-element_type=\"section\">\n\t\t\t\t\t\t<div class=\"elementor-container elementor-column-gap-default\">\n\t\t\t\t\t<div class=\"elementor-column elementor-col-66 elementor-top-column elementor-element elementor-element-aa014f9\" data-id=\"aa014f9\" data-element_type=\"column\">\n\t\t\t<div class=\"elementor-widget-wrap elementor-element-populated\">\n\t\t\t\t\t\t\t\t<div class=\"elementor-element elementor-element-da043e5 elementor-widget elementor-widget-text-editor\" data-id=\"da043e5\" data-element_type=\"widget\" data-widget_type=\"text-editor.default\">\n\t\t\t\t<div class=\"elementor-widget-container\">\n\t\t\t\t\t\t\t<p>Le Mercredi 28 Mars dernier, dans la dynamique de ce 5\u00e8me dimanche de Car\u00eame, s&rsquo;est tenue \u00e0 la salle paroissiale du Pileu, une soir\u00e9e \u00e0 la quelle \u00e9taient invit\u00e9s les paroissiens du secteur de Palaiseau. Le but \u00e9tait d&rsquo;expliquer tout ceci \u00e0 la lumi\u00e8re d&rsquo;une projection sur les objectifs et activit\u00e9s d&rsquo;un partenaire du CCFD en Birmanie, pays en pleine guerre civile !<br \/>La projection et l&rsquo;\u00e9change cons\u00e9cutif se sont poursuivis par un repas \u00ab bol de riz \u00bb permettant aux participants de verser de fa\u00e7on symbolique au CCFD la valeur d&rsquo;un repas classique.<br \/>Des r\u00e9ponses ont \u00e9t\u00e9 apport\u00e9es \u00e0 beaucoup de questions sur des th\u00e8mes tels que la s\u00e9lection des projets \u00e0 soutenir, le suivi de ces projets, la difficult\u00e9 d&rsquo;aider les populations sans prendre parti dans les conflits internes &#8230;<br \/>Et aussi \u00e0 la question : comment participer \u00e0 l&rsquo;action du CCFD depuis nos communaut\u00e9s locales ?<br \/>La r\u00e9ponse est, au del\u00e0 d&rsquo;un souhaitable soutien financier, sensibiliser et faire conna\u00eetre le CCFD en particulier aupr\u00e8s des jeunes d&rsquo;ici, rejoindre les dizaines de b\u00e9n\u00e9voles qui agissent et participent aux r\u00e9flexions et actions concr\u00e8tes dans les projets en cours\u00a0!<\/p><p>Merci \u00e0 tous ceux qui ont particip\u00e9 \u00e0 cette soir\u00e9e et qui contribuent \u00e0 la sensibilisation souhait\u00e9e.<\/p>\t\t\t\t\t\t<\/div>\n\t\t\t\t<\/div>\n\t\t\t\t\t<\/div>\n\t\t<\/div>\n\t\t\t\t<div class=\"elementor-column elementor-col-33 elementor-top-column elementor-element elementor-element-942f2d1\" data-id=\"942f2d1\" data-element_type=\"column\">\n\t\t\t<div class=\"elementor-widget-wrap elementor-element-populated\">\n\t\t\t\t\t\t\t\t<div class=\"elementor-element elementor-element-587938c elementor-widget elementor-widget-image\" data-id=\"587938c\" data-element_type=\"widget\" data-widget_type=\"image.default\">\n\t\t\t\t<div class=\"elementor-widget-container\">\n\t\t\t\t\t\t\t\t\t\t\t\t\t\t\t<img decoding=\"async\" loading=\"lazy\" width=\"640\" height=\"853\" src=\"https:\/\/ednc.secteur-palaiseau.fr\/wp-content\/uploads\/2023\/06\/IMG-20230620-WA0007-768x1024.jpg\" class=\"attachment-large size-large wp-image-6352\" alt=\"\" srcset=\"https:\/\/ednc.secteur-palaiseau.fr\/wp-content\/uploads\/2023\/06\/IMG-20230620-WA0007-768x1024.jpg 768w, https:\/\/ednc.secteur-palaiseau.fr\/wp-content\/uploads\/2023\/06\/IMG-20230620-WA0007-225x300.jpg 225w, https:\/\/ednc.secteur-palaiseau.fr\/wp-content\/uploads\/2023\/06\/IMG-20230620-WA0007-1152x1536.jpg 1152w, https:\/\/ednc.secteur-palaiseau.fr\/wp-content\/uploads\/2023\/06\/IMG-20230620-WA0007.jpg 1512w\" sizes=\"(max-width: 640px) 100vw, 640px\" \/>\t\t\t\t\t\t\t\t\t\t\t\t\t\t\t<\/div>\n\t\t\t\t<\/div>\n\t\t\t\t\t<\/div>\n\t\t<\/div>\n\t\t\t\t\t\t\t<\/div>\n\t\t<\/section>\n\t\t\t\t<section class=\"elementor-section elementor-top-section elementor-element elementor-element-a86fc83 elementor-section-boxed elementor-section-height-default elementor-section-height-default\" data-id=\"a86fc83\" data-element_type=\"section\">\n\t\t\t\t\t\t<div class=\"elementor-container elementor-column-gap-default\">\n\t\t\t\t\t<div class=\"elementor-column elementor-col-33 elementor-top-column elementor-element elementor-element-eef2993\" data-id=\"eef2993\" data-element_type=\"column\">\n\t\t\t<div class=\"elementor-widget-wrap elementor-element-populated\">\n\t\t\t\t\t\t\t\t<div class=\"elementor-element elementor-element-86221cb elementor-widget elementor-widget-image\" data-id=\"86221cb\" data-element_type=\"widget\" data-widget_type=\"image.default\">\n\t\t\t\t<div class=\"elementor-widget-container\">\n\t\t\t\t\t\t\t\t\t\t\t\t\t\t\t<img decoding=\"async\" loading=\"lazy\" width=\"640\" height=\"480\" src=\"https:\/\/ednc.secteur-palaiseau.fr\/wp-content\/uploads\/2023\/06\/IMG-20230620-WA0006-1024x768.jpg\" class=\"attachment-large size-large wp-image-6351\" alt=\"\" srcset=\"https:\/\/ednc.secteur-palaiseau.fr\/wp-content\/uploads\/2023\/06\/IMG-20230620-WA0006-1024x768.jpg 1024w, https:\/\/ednc.secteur-palaiseau.fr\/wp-content\/uploads\/2023\/06\/IMG-20230620-WA0006-300x225.jpg 300w, https:\/\/ednc.secteur-palaiseau.fr\/wp-content\/uploads\/2023\/06\/IMG-20230620-WA0006-768x576.jpg 768w, https:\/\/ednc.secteur-palaiseau.fr\/wp-content\/uploads\/2023\/06\/IMG-20230620-WA0006-1536x1152.jpg 1536w, https:\/\/ednc.secteur-palaiseau.fr\/wp-content\/uploads\/2023\/06\/IMG-20230620-WA0006-800x600.jpg 800w, https:\/\/ednc.secteur-palaiseau.fr\/wp-content\/uploads\/2023\/06\/IMG-20230620-WA0006.jpg 2016w\" sizes=\"(max-width: 640px) 100vw, 640px\" \/>\t\t\t\t\t\t\t\t\t\t\t\t\t\t\t<\/div>\n\t\t\t\t<\/div>\n\t\t\t\t\t<\/div>\n\t\t<\/div>\n\t\t\t\t<div class=\"elementor-column elementor-col-33 elementor-top-column elementor-element elementor-element-2d5834d\" data-id=\"2d5834d\" data-element_type=\"column\">\n\t\t\t<div class=\"elementor-widget-wrap elementor-element-populated\">\n\t\t\t\t\t\t\t\t<div class=\"elementor-element elementor-element-11f7fe4 elementor-widget elementor-widget-image\" data-id=\"11f7fe4\" data-element_type=\"widget\" data-widget_type=\"image.default\">\n\t\t\t\t<div class=\"elementor-widget-container\">\n\t\t\t\t\t\t\t\t\t\t\t\t\t\t\t<img decoding=\"async\" loading=\"lazy\" width=\"640\" height=\"480\" src=\"https:\/\/ednc.secteur-palaiseau.fr\/wp-content\/uploads\/2023\/06\/IMG-20230620-WA0010-1024x768.jpg\" class=\"attachment-large size-large wp-image-6350\" alt=\"\" srcset=\"https:\/\/ednc.secteur-palaiseau.fr\/wp-content\/uploads\/2023\/06\/IMG-20230620-WA0010-1024x768.jpg 1024w, https:\/\/ednc.secteur-palaiseau.fr\/wp-content\/uploads\/2023\/06\/IMG-20230620-WA0010-300x225.jpg 300w, https:\/\/ednc.secteur-palaiseau.fr\/wp-content\/uploads\/2023\/06\/IMG-20230620-WA0010-768x576.jpg 768w, https:\/\/ednc.secteur-palaiseau.fr\/wp-content\/uploads\/2023\/06\/IMG-20230620-WA0010-1536x1152.jpg 1536w, https:\/\/ednc.secteur-palaiseau.fr\/wp-content\/uploads\/2023\/06\/IMG-20230620-WA0010-800x600.jpg 800w, https:\/\/ednc.secteur-palaiseau.fr\/wp-content\/uploads\/2023\/06\/IMG-20230620-WA0010.jpg 2016w\" sizes=\"(max-width: 640px) 100vw, 640px\" \/>\t\t\t\t\t\t\t\t\t\t\t\t\t\t\t<\/div>\n\t\t\t\t<\/div>\n\t\t\t\t\t<\/div>\n\t\t<\/div>\n\t\t\t\t<div class=\"elementor-column elementor-col-33 elementor-top-column elementor-element elementor-element-f335166\" data-id=\"f335166\" data-element_type=\"column\">\n\t\t\t<div class=\"elementor-widget-wrap elementor-element-populated\">\n\t\t\t\t\t\t\t\t<div class=\"elementor-element elementor-element-b0b2465 elementor-widget elementor-widget-image\" data-id=\"b0b2465\" data-element_type=\"widget\" data-widget_type=\"image.default\">\n\t\t\t\t<div class=\"elementor-widget-container\">\n\t\t\t\t\t\t\t\t\t\t\t\t\t\t\t<img decoding=\"async\" loading=\"lazy\" width=\"640\" height=\"480\" src=\"https:\/\/ednc.secteur-palaiseau.fr\/wp-content\/uploads\/2023\/06\/IMG-20230620-WA0011-1024x768.jpg\" class=\"attachment-large size-large wp-image-6353\" alt=\"\" srcset=\"https:\/\/ednc.secteur-palaiseau.fr\/wp-content\/uploads\/2023\/06\/IMG-20230620-WA0011-1024x768.jpg 1024w, https:\/\/ednc.secteur-palaiseau.fr\/wp-content\/uploads\/2023\/06\/IMG-20230620-WA0011-300x225.jpg 300w, https:\/\/ednc.secteur-palaiseau.fr\/wp-content\/uploads\/2023\/06\/IMG-20230620-WA0011-768x576.jpg 768w, https:\/\/ednc.secteur-palaiseau.fr\/wp-content\/uploads\/2023\/06\/IMG-20230620-WA0011-1536x1152.jpg 1536w, https:\/\/ednc.secteur-palaiseau.fr\/wp-content\/uploads\/2023\/06\/IMG-20230620-WA0011-800x600.jpg 800w, https:\/\/ednc.secteur-palaiseau.fr\/wp-content\/uploads\/2023\/06\/IMG-20230620-WA0011.jpg 2016w\" sizes=\"(max-width: 640px) 100vw, 640px\" \/>\t\t\t\t\t\t\t\t\t\t\t\t\t\t\t<\/div>\n\t\t\t\t<\/div>\n\t\t\t\t\t<\/div>\n\t\t<\/div>\n\t\t\t\t\t\t\t<\/div>\n\t\t<\/section>\n\t\t\t\t<section class=\"elementor-section elementor-top-section elementor-element elementor-element-65e8e92 elementor-section-boxed elementor-section-height-default elementor-section-height-default\" data-id=\"65e8e92\" data-element_type=\"section\">\n\t\t\t\t\t\t<div class=\"elementor-container elementor-column-gap-default\">\n\t\t\t\t\t<div class=\"elementor-column elementor-col-20 elementor-top-column elementor-element elementor-element-3bacb4a\" data-id=\"3bacb4a\" data-element_type=\"column\">\n\t\t\t<div class=\"elementor-widget-wrap\">\n\t\t\t\t\t\t\t\t\t<\/div>\n\t\t<\/div>\n\t\t\t\t<div class=\"elementor-column elementor-col-20 elementor-top-column elementor-element elementor-element-7bc4f64\" data-id=\"7bc4f64\" data-element_type=\"column\">\n\t\t\t<div class=\"elementor-widget-wrap\">\n\t\t\t\t\t\t\t\t\t<\/div>\n\t\t<\/div>\n\t\t\t\t<div class=\"elementor-column elementor-col-20 elementor-top-column elementor-element elementor-element-9c5367b\" data-id=\"9c5367b\" data-element_type=\"column\">\n\t\t\t<div class=\"elementor-widget-wrap\">\n\t\t\t\t\t\t\t\t\t<\/div>\n\t\t<\/div>\n\t\t\t\t<div class=\"elementor-column elementor-col-20 elementor-top-column elementor-element elementor-element-aab1089\" data-id=\"aab1089\" data-element_type=\"column\">\n\t\t\t<div class=\"elementor-widget-wrap\">\n\t\t\t\t\t\t\t\t\t<\/div>\n\t\t<\/div>\n\t\t\t\t<div class=\"elementor-column elementor-col-20 elementor-top-column elementor-element elementor-element-4bc524f\" data-id=\"4bc524f\" data-element_type=\"column\">\n\t\t\t<div class=\"elementor-widget-wrap elementor-element-populated\">\n\t\t\t\t\t\t\t\t<div class=\"elementor-element elementor-element-d22bb06 elementor-widget elementor-widget-image\" data-id=\"d22bb06\" data-element_type=\"widget\" data-widget_type=\"image.default\">\n\t\t\t\t<div class=\"elementor-widget-container\">\n\t\t\t\t\t\t\t\t\t\t\t\t\t\t\t<img decoding=\"async\" loading=\"lazy\" width=\"74\" height=\"15\" src=\"https:\/\/ednc.secteur-palaiseau.fr\/wp-content\/uploads\/2023\/02\/MichelSt.jpg\" class=\"attachment-large size-large wp-image-5920\" alt=\"\" \/>\t\t\t\t\t\t\t\t\t\t\t\t\t\t\t<\/div>\n\t\t\t\t<\/div>\n\t\t\t\t\t<\/div>\n\t\t<\/div>\n\t\t\t\t\t\t\t<\/div>\n\t\t<\/section>\n\t\t\t\t\t\t\t<\/div>\n\t\t","protected":false},"excerpt":{"rendered":"<p>Patrick Pl\u00e9cy &#8211; Serge Lestang<\/p>\n<p>Traditionnellement, le 5 \u00e8me dimanche de Car\u00eame est un temps fort du CCFD \u2013 Terre Solidaire.<br \/>\nC\u2019est l\u2019occasion de rappeler aux pratiquants catholiques que cette organisation fait partie de l\u2019environnement proche de l\u2019Eglise, bien qu\u2019assez peu visible &#8230;<\/p>\n","protected":false},"author":6,"featured_media":6243,"comment_status":"closed","ping_status":"closed","sticky":false,"template":"","format":"standard","meta":{"footnotes":""},"categories":[4],"tags":[],"_links":{"self":[{"href":"https:\/\/ednc.secteur-palaiseau.fr\/index.php?rest_route=\/wp\/v2\/posts\/6235"}],"collection":[{"href":"https:\/\/ednc.secteur-palaiseau.fr\/index.php?rest_route=\/wp\/v2\/posts"}],"about":[{"href":"https:\/\/ednc.secteur-palaiseau.fr\/index.php?rest_route=\/wp\/v2\/types\/post"}],"author":[{"embeddable":true,"href":"https:\/\/ednc.secteur-palaiseau.fr\/index.php?rest_route=\/wp\/v2\/users\/6"}],"replies":[{"embeddable":true,"href":"https:\/\/ednc.secteur-palaiseau.fr\/index.php?rest_route=%2Fwp%2Fv2%2Fcomments&post=6235"}],"version-history":[{"count":26,"href":"https:\/\/ednc.secteur-palaiseau.fr\/index.php?rest_route=\/wp\/v2\/posts\/6235\/revisions"}],"predecessor-version":[{"id":6359,"href":"https:\/\/ednc.secteur-palaiseau.fr\/index.php?rest_route=\/wp\/v2\/posts\/6235\/revisions\/6359"}],"wp:featuredmedia":[{"embeddable":true,"href":"https:\/\/ednc.secteur-palaiseau.fr\/index.php?rest_route=\/wp\/v2\/media\/6243"}],"wp:attachment":[{"href":"https:\/\/ednc.secteur-palaiseau.fr\/index.php?rest_route=%2Fwp%2Fv2%2Fmedia&parent=6235"}],"wp:term":[{"taxonomy":"category","embeddable":true,"href":"https:\/\/ednc.secteur-palaiseau.fr\/index.php?rest_route=%2Fwp%2Fv2%2Fcategories&post=6235"},{"taxonomy":"post_tag","embeddable":true,"href":"https:\/\/ednc.secteur-palaiseau.fr\/index.php?rest_route=%2Fwp%2Fv2%2Ftags&post=6235"}],"curies":[{"name":"wp","href":"https:\/\/api.w.org\/{rel}","templated":true}]}}