{"id":5653,"date":"2023-04-06T18:30:18","date_gmt":"2023-04-06T16:30:18","guid":{"rendered":"https:\/\/ednc.secteur-palaiseau.fr\/?p=5653"},"modified":"2023-04-13T18:12:51","modified_gmt":"2023-04-13T16:12:51","slug":"mej-retour-sur-la-rencontre-du-5-fevrier-et-la-messe-du-11-fevrier","status":"publish","type":"post","link":"https:\/\/ednc.secteur-palaiseau.fr\/?p=5653","title":{"rendered":"MEJ &#8211; Retour sur la rencontre du 5 F\u00e9vrier et la messe du 11 f\u00e9vrier"},"content":{"rendered":"\t\t<div data-elementor-type=\"wp-post\" data-elementor-id=\"5653\" class=\"elementor elementor-5653\">\n\t\t\t\t\t\t\t\t\t<section class=\"elementor-section elementor-top-section elementor-element elementor-element-16bbacd elementor-section-boxed elementor-section-height-default elementor-section-height-default\" data-id=\"16bbacd\" data-element_type=\"section\">\n\t\t\t\t\t\t<div class=\"elementor-container elementor-column-gap-default\">\n\t\t\t\t\t<div class=\"elementor-column elementor-col-100 elementor-top-column elementor-element elementor-element-80645d5\" data-id=\"80645d5\" data-element_type=\"column\">\n\t\t\t<div class=\"elementor-widget-wrap elementor-element-populated\">\n\t\t\t\t\t\t\t\t<div class=\"elementor-element elementor-element-07fac52 elementor-widget elementor-widget-heading\" data-id=\"07fac52\" data-element_type=\"widget\" data-widget_type=\"heading.default\">\n\t\t\t\t<div class=\"elementor-widget-container\">\n\t\t\t<h5 class=\"elementor-heading-title elementor-size-default\">St\u00e9phanie, responsable MEJ<\/h5>\t\t<\/div>\n\t\t\t\t<\/div>\n\t\t\t\t\t<\/div>\n\t\t<\/div>\n\t\t\t\t\t\t\t<\/div>\n\t\t<\/section>\n\t\t\t\t<section class=\"elementor-section elementor-top-section elementor-element elementor-element-6258a40 elementor-section-boxed elementor-section-height-default elementor-section-height-default\" data-id=\"6258a40\" data-element_type=\"section\">\n\t\t\t\t\t\t<div class=\"elementor-container elementor-column-gap-default\">\n\t\t\t\t\t<div class=\"elementor-column elementor-col-100 elementor-top-column elementor-element elementor-element-f3108ae\" data-id=\"f3108ae\" data-element_type=\"column\">\n\t\t\t<div class=\"elementor-widget-wrap elementor-element-populated\">\n\t\t\t\t\t\t\t\t<div class=\"elementor-element elementor-element-d2841e6 elementor-widget elementor-widget-text-editor\" data-id=\"d2841e6\" data-element_type=\"widget\" data-widget_type=\"text-editor.default\">\n\t\t\t\t<div class=\"elementor-widget-container\">\n\t\t\t\t\t\t\t<h2 style=\"text-align: center;\">&lsquo;En route pour la Paix&rsquo;, avec le Mouvement Eucharistique des Jeunes<\/h2>\t\t\t\t\t\t<\/div>\n\t\t\t\t<\/div>\n\t\t\t\t\t<\/div>\n\t\t<\/div>\n\t\t\t\t\t\t\t<\/div>\n\t\t<\/section>\n\t\t\t\t<section class=\"elementor-section elementor-top-section elementor-element elementor-element-8335aa5 elementor-section-boxed elementor-section-height-default elementor-section-height-default\" data-id=\"8335aa5\" data-element_type=\"section\">\n\t\t\t\t\t\t<div class=\"elementor-container elementor-column-gap-default\">\n\t\t\t\t\t<div class=\"elementor-column elementor-col-100 elementor-top-column elementor-element elementor-element-e3fce18\" data-id=\"e3fce18\" data-element_type=\"column\">\n\t\t\t<div class=\"elementor-widget-wrap elementor-element-populated\">\n\t\t\t\t\t\t\t\t<div class=\"elementor-element elementor-element-0300b92 elementor-widget elementor-widget-text-editor\" data-id=\"0300b92\" data-element_type=\"widget\" data-widget_type=\"text-editor.default\">\n\t\t\t\t<div class=\"elementor-widget-container\">\n\t\t\t\t\t\t\t\t\t\t\t\t\t<\/div>\n\t\t\t\t<\/div>\n\t\t\t\t\t<\/div>\n\t\t<\/div>\n\t\t\t\t\t\t\t<\/div>\n\t\t<\/section>\n\t\t\t\t<section class=\"elementor-section elementor-top-section elementor-element elementor-element-3c23c23 elementor-section-boxed elementor-section-height-default elementor-section-height-default\" data-id=\"3c23c23\" data-element_type=\"section\">\n\t\t\t\t\t\t<div class=\"elementor-container elementor-column-gap-default\">\n\t\t\t\t\t<div class=\"elementor-column elementor-col-25 elementor-top-column elementor-element elementor-element-a92e02c\" data-id=\"a92e02c\" data-element_type=\"column\">\n\t\t\t<div class=\"elementor-widget-wrap elementor-element-populated\">\n\t\t\t\t\t\t\t\t<div class=\"elementor-element elementor-element-42ba36d elementor-widget elementor-widget-image\" data-id=\"42ba36d\" data-element_type=\"widget\" data-widget_type=\"image.default\">\n\t\t\t\t<div class=\"elementor-widget-container\">\n\t\t\t\t\t\t\t\t\t\t\t\t\t\t\t<img decoding=\"async\" loading=\"lazy\" width=\"586\" height=\"586\" src=\"https:\/\/ednc.secteur-palaiseau.fr\/wp-content\/uploads\/2023\/04\/MEJ-20230205c.jpg\" class=\"attachment-large size-large wp-image-5831\" alt=\"\" srcset=\"https:\/\/ednc.secteur-palaiseau.fr\/wp-content\/uploads\/2023\/04\/MEJ-20230205c.jpg 586w, https:\/\/ednc.secteur-palaiseau.fr\/wp-content\/uploads\/2023\/04\/MEJ-20230205c-300x300.jpg 300w, https:\/\/ednc.secteur-palaiseau.fr\/wp-content\/uploads\/2023\/04\/MEJ-20230205c-150x150.jpg 150w\" sizes=\"(max-width: 586px) 100vw, 586px\" \/>\t\t\t\t\t\t\t\t\t\t\t\t\t\t\t<\/div>\n\t\t\t\t<\/div>\n\t\t\t\t<div class=\"elementor-element elementor-element-b06cb10 elementor-widget elementor-widget-image\" data-id=\"b06cb10\" data-element_type=\"widget\" data-widget_type=\"image.default\">\n\t\t\t\t<div class=\"elementor-widget-container\">\n\t\t\t\t\t\t\t\t\t\t\t\t\t\t\t<img decoding=\"async\" src=\"https:\/\/ednc.secteur-palaiseau.fr\/wp-content\/uploads\/2023\/04\/MEJ-20230205b.jpg\" title=\"\" alt=\"\" loading=\"lazy\" \/>\t\t\t\t\t\t\t\t\t\t\t\t\t\t\t<\/div>\n\t\t\t\t<\/div>\n\t\t\t\t\t<\/div>\n\t\t<\/div>\n\t\t\t\t<div class=\"elementor-column elementor-col-50 elementor-top-column elementor-element elementor-element-704691c\" data-id=\"704691c\" data-element_type=\"column\">\n\t\t\t<div class=\"elementor-widget-wrap elementor-element-populated\">\n\t\t\t\t\t\t\t\t<div class=\"elementor-element elementor-element-723bb5e elementor-widget elementor-widget-text-editor\" data-id=\"723bb5e\" data-element_type=\"widget\" data-widget_type=\"text-editor.default\">\n\t\t\t\t<div class=\"elementor-widget-container\">\n\t\t\t\t\t\t\t<p>La guerre est proche et omnipr\u00e9sente, elle bouscule nos soci\u00e9t\u00e9s, nos convictions et nos perspectives. L\u2019\u00e9vangile de la non-violence annonc\u00e9 par le Christ est-il viable et r\u00e9aliste\u00a0? Ces temps-ci, nous passons au mieux pour des na\u00effs, au pire pour des irresponsables.\u00a0Pourtant, pour <strong>C\u00e9dric Ouanekpon\u00e9 et Maria Biedrawa<\/strong>, acteurs en zone de conflits en R\u00e9publique Centrafricaine :<\/p><p style=\"text-align: center;\"><span style=\"color: #eea400;\"><strong><em>S\u2019engager pour la \u00ab paix sur la terre \u00bb,<br \/><\/em><\/strong><\/span><span style=\"color: #eea400;\"><strong><em>c\u2019est respirer l\u2019\u00c9piphanie Dieu visible, reconnaissable pour toute l\u2019humanit\u00e9<\/em><\/strong><\/span><\/p>\t\t\t\t\t\t<\/div>\n\t\t\t\t<\/div>\n\t\t\t\t\t<\/div>\n\t\t<\/div>\n\t\t\t\t<div class=\"elementor-column elementor-col-25 elementor-top-column elementor-element elementor-element-7898034\" data-id=\"7898034\" data-element_type=\"column\">\n\t\t\t<div class=\"elementor-widget-wrap elementor-element-populated\">\n\t\t\t\t\t\t\t\t<div class=\"elementor-element elementor-element-f85f0fe elementor-widget elementor-widget-image\" data-id=\"f85f0fe\" data-element_type=\"widget\" data-widget_type=\"image.default\">\n\t\t\t\t<div class=\"elementor-widget-container\">\n\t\t\t\t\t\t\t\t\t\t\t\t\t\t\t<img decoding=\"async\" loading=\"lazy\" width=\"127\" height=\"140\" src=\"https:\/\/ednc.secteur-palaiseau.fr\/wp-content\/uploads\/2023\/04\/Logo-MEJ.png\" class=\"attachment-large size-large wp-image-5659\" alt=\"Logo MEJ\" \/>\t\t\t\t\t\t\t\t\t\t\t\t\t\t\t<\/div>\n\t\t\t\t<\/div>\n\t\t\t\t\t<\/div>\n\t\t<\/div>\n\t\t\t\t\t\t\t<\/div>\n\t\t<\/section>\n\t\t\t\t<section class=\"elementor-section elementor-top-section elementor-element elementor-element-49ba0f7 elementor-section-boxed elementor-section-height-default elementor-section-height-default\" data-id=\"49ba0f7\" data-element_type=\"section\">\n\t\t\t\t\t\t<div class=\"elementor-container elementor-column-gap-default\">\n\t\t\t\t\t<div class=\"elementor-column elementor-col-33 elementor-top-column elementor-element elementor-element-93a654d\" data-id=\"93a654d\" data-element_type=\"column\">\n\t\t\t<div class=\"elementor-widget-wrap elementor-element-populated\">\n\t\t\t\t\t\t\t\t<div class=\"elementor-element elementor-element-69ceef5 elementor-widget elementor-widget-text-editor\" data-id=\"69ceef5\" data-element_type=\"widget\" data-widget_type=\"text-editor.default\">\n\t\t\t\t<div class=\"elementor-widget-container\">\n\t\t\t\t\t\t\t<p><span style=\"color: #000000;\"><strong><em>C\u00e9dric Ouanekpon\u00e9<\/em><\/strong><\/span> <em>est un m\u00e9decin centrafricain. Apr\u00e8s avoir fait une partie de ses \u00e9tudes en France, il a souhait\u00e9 retourner exercer dans son pays auquel il est profond\u00e9ment attach\u00e9, et o\u00f9 il \u00e9tait jusqu\u2019\u00e0 pr\u00e9sent le seul n\u00e9phrologue. Il a \u00e9t\u00e9 laur\u00e9at du prix mondial de l&rsquo;humanisme de la jeunesse en 2019.<\/em><\/p><p><span style=\"color: #000000;\"><strong><em>Maria Biedrawa<\/em><\/strong><\/span> <em>est diacre de paix et elle soutient en Afrique des groupes<\/em> <em>de paix dans des pays\u00a0en situation de conflits arm\u00e9s, notamment en formant \u00e0 l\u2019intervention civile de paix.<\/em><\/p><p>L\u2019un et l\u2019autre, de passage en France,\u00a0 sont venus le 5 F\u00e9vrier dans la salle paroissiale de St Michel du Pileu, o\u00f9 les attendaient une quarantaine de MEJistes, parents et paroissiens.<\/p>\t\t\t\t\t\t<\/div>\n\t\t\t\t<\/div>\n\t\t\t\t\t<\/div>\n\t\t<\/div>\n\t\t\t\t<div class=\"elementor-column elementor-col-66 elementor-top-column elementor-element elementor-element-5633271\" data-id=\"5633271\" data-element_type=\"column\">\n\t\t\t<div class=\"elementor-widget-wrap elementor-element-populated\">\n\t\t\t\t\t\t\t\t<div class=\"elementor-element elementor-element-964c349 elementor-widget elementor-widget-image\" data-id=\"964c349\" data-element_type=\"widget\" data-widget_type=\"image.default\">\n\t\t\t\t<div class=\"elementor-widget-container\">\n\t\t\t\t\t\t\t\t\t\t\t\t\t\t\t<img decoding=\"async\" src=\"https:\/\/ednc.secteur-palaiseau.fr\/wp-content\/uploads\/elementor\/thumbs\/EDNC2303-CedricMaria-q4ig2e5lt6vt9f8faaoghbg5wsfp7r8oihbq18mehs.png\" title=\"EDNC2303-Cedric&#038;Maria\" alt=\"EDNC2303-Cedric&amp;Maria\" loading=\"lazy\" \/>\t\t\t\t\t\t\t\t\t\t\t\t\t\t\t<\/div>\n\t\t\t\t<\/div>\n\t\t\t\t\t<\/div>\n\t\t<\/div>\n\t\t\t\t\t\t\t<\/div>\n\t\t<\/section>\n\t\t\t\t<section class=\"elementor-section elementor-top-section elementor-element elementor-element-8846e69 elementor-section-boxed elementor-section-height-default elementor-section-height-default\" data-id=\"8846e69\" data-element_type=\"section\">\n\t\t\t\t\t\t<div class=\"elementor-container elementor-column-gap-default\">\n\t\t\t\t\t<div class=\"elementor-column elementor-col-33 elementor-top-column elementor-element elementor-element-909ca22\" data-id=\"909ca22\" data-element_type=\"column\">\n\t\t\t<div class=\"elementor-widget-wrap elementor-element-populated\">\n\t\t\t\t\t\t\t\t<div class=\"elementor-element elementor-element-277c1b7 elementor-widget elementor-widget-text-editor\" data-id=\"277c1b7\" data-element_type=\"widget\" data-widget_type=\"text-editor.default\">\n\t\t\t\t<div class=\"elementor-widget-container\">\n\t\t\t\t\t\t\tIls nous ont parl\u00e9 des groupes arm\u00e9s, de la mis\u00e8re et de la violence, des exactions. Ils racontent leurs peurs, leurs doutes, mais je ne me rappelle pas les avoir entendu parler de d\u00e9couragement : ils accomplissent le dessin de Dieu. Leurs voix sont calmes et d\u00e9termin\u00e9es. <span style=\"color: #eea400;\"><strong>Ils sont \u00e0 la fois des th\u00e9oriciens de la Paix, et des techniciens chevronn\u00e9s qui la d\u00e9ploient en milieu hostile<\/strong>.<\/span> Maria et C\u00e9dric \u0153uvrent principalement \u00e0 Bangui avec l\u2019association la\u00efque et ind\u00e9pendante Notre Dame de Fatima pour le D\u00e9veloppement.\t\t\t\t\t\t<\/div>\n\t\t\t\t<\/div>\n\t\t\t\t\t<\/div>\n\t\t<\/div>\n\t\t\t\t<div class=\"elementor-column elementor-col-33 elementor-top-column elementor-element elementor-element-19b3b40\" data-id=\"19b3b40\" data-element_type=\"column\">\n\t\t\t<div class=\"elementor-widget-wrap elementor-element-populated\">\n\t\t\t\t\t\t\t\t<div class=\"elementor-element elementor-element-2591279 elementor-widget elementor-widget-text-editor\" data-id=\"2591279\" data-element_type=\"widget\" data-widget_type=\"text-editor.default\">\n\t\t\t\t<div class=\"elementor-widget-container\">\n\t\t\t\t\t\t\t<p>Le centre est situ\u00e9 \u00e0 la fronti\u00e8re des quartiers musulman et chr\u00e9tien, zone \u00e0 haute tension dans ce conflit arm\u00e9 qui a essay\u00e9 d&rsquo;instrumentaliser les religions. La volont\u00e9 est de transformer cette fronti\u00e8re en zone de rencontre. Ils d\u00e9tricotent patiemment la haine et la violence avec les auteurs et les victimes. La Paix ne s\u2019impose pas, surtout pas par des armes. Il faut comprendre ce qu\u2019exprime la violence, panser les blessures, rechercher la v\u00e9rit\u00e9 et la justice. Maria et C\u00e9dric ont des sourires<\/p>\t\t\t\t\t\t<\/div>\n\t\t\t\t<\/div>\n\t\t\t\t\t<\/div>\n\t\t<\/div>\n\t\t\t\t<div class=\"elementor-column elementor-col-33 elementor-top-column elementor-element elementor-element-8679c61\" data-id=\"8679c61\" data-element_type=\"column\">\n\t\t\t<div class=\"elementor-widget-wrap elementor-element-populated\">\n\t\t\t\t\t\t\t\t<div class=\"elementor-element elementor-element-d84cb0d elementor-widget elementor-widget-text-editor\" data-id=\"d84cb0d\" data-element_type=\"widget\" data-widget_type=\"text-editor.default\">\n\t\t\t\t<div class=\"elementor-widget-container\">\n\t\t\t\t\t\t\t<p>chaleureux et des regards rieurs.\u00a0 Reste ensuite \u00e0 faire germer la coh\u00e9sion dans des projets (festival du film, comit\u00e9 de Paix entre les \u00e9coles, dialogue inter-religieux \u2026.), et confier aux ex-bellig\u00e9rants de la faire fleurir. Dit comme \u00e7a, \u00e7a para\u00eetrait presque simple et \u00e7a n\u2019a pas fini de nous faire r\u00e9fl\u00e9chir et progresser, pour \u00eatre \u00e0 notre tour artisans de Paix\u2026\u2026<\/p><p><span style=\"color: #eea400;\"><strong>Merci Maria et C\u00e9dric d\u2019\u00eatre venus irradier nos existences de Paix et d\u2019Esp\u00e9rance<\/strong>\u00a0!!<\/span><\/p>\t\t\t\t\t\t<\/div>\n\t\t\t\t<\/div>\n\t\t\t\t\t<\/div>\n\t\t<\/div>\n\t\t\t\t\t\t\t<\/div>\n\t\t<\/section>\n\t\t\t\t<section class=\"elementor-section elementor-top-section elementor-element elementor-element-d6df36b elementor-section-boxed elementor-section-height-default elementor-section-height-default\" data-id=\"d6df36b\" data-element_type=\"section\">\n\t\t\t\t\t\t<div class=\"elementor-container elementor-column-gap-default\">\n\t\t\t\t\t<div class=\"elementor-column elementor-col-100 elementor-top-column elementor-element elementor-element-5b186f6\" data-id=\"5b186f6\" data-element_type=\"column\">\n\t\t\t<div class=\"elementor-widget-wrap elementor-element-populated\">\n\t\t\t\t\t\t\t\t<div class=\"elementor-element elementor-element-2848e34 elementor-widget elementor-widget-text-editor\" data-id=\"2848e34\" data-element_type=\"widget\" data-widget_type=\"text-editor.default\">\n\t\t\t\t<div class=\"elementor-widget-container\">\n\t\t\t\t\t\t\t<p><em>Consulter\u00a0:\u00a0<\/em><a href=\"https:\/\/www.la-croix.com\/Journal\/Diacre-paix-Afrique-2016-12-29-1100813667\"><em>https:\/\/www.la-croix.com\/Journal\/Diacre-paix-Afrique-2016-12-29-1100813667<\/em><\/a><br \/>et les pages 2 et 3 de la <a href=\"https:\/\/aea.cef.fr\/wp-content\/uploads\/Lettre-AEA-66.pdf\">Lettre-AEA-66.pdf (cef.fr)<\/a><\/p>\t\t\t\t\t\t<\/div>\n\t\t\t\t<\/div>\n\t\t\t\t\t<\/div>\n\t\t<\/div>\n\t\t\t\t\t\t\t<\/div>\n\t\t<\/section>\n\t\t\t\t<section class=\"elementor-section elementor-top-section elementor-element elementor-element-a3d4409 elementor-section-boxed elementor-section-height-default elementor-section-height-default\" data-id=\"a3d4409\" data-element_type=\"section\">\n\t\t\t\t\t\t<div class=\"elementor-container elementor-column-gap-default\">\n\t\t\t\t\t<div class=\"elementor-column elementor-col-100 elementor-top-column elementor-element elementor-element-0f4c4db\" data-id=\"0f4c4db\" data-element_type=\"column\">\n\t\t\t<div class=\"elementor-widget-wrap elementor-element-populated\">\n\t\t\t\t\t\t\t\t<div class=\"elementor-element elementor-element-790795a elementor-widget-divider--view-line elementor-widget elementor-widget-divider\" data-id=\"790795a\" data-element_type=\"widget\" data-widget_type=\"divider.default\">\n\t\t\t\t<div class=\"elementor-widget-container\">\n\t\t\t\t\t<div class=\"elementor-divider\">\n\t\t\t<span class=\"elementor-divider-separator\">\n\t\t\t\t\t\t<\/span>\n\t\t<\/div>\n\t\t\t\t<\/div>\n\t\t\t\t<\/div>\n\t\t\t\t\t<\/div>\n\t\t<\/div>\n\t\t\t\t\t\t\t<\/div>\n\t\t<\/section>\n\t\t\t\t<section class=\"elementor-section elementor-top-section elementor-element elementor-element-2e9b1b0 elementor-section-boxed elementor-section-height-default elementor-section-height-default\" data-id=\"2e9b1b0\" data-element_type=\"section\">\n\t\t\t\t\t\t<div class=\"elementor-container elementor-column-gap-default\">\n\t\t\t\t\t<div class=\"elementor-column elementor-col-33 elementor-top-column elementor-element elementor-element-23124a8\" data-id=\"23124a8\" data-element_type=\"column\">\n\t\t\t<div class=\"elementor-widget-wrap elementor-element-populated\">\n\t\t\t\t\t\t\t\t<div class=\"elementor-element elementor-element-6035259 elementor-widget elementor-widget-text-editor\" data-id=\"6035259\" data-element_type=\"widget\" data-widget_type=\"text-editor.default\">\n\t\t\t\t<div class=\"elementor-widget-container\">\n\t\t\t\t\t\t\t<p>\u00ab\u00a0J\u2019ai appris beaucoup de choses. J\u2019ai beaucoup aim\u00e9 vos t\u00e9moignages tr\u00e8s int\u00e9ressants. C\u2019\u00e9tait passionnant d\u2019entendre vos histoires. <span style=\"color: #eea400;\"><strong>J\u2019ai aim\u00e9 vous entendre parler de la Paix<\/strong>.<\/span> Merci beaucoup\u00a0\u00bb <br><em>Simon, TA<\/em><\/p>\t\t\t\t\t\t<\/div>\n\t\t\t\t<\/div>\n\t\t\t\t\t<\/div>\n\t\t<\/div>\n\t\t\t\t<div class=\"elementor-column elementor-col-33 elementor-top-column elementor-element elementor-element-d98ae7a\" data-id=\"d98ae7a\" data-element_type=\"column\">\n\t\t\t<div class=\"elementor-widget-wrap elementor-element-populated\">\n\t\t\t\t\t\t\t\t<div class=\"elementor-element elementor-element-2555606 elementor-widget elementor-widget-text-editor\" data-id=\"2555606\" data-element_type=\"widget\" data-widget_type=\"text-editor.default\">\n\t\t\t\t<div class=\"elementor-widget-container\">\n\t\t\t\t\t\t\t<p>\u00ab\u00a0L\u2019enthousiasme de Maria et C\u00e9dric m\u2019a beaucoup touch\u00e9 car <span style=\"color: #eea400;\"><strong>malgr\u00e9 toutes les difficult\u00e9s de leur mission et la mort qui est bien plus pr\u00e9sente dans leur quotidien que le mien, ils \u00e9taient plein de joie et d\u2019Espoir<\/strong>!<\/span>\u00a0\u00bb <br><em>Albane, ES<\/em><\/p>\t\t\t\t\t\t<\/div>\n\t\t\t\t<\/div>\n\t\t\t\t\t<\/div>\n\t\t<\/div>\n\t\t\t\t<div class=\"elementor-column elementor-col-33 elementor-top-column elementor-element elementor-element-77ceb71\" data-id=\"77ceb71\" data-element_type=\"column\">\n\t\t\t<div class=\"elementor-widget-wrap elementor-element-populated\">\n\t\t\t\t\t\t\t\t<div class=\"elementor-element elementor-element-73c5406 elementor-widget elementor-widget-text-editor\" data-id=\"73c5406\" data-element_type=\"widget\" data-widget_type=\"text-editor.default\">\n\t\t\t\t<div class=\"elementor-widget-container\">\n\t\t\t\t\t\t\t<p><strong>\u00ab\u00a0<\/strong>Maria et C\u00e9dric m\u2019ont touch\u00e9 par<span style=\"color: #eea400;\"><strong> le contraste entre les situations vraiment dures qu\u2019ils ont v\u00e9cues, et la grande douceur avec laquelle ils racontent<\/strong><\/span><em>.<\/em> Ils ont os\u00e9 porter un regard d\u2019Amour sur les jeunes r\u00e9fugi\u00e9s chr\u00e9tiens et musulmans pour construire la Paix avec eux.\u00a0\u00bb <br><em>Alexandre, responsable<\/em><\/p>\t\t\t\t\t\t<\/div>\n\t\t\t\t<\/div>\n\t\t\t\t\t<\/div>\n\t\t<\/div>\n\t\t\t\t\t\t\t<\/div>\n\t\t<\/section>\n\t\t\t\t<section class=\"elementor-section elementor-top-section elementor-element elementor-element-1b87b62 elementor-section-boxed elementor-section-height-default elementor-section-height-default\" data-id=\"1b87b62\" data-element_type=\"section\">\n\t\t\t\t\t\t<div class=\"elementor-container elementor-column-gap-default\">\n\t\t\t\t\t<div class=\"elementor-column elementor-col-50 elementor-top-column elementor-element elementor-element-e415f52\" data-id=\"e415f52\" data-element_type=\"column\">\n\t\t\t<div class=\"elementor-widget-wrap elementor-element-populated\">\n\t\t\t\t\t\t\t\t<div class=\"elementor-element elementor-element-7f690d8 elementor-widget elementor-widget-image\" data-id=\"7f690d8\" data-element_type=\"widget\" data-widget_type=\"image.default\">\n\t\t\t\t<div class=\"elementor-widget-container\">\n\t\t\t\t\t\t\t\t\t\t\t\t\t\t\t<img decoding=\"async\" loading=\"lazy\" width=\"640\" height=\"446\" src=\"https:\/\/ednc.secteur-palaiseau.fr\/wp-content\/uploads\/2023\/04\/EDNC-MEJ-Fev23-1b-1024x713.png\" class=\"attachment-large size-large wp-image-5732\" alt=\"\" srcset=\"https:\/\/ednc.secteur-palaiseau.fr\/wp-content\/uploads\/2023\/04\/EDNC-MEJ-Fev23-1b-1024x713.png 1024w, https:\/\/ednc.secteur-palaiseau.fr\/wp-content\/uploads\/2023\/04\/EDNC-MEJ-Fev23-1b-300x209.png 300w, https:\/\/ednc.secteur-palaiseau.fr\/wp-content\/uploads\/2023\/04\/EDNC-MEJ-Fev23-1b-768x535.png 768w, https:\/\/ednc.secteur-palaiseau.fr\/wp-content\/uploads\/2023\/04\/EDNC-MEJ-Fev23-1b.png 1344w\" sizes=\"(max-width: 640px) 100vw, 640px\" \/>\t\t\t\t\t\t\t\t\t\t\t\t\t\t\t<\/div>\n\t\t\t\t<\/div>\n\t\t\t\t\t<\/div>\n\t\t<\/div>\n\t\t\t\t<div class=\"elementor-column elementor-col-50 elementor-top-column elementor-element elementor-element-e094223\" data-id=\"e094223\" data-element_type=\"column\">\n\t\t\t<div class=\"elementor-widget-wrap elementor-element-populated\">\n\t\t\t\t\t\t\t\t<div class=\"elementor-element elementor-element-b2cb87b elementor-widget elementor-widget-image\" data-id=\"b2cb87b\" data-element_type=\"widget\" data-widget_type=\"image.default\">\n\t\t\t\t<div class=\"elementor-widget-container\">\n\t\t\t\t\t\t\t\t\t\t\t\t<figure class=\"wp-caption\">\n\t\t\t\t\t\t\t\t\t\t\t<a href=\"https:\/\/ndfbanguifilmcentre.com\/qui-sommes-nous.html\" target=\"_blank\">\n\t\t\t\t\t\t\t<img decoding=\"async\" loading=\"lazy\" width=\"640\" height=\"426\" src=\"https:\/\/ednc.secteur-palaiseau.fr\/wp-content\/uploads\/2023\/04\/EDNC-MEJ-Fev23-2b-1024x682.png\" class=\"attachment-large size-large wp-image-5733\" alt=\"\" srcset=\"https:\/\/ednc.secteur-palaiseau.fr\/wp-content\/uploads\/2023\/04\/EDNC-MEJ-Fev23-2b-1024x682.png 1024w, https:\/\/ednc.secteur-palaiseau.fr\/wp-content\/uploads\/2023\/04\/EDNC-MEJ-Fev23-2b-300x200.png 300w, https:\/\/ednc.secteur-palaiseau.fr\/wp-content\/uploads\/2023\/04\/EDNC-MEJ-Fev23-2b-768x511.png 768w, https:\/\/ednc.secteur-palaiseau.fr\/wp-content\/uploads\/2023\/04\/EDNC-MEJ-Fev23-2b.png 1268w\" sizes=\"(max-width: 640px) 100vw, 640px\" \/>\t\t\t\t\t\t\t\t<\/a>\n\t\t\t\t\t\t\t\t\t\t\t<figcaption class=\"widget-image-caption wp-caption-text\">Membres laur\u00e9ats de NDF BANGUI FILM CENTRE<\/figcaption>\n\t\t\t\t\t\t\t\t\t\t<\/figure>\n\t\t\t\t\t\t\t\t\t<\/div>\n\t\t\t\t<\/div>\n\t\t\t\t\t<\/div>\n\t\t<\/div>\n\t\t\t\t\t\t\t<\/div>\n\t\t<\/section>\n\t\t\t\t<section class=\"elementor-section elementor-top-section elementor-element elementor-element-0f9c545 elementor-section-boxed elementor-section-height-default elementor-section-height-default\" data-id=\"0f9c545\" data-element_type=\"section\">\n\t\t\t\t\t\t<div class=\"elementor-container elementor-column-gap-default\">\n\t\t\t\t\t<div class=\"elementor-column elementor-col-100 elementor-top-column elementor-element elementor-element-cde6cd0\" data-id=\"cde6cd0\" data-element_type=\"column\">\n\t\t\t<div class=\"elementor-widget-wrap elementor-element-populated\">\n\t\t\t\t\t\t\t\t<div class=\"elementor-element elementor-element-80cef48 elementor-widget-divider--view-line elementor-widget elementor-widget-divider\" data-id=\"80cef48\" data-element_type=\"widget\" data-widget_type=\"divider.default\">\n\t\t\t\t<div class=\"elementor-widget-container\">\n\t\t\t\t\t<div class=\"elementor-divider\">\n\t\t\t<span class=\"elementor-divider-separator\">\n\t\t\t\t\t\t<\/span>\n\t\t<\/div>\n\t\t\t\t<\/div>\n\t\t\t\t<\/div>\n\t\t\t\t\t<\/div>\n\t\t<\/div>\n\t\t\t\t\t\t\t<\/div>\n\t\t<\/section>\n\t\t\t\t<section class=\"elementor-section elementor-top-section elementor-element elementor-element-994f456 elementor-section-boxed elementor-section-height-default elementor-section-height-default\" data-id=\"994f456\" data-element_type=\"section\">\n\t\t\t\t\t\t<div class=\"elementor-container elementor-column-gap-default\">\n\t\t\t\t\t<div class=\"elementor-column elementor-col-33 elementor-top-column elementor-element elementor-element-5bd8fa5\" data-id=\"5bd8fa5\" data-element_type=\"column\">\n\t\t\t<div class=\"elementor-widget-wrap elementor-element-populated\">\n\t\t\t\t\t\t\t\t<div class=\"elementor-element elementor-element-a6bd7d7 elementor-widget elementor-widget-text-editor\" data-id=\"a6bd7d7\" data-element_type=\"widget\" data-widget_type=\"text-editor.default\">\n\t\t\t\t<div class=\"elementor-widget-container\">\n\t\t\t\t\t\t\t<p>\u00ab\u00a0Merci C\u00e9dric et Maria pour ce t\u00e9moignage \u00e9mouvant et toutes les histoires magnifiques, l\u2019histoire de la barri\u00e8re, <strong><span style=\"color: #eea400;\">l\u2019histoire des enfants qui ont donn\u00e9 de l\u2019eau \u00e0 d\u2019autres enfants<\/span> <\/strong>\u2013 alors qu\u2019ils appartenaient \u00e0 des peuples ennemis. Merci de nous avoir patiemment expliqu\u00e9 la guerre.\u00a0\u00bb <br><em>Constance, Ana\u00eblle, M\u00e9lissandre, Simon, Fnous et JT<br><\/em><\/p>\t\t\t\t\t\t<\/div>\n\t\t\t\t<\/div>\n\t\t\t\t\t<\/div>\n\t\t<\/div>\n\t\t\t\t<div class=\"elementor-column elementor-col-33 elementor-top-column elementor-element elementor-element-ab52c2d\" data-id=\"ab52c2d\" data-element_type=\"column\">\n\t\t\t<div class=\"elementor-widget-wrap elementor-element-populated\">\n\t\t\t\t\t\t\t\t<div class=\"elementor-element elementor-element-095c159 elementor-widget elementor-widget-text-editor\" data-id=\"095c159\" data-element_type=\"widget\" data-widget_type=\"text-editor.default\">\n\t\t\t\t<div class=\"elementor-widget-container\">\n\t\t\t\t\t\t\t<p>\u00ab\u00a0C\u2019\u00e9tait un t\u00e9moignage tr\u00e8s int\u00e9ressant, j\u2019ai pu me rendre compte de la situation difficile en RCA<strong>, <\/strong>et j\u2019ai appris aussi <span style=\"color: #eea400;\"><strong>le courage qu\u2019ont C\u00e9dric et les habitants de RCA pour r\u00e9tablir la Paix<\/strong>.<\/span> J\u2019ai retenu aussi la douceur de Maria et C\u00e9dric.\u00a0\u00bb <br><em>Alice, ES<\/em><\/p>\n<p>\u00ab\u00a0Merci de m\u2019avoir rappel\u00e9 que <span style=\"color: #eea400;\"><strong>la Paix ne vient pas, mais qu\u2019il faut aller la chercher<\/strong><\/span>, et que la force de la foi permet de traverser les \u00e9preuves. <br><em>Bianca, TA<\/em><\/p>\t\t\t\t\t\t<\/div>\n\t\t\t\t<\/div>\n\t\t\t\t\t<\/div>\n\t\t<\/div>\n\t\t\t\t<div class=\"elementor-column elementor-col-33 elementor-top-column elementor-element elementor-element-b09ae08\" data-id=\"b09ae08\" data-element_type=\"column\">\n\t\t\t<div class=\"elementor-widget-wrap elementor-element-populated\">\n\t\t\t\t\t\t\t\t<div class=\"elementor-element elementor-element-af29036 elementor-widget elementor-widget-text-editor\" data-id=\"af29036\" data-element_type=\"widget\" data-widget_type=\"text-editor.default\">\n\t\t\t\t<div class=\"elementor-widget-container\">\n\t\t\t\t\t\t\t<p>\u00ab\u00a0J\u2019ai trouv\u00e9 tr\u00e8s int\u00e9ressant de pouvoir <span style=\"color: #eea400;\"><strong>entendre un t\u00e9moignage qui vient de quelque part o\u00f9 la religion c\u2019est compliqu\u00e9<\/strong>.<\/span> Merci beaucoup \u00e0 Maria et C\u00e9dric. <em>Julie, TA<\/em><\/p>\n<p>Ce t\u00e9moignage m\u2019a beaucoup marqu\u00e9, <span style=\"color: #eea400;\"><strong>j\u2019ai pu r\u00e9fl\u00e9chir sur le fait de chercher la Paix jusqu\u2019au bout<\/strong><\/span><strong>,<\/strong> la foi permet de surmonter toutes les \u00e9preuves et c\u2019est tr\u00e8s important. Merci beaucoup \u00e0 Maria et C\u00e9dric.<br>&nbsp;<em>Chlo\u00e9, ES<\/em><\/p>\t\t\t\t\t\t<\/div>\n\t\t\t\t<\/div>\n\t\t\t\t\t<\/div>\n\t\t<\/div>\n\t\t\t\t\t\t\t<\/div>\n\t\t<\/section>\n\t\t\t\t<section class=\"elementor-section elementor-top-section elementor-element elementor-element-3680e50 elementor-section-boxed elementor-section-height-default elementor-section-height-default\" data-id=\"3680e50\" data-element_type=\"section\">\n\t\t\t\t\t\t<div class=\"elementor-container elementor-column-gap-default\">\n\t\t\t\t\t<div class=\"elementor-column elementor-col-25 elementor-top-column elementor-element elementor-element-d7cf1d9\" data-id=\"d7cf1d9\" data-element_type=\"column\">\n\t\t\t<div class=\"elementor-widget-wrap elementor-element-populated\">\n\t\t\t\t\t\t\t\t<div class=\"elementor-element elementor-element-2fe088d elementor-widget elementor-widget-text-editor\" data-id=\"2fe088d\" data-element_type=\"widget\" data-widget_type=\"text-editor.default\">\n\t\t\t\t<div class=\"elementor-widget-container\">\n\t\t\t\t\t\t\t<p>\u00ab\u00a0Maria a introduit le t\u00e9moignage en disant \u2018<strong><span style=\"color: #eea400;\">La Paix commence par nous-m\u00eame, dans notre c\u0153ur<\/span>\u2019<\/strong>. J\u2019ai \u00e9t\u00e9 touch\u00e9e par <strong><span style=\"color: #eea400;\">la pers\u00e9v\u00e9rance des jeunes\u00a0 \u00e0 agir pour pr\u00e9server la Paix malgr\u00e9 la violence environnante<\/span><\/strong>. C\u00e9dric et Maria d\u00e9gageaient une joie et un enthousiasme vraiment touchants et inspirants.\u00a0\u00bb<br \/><em>Marie, ES<\/em><\/p>\t\t\t\t\t\t<\/div>\n\t\t\t\t<\/div>\n\t\t\t\t\t<\/div>\n\t\t<\/div>\n\t\t\t\t<div class=\"elementor-column elementor-col-50 elementor-top-column elementor-element elementor-element-1570d7e\" data-id=\"1570d7e\" data-element_type=\"column\">\n\t\t\t<div class=\"elementor-widget-wrap elementor-element-populated\">\n\t\t\t\t\t\t\t\t<div class=\"elementor-element elementor-element-f025413 elementor-widget elementor-widget-image\" data-id=\"f025413\" data-element_type=\"widget\" data-widget_type=\"image.default\">\n\t\t\t\t<div class=\"elementor-widget-container\">\n\t\t\t\t\t\t\t\t\t\t\t\t<figure class=\"wp-caption\">\n\t\t\t\t\t\t\t\t\t\t<img decoding=\"async\" loading=\"lazy\" width=\"640\" height=\"391\" src=\"https:\/\/ednc.secteur-palaiseau.fr\/wp-content\/uploads\/2023\/04\/EDNC-MEJ-Fev23-3b-1024x625.png\" class=\"attachment-large size-large wp-image-5743\" alt=\"\" srcset=\"https:\/\/ednc.secteur-palaiseau.fr\/wp-content\/uploads\/2023\/04\/EDNC-MEJ-Fev23-3b-1024x625.png 1024w, https:\/\/ednc.secteur-palaiseau.fr\/wp-content\/uploads\/2023\/04\/EDNC-MEJ-Fev23-3b-300x183.png 300w, https:\/\/ednc.secteur-palaiseau.fr\/wp-content\/uploads\/2023\/04\/EDNC-MEJ-Fev23-3b-768x469.png 768w, https:\/\/ednc.secteur-palaiseau.fr\/wp-content\/uploads\/2023\/04\/EDNC-MEJ-Fev23-3b.png 1500w\" sizes=\"(max-width: 640px) 100vw, 640px\" \/>\t\t\t\t\t\t\t\t\t\t\t<figcaption class=\"widget-image-caption wp-caption-text\">F\u00e9vrier 2021 - L\u2019\u00e9quipe MEJ de NDF de Bangui<\/figcaption>\n\t\t\t\t\t\t\t\t\t\t<\/figure>\n\t\t\t\t\t\t\t\t\t<\/div>\n\t\t\t\t<\/div>\n\t\t\t\t\t<\/div>\n\t\t<\/div>\n\t\t\t\t<div class=\"elementor-column elementor-col-25 elementor-top-column elementor-element elementor-element-52840d2\" data-id=\"52840d2\" data-element_type=\"column\">\n\t\t\t<div class=\"elementor-widget-wrap elementor-element-populated\">\n\t\t\t\t\t\t\t\t<div class=\"elementor-element elementor-element-2d4d5a4 elementor-widget elementor-widget-text-editor\" data-id=\"2d4d5a4\" data-element_type=\"widget\" data-widget_type=\"text-editor.default\">\n\t\t\t\t<div class=\"elementor-widget-container\">\n\t\t\t\t\t\t\t<p>\u00ab\u00a0J\u2019ai pris conscience que le plan de Dieu n\u2019est pas un plan qui nous d\u00e9passe, qui ne prendrait pas en compte notre humanit\u00e9, puisqu\u2019<span style=\"color: #eea400;\"><strong>il nous fait co-cr\u00e9ateur, et que la Paix qu\u2019il veut pour notre monde est entre nos mains.<\/strong><\/span>\u00ab\u00a0<br \/><em>Paul, animateur<\/em><\/p><p>Ce t\u00e9moignage \u00e9tait tr\u00e8s int\u00e9ressant. J\u2019ai retenu que <span style=\"color: #eea400;\"><strong>chacun \u00e0 son \u00e9chelle peut r\u00e9pandre la Paix<\/strong>.<\/span><br \/><em>Chlo\u00e9, ES<\/em><\/p>\t\t\t\t\t\t<\/div>\n\t\t\t\t<\/div>\n\t\t\t\t\t<\/div>\n\t\t<\/div>\n\t\t\t\t\t\t\t<\/div>\n\t\t<\/section>\n\t\t\t\t<section class=\"elementor-section elementor-top-section elementor-element elementor-element-e531976 elementor-section-boxed elementor-section-height-default elementor-section-height-default\" data-id=\"e531976\" data-element_type=\"section\">\n\t\t\t\t\t\t<div class=\"elementor-container elementor-column-gap-default\">\n\t\t\t\t\t<div class=\"elementor-column elementor-col-33 elementor-top-column elementor-element elementor-element-03d50f9\" data-id=\"03d50f9\" data-element_type=\"column\">\n\t\t\t<div class=\"elementor-widget-wrap elementor-element-populated\">\n\t\t\t\t\t\t\t\t<div class=\"elementor-element elementor-element-7a774b1 elementor-widget elementor-widget-text-editor\" data-id=\"7a774b1\" data-element_type=\"widget\" data-widget_type=\"text-editor.default\">\n\t\t\t\t<div class=\"elementor-widget-container\">\n\t\t\t\t\t\t\t<p>\u00ab\u00a0Voil\u00e0 des paroles que j\u2019ai retenues de la belle rencontre avec Maria et C\u00e9dric: La foi est un don de Dieu et c\u2019est une attitude actrice. <span style=\"color: #eea400;\"><strong>Au regard de Dieu, la paix signifie la justice \u00e0 l\u2019\u00e9gard des hommes et des femmes\u00a0: justice sociale et \u00e9conomique pour le bien commun.<\/strong><\/span> Certains disent que \u2018<em>pour le bien de nos relations et la paix\u00a0: je vais me taire pour ne pas faire d\u2019histoire<\/em>.\u2019 Mais ce n\u2019est pas la v\u00e9rit\u00e9, ce n\u2019est pas juste, et cette inaction dessert la Paix. <strong><span style=\"color: #eea400;\">Comment transformer les auteurs de violence en r\u00e9parateurs<\/span><\/strong><em>\u00a0? <\/em>Un grand merci \u00e0 Maria et C\u00e9dric ainsi qu\u2019au MEJ pour avoir permis l\u2019organisation de cette rencontre.\u00a0\u00bb<br \/><em>Fabrice, parent<\/em><\/p>\t\t\t\t\t\t<\/div>\n\t\t\t\t<\/div>\n\t\t\t\t\t<\/div>\n\t\t<\/div>\n\t\t\t\t<div class=\"elementor-column elementor-col-33 elementor-top-column elementor-element elementor-element-4d6f895\" data-id=\"4d6f895\" data-element_type=\"column\">\n\t\t\t<div class=\"elementor-widget-wrap elementor-element-populated\">\n\t\t\t\t\t\t\t\t<div class=\"elementor-element elementor-element-21d4eb6 elementor-widget elementor-widget-text-editor\" data-id=\"21d4eb6\" data-element_type=\"widget\" data-widget_type=\"text-editor.default\">\n\t\t\t\t<div class=\"elementor-widget-container\">\n\t\t\t\t\t\t\t<p>\u00ab\u00a0Merci Seigneur pour les t\u00e9moins que tu as envoy\u00e9s, merci pour l\u2019esprit qui passe par eux, par les mots, par la mani\u00e8re de nous communiquer ta puissance et ta simplicit\u00e9 pour faire vivre la Paix. <span style=\"color: #eea400;\"><strong>Merci Seigneur pour cette invitation \u00e0 regarder et respecter l\u2019enti\u00e8re humanit\u00e9 de l\u2019autre<\/strong><\/span>, quand parfois les informations ou des situations, donnent envie de les d\u00e9shumaniser.\u00a0\u00bb <br \/><em>Elo\u00efse, animatrice<\/em><\/p>\t\t\t\t\t\t<\/div>\n\t\t\t\t<\/div>\n\t\t\t\t\t<\/div>\n\t\t<\/div>\n\t\t\t\t<div class=\"elementor-column elementor-col-33 elementor-top-column elementor-element elementor-element-b9a833e\" data-id=\"b9a833e\" data-element_type=\"column\">\n\t\t\t<div class=\"elementor-widget-wrap elementor-element-populated\">\n\t\t\t\t\t\t\t\t<div class=\"elementor-element elementor-element-3382303 elementor-widget elementor-widget-text-editor\" data-id=\"3382303\" data-element_type=\"widget\" data-widget_type=\"text-editor.default\">\n\t\t\t\t<div class=\"elementor-widget-container\">\n\t\t\t\t\t\t\t<p>\u00ab\u00a0J\u2019ai retenu l\u2019\u00e9quilibre \u00e0 tenir entre Amour et V\u00e9rit\u00e9, Justice et paix; je ne lis plus de la m\u00eame mani\u00e8re le texte <span style=\"color: #eea400;\">\u00ab <strong>Amour et V\u00e9rit\u00e9 se rencontrent, justice et paix s\u2019embrassent<\/strong> \u00bb<\/span>. Je retiens le fait de ne pas fuir la difficult\u00e9, tout en \u00e9tant capable de se prot\u00e9ger quand m\u00eame; un \u00e9quilibre \u00e0 trouver.\u00a0\u00bb&nbsp;&nbsp;<br><em>Philippe, parent et paroissien<\/em><\/p>\t\t\t\t\t\t<\/div>\n\t\t\t\t<\/div>\n\t\t\t\t\t<\/div>\n\t\t<\/div>\n\t\t\t\t\t\t\t<\/div>\n\t\t<\/section>\n\t\t\t\t<section class=\"elementor-section elementor-top-section elementor-element elementor-element-ee51757 elementor-section-boxed elementor-section-height-default elementor-section-height-default\" data-id=\"ee51757\" data-element_type=\"section\">\n\t\t\t\t\t\t<div class=\"elementor-container elementor-column-gap-default\">\n\t\t\t\t\t<div class=\"elementor-column elementor-col-100 elementor-top-column elementor-element elementor-element-acc79c0\" data-id=\"acc79c0\" data-element_type=\"column\">\n\t\t\t<div class=\"elementor-widget-wrap elementor-element-populated\">\n\t\t\t\t\t\t\t\t<div class=\"elementor-element elementor-element-315bfce elementor-widget-divider--view-line elementor-widget elementor-widget-divider\" data-id=\"315bfce\" data-element_type=\"widget\" data-widget_type=\"divider.default\">\n\t\t\t\t<div class=\"elementor-widget-container\">\n\t\t\t\t\t<div class=\"elementor-divider\">\n\t\t\t<span class=\"elementor-divider-separator\">\n\t\t\t\t\t\t<\/span>\n\t\t<\/div>\n\t\t\t\t<\/div>\n\t\t\t\t<\/div>\n\t\t\t\t\t<\/div>\n\t\t<\/div>\n\t\t\t\t\t\t\t<\/div>\n\t\t<\/section>\n\t\t\t\t<section class=\"elementor-section elementor-top-section elementor-element elementor-element-05f8753 elementor-section-boxed elementor-section-height-default elementor-section-height-default\" data-id=\"05f8753\" data-element_type=\"section\">\n\t\t\t\t\t\t<div class=\"elementor-container elementor-column-gap-default\">\n\t\t\t\t\t<div class=\"elementor-column elementor-col-50 elementor-top-column elementor-element elementor-element-ae6cd33\" data-id=\"ae6cd33\" data-element_type=\"column\">\n\t\t\t<div class=\"elementor-widget-wrap elementor-element-populated\">\n\t\t\t\t\t\t\t\t<div class=\"elementor-element elementor-element-c5d5cf9 elementor-widget elementor-widget-image\" data-id=\"c5d5cf9\" data-element_type=\"widget\" data-widget_type=\"image.default\">\n\t\t\t\t<div class=\"elementor-widget-container\">\n\t\t\t\t\t\t\t\t\t\t\t\t\t\t\t<img decoding=\"async\" loading=\"lazy\" width=\"800\" height=\"600\" src=\"https:\/\/ednc.secteur-palaiseau.fr\/wp-content\/uploads\/2023\/04\/EDNC-MEJ-Fev23-6b-800x600.jpg\" class=\"attachment-fairy-medium size-fairy-medium wp-image-5787\" alt=\"\" \/>\t\t\t\t\t\t\t\t\t\t\t\t\t\t\t<\/div>\n\t\t\t\t<\/div>\n\t\t\t\t\t<\/div>\n\t\t<\/div>\n\t\t\t\t<div class=\"elementor-column elementor-col-50 elementor-top-column elementor-element elementor-element-288c4b0\" data-id=\"288c4b0\" data-element_type=\"column\">\n\t\t\t<div class=\"elementor-widget-wrap elementor-element-populated\">\n\t\t\t\t\t\t\t\t<div class=\"elementor-element elementor-element-db145da elementor-widget elementor-widget-text-editor\" data-id=\"db145da\" data-element_type=\"widget\" data-widget_type=\"text-editor.default\">\n\t\t\t\t<div class=\"elementor-widget-container\">\n\t\t\t\t\t\t\t<table><tbody><tr><td width=\"366\"><p>L\u2019ann\u00e9e derni\u00e8re, \u00e0 la demande de Maria, nous avons r\u00e9colt\u00e9 des livres scolaires, des manuels p\u00e9dagogiques, mais aussi des livres religieux ou des romans, pour alimenter la biblioth\u00e8que du centre culturel de Notre Dame de Fatima, o\u00f9 les jeunes musulmans et chr\u00e9tiens peuvent se r\u00e9unir et s\u2019instruire. Cette r\u00e9colte a \u00e9t\u00e9 courronn\u00e9e de succ\u00e8s, <strong>nous avons r\u00e9uni environ 2m3, soit l\u2019\u00e9quivalent de 800 kg de livres<\/strong>\u00a0! L\u2019association est actuellement en cours de prospection aupr\u00e8s de transporteurs pour pouvoir acheminer ces livres \u00e0 moindre prix. Si vous connaissez des associations ou professionnel qui pourraient nous y aider, ou si vous souhaitez <strong>contribuer financi\u00e8rement au transport<\/strong>, contactez <a href=\"mailto:responsable91@mej.fr\">responsable91@mej.fr<\/a><\/p><p>\u00a0<\/p><\/td><\/tr><\/tbody><\/table>\t\t\t\t\t\t<\/div>\n\t\t\t\t<\/div>\n\t\t\t\t\t<\/div>\n\t\t<\/div>\n\t\t\t\t\t\t\t<\/div>\n\t\t<\/section>\n\t\t\t\t<section class=\"elementor-section elementor-top-section elementor-element elementor-element-5fde24d elementor-section-boxed elementor-section-height-default elementor-section-height-default\" data-id=\"5fde24d\" data-element_type=\"section\">\n\t\t\t\t\t\t<div class=\"elementor-container elementor-column-gap-default\">\n\t\t\t\t\t<div class=\"elementor-column elementor-col-100 elementor-top-column elementor-element elementor-element-2ba52bd\" data-id=\"2ba52bd\" data-element_type=\"column\">\n\t\t\t<div class=\"elementor-widget-wrap elementor-element-populated\">\n\t\t\t\t\t\t\t\t<div class=\"elementor-element elementor-element-2aac6cb elementor-widget elementor-widget-image\" data-id=\"2aac6cb\" data-element_type=\"widget\" data-widget_type=\"image.default\">\n\t\t\t\t<div class=\"elementor-widget-container\">\n\t\t\t\t\t\t\t\t\t\t\t\t<figure class=\"wp-caption\">\n\t\t\t\t\t\t\t\t\t\t<img decoding=\"async\" loading=\"lazy\" width=\"640\" height=\"289\" src=\"https:\/\/ednc.secteur-palaiseau.fr\/wp-content\/uploads\/2023\/04\/EDNC-MEJ-Fev23-5b-1024x462.jpg\" class=\"attachment-large size-large wp-image-5783\" alt=\"\" srcset=\"https:\/\/ednc.secteur-palaiseau.fr\/wp-content\/uploads\/2023\/04\/EDNC-MEJ-Fev23-5b-1024x462.jpg 1024w, https:\/\/ednc.secteur-palaiseau.fr\/wp-content\/uploads\/2023\/04\/EDNC-MEJ-Fev23-5b-300x135.jpg 300w, https:\/\/ednc.secteur-palaiseau.fr\/wp-content\/uploads\/2023\/04\/EDNC-MEJ-Fev23-5b-768x346.jpg 768w, https:\/\/ednc.secteur-palaiseau.fr\/wp-content\/uploads\/2023\/04\/EDNC-MEJ-Fev23-5b-1536x692.jpg 1536w, https:\/\/ednc.secteur-palaiseau.fr\/wp-content\/uploads\/2023\/04\/EDNC-MEJ-Fev23-5b-2048x923.jpg 2048w\" sizes=\"(max-width: 640px) 100vw, 640px\" \/>\t\t\t\t\t\t\t\t\t\t\t<figcaption class=\"widget-image-caption wp-caption-text\">Mars 2023 - L\u2019\u00e9quipe MEJ du secteur de Palaiseau<\/figcaption>\n\t\t\t\t\t\t\t\t\t\t<\/figure>\n\t\t\t\t\t\t\t\t\t<\/div>\n\t\t\t\t<\/div>\n\t\t\t\t\t<\/div>\n\t\t<\/div>\n\t\t\t\t\t\t\t<\/div>\n\t\t<\/section>\n\t\t\t\t<section class=\"elementor-section elementor-top-section elementor-element elementor-element-8c48836 elementor-section-boxed elementor-section-height-default elementor-section-height-default\" data-id=\"8c48836\" data-element_type=\"section\">\n\t\t\t\t\t\t<div class=\"elementor-container elementor-column-gap-default\">\n\t\t\t\t\t<div class=\"elementor-column elementor-col-100 elementor-top-column elementor-element elementor-element-66dce65\" data-id=\"66dce65\" data-element_type=\"column\">\n\t\t\t<div class=\"elementor-widget-wrap elementor-element-populated\">\n\t\t\t\t\t\t\t\t<div class=\"elementor-element elementor-element-c88c5a4 elementor-widget-divider--view-line elementor-widget elementor-widget-divider\" data-id=\"c88c5a4\" data-element_type=\"widget\" data-widget_type=\"divider.default\">\n\t\t\t\t<div class=\"elementor-widget-container\">\n\t\t\t\t\t<div class=\"elementor-divider\">\n\t\t\t<span class=\"elementor-divider-separator\">\n\t\t\t\t\t\t<\/span>\n\t\t<\/div>\n\t\t\t\t<\/div>\n\t\t\t\t<\/div>\n\t\t\t\t\t<\/div>\n\t\t<\/div>\n\t\t\t\t\t\t\t<\/div>\n\t\t<\/section>\n\t\t\t\t<section class=\"elementor-section elementor-top-section elementor-element elementor-element-96044c5 elementor-section-boxed elementor-section-height-default elementor-section-height-default\" data-id=\"96044c5\" data-element_type=\"section\">\n\t\t\t\t\t\t<div class=\"elementor-container elementor-column-gap-default\">\n\t\t\t\t\t<div class=\"elementor-column elementor-col-100 elementor-top-column elementor-element elementor-element-e51066c\" data-id=\"e51066c\" data-element_type=\"column\">\n\t\t\t<div class=\"elementor-widget-wrap elementor-element-populated\">\n\t\t\t\t\t\t\t\t<div class=\"elementor-element elementor-element-d559021 elementor-widget elementor-widget-text-editor\" data-id=\"d559021\" data-element_type=\"widget\" data-widget_type=\"text-editor.default\">\n\t\t\t\t<div class=\"elementor-widget-container\">\n\t\t\t\t\t\t\t<p>Le Mouvement Eucharistique des Jeunes\u00a0 est un mouvement d\u2019\u00e9ducation humaine et spirituelle catholique o\u00f9 les MEJistes sont accompagn\u00e9s pour unifier leur vie et leur foi, afin d\u2019\u00eatre des chr\u00e9tiens \u00e9panouis pour partager au monde la joie, l\u2019Esp\u00e9rance et la Paix du Christ.<br \/>Les jeunes cheminent en \u00e9quipe de Fnous (Feux Nouveaux, 7-10 ans), JT (Jeunes T\u00e9moins, 10-13 ans),\u00a0 TA (T\u00e9moins Aujourd\u2019hui, 13-15), ES (Equipe Esp\u00e9rance 15-18 ans)<br \/><a href=\"https:\/\/mej.fr\">https:\/\/mej.fr<\/a><\/p>\t\t\t\t\t\t<\/div>\n\t\t\t\t<\/div>\n\t\t\t\t\t<\/div>\n\t\t<\/div>\n\t\t\t\t\t\t\t<\/div>\n\t\t<\/section>\n\t\t\t\t<section class=\"elementor-section elementor-top-section elementor-element elementor-element-bb1154d elementor-section-boxed elementor-section-height-default elementor-section-height-default\" data-id=\"bb1154d\" data-element_type=\"section\">\n\t\t\t\t\t\t<div class=\"elementor-container elementor-column-gap-default\">\n\t\t\t\t\t<div class=\"elementor-column elementor-col-100 elementor-top-column elementor-element elementor-element-386c302\" data-id=\"386c302\" data-element_type=\"column\">\n\t\t\t<div class=\"elementor-widget-wrap elementor-element-populated\">\n\t\t\t\t\t\t\t\t<div class=\"elementor-element elementor-element-62f355c elementor-widget elementor-widget-text-editor\" data-id=\"62f355c\" data-element_type=\"widget\" data-widget_type=\"text-editor.default\">\n\t\t\t\t<div class=\"elementor-widget-container\">\n\t\t\t\t\t\t\t<p class=\"MsoNormal\" style=\"text-align: justify;\"><span style=\"font-size: 12pt; line-height: 115%;\">La semaine suivante, ils ont anim\u00e9 la messe pr\u00e9sid\u00e9e par Mgr Pansard, et ont chant\u00e9 \u2018A toi la parole\u2019, dans la continuit\u00e9 de ce t\u00e9moignage\u00a0:<\/span><\/p>\t\t\t\t\t\t<\/div>\n\t\t\t\t<\/div>\n\t\t\t\t\t<\/div>\n\t\t<\/div>\n\t\t\t\t\t\t\t<\/div>\n\t\t<\/section>\n\t\t\t\t<section class=\"elementor-section elementor-top-section elementor-element elementor-element-c14480d elementor-section-boxed elementor-section-height-default elementor-section-height-default\" data-id=\"c14480d\" data-element_type=\"section\">\n\t\t\t\t\t\t<div class=\"elementor-container elementor-column-gap-default\">\n\t\t\t\t\t<div class=\"elementor-column elementor-col-50 elementor-top-column elementor-element elementor-element-1fdafc2\" data-id=\"1fdafc2\" data-element_type=\"column\">\n\t\t\t<div class=\"elementor-widget-wrap elementor-element-populated\">\n\t\t\t\t\t\t\t\t<div class=\"elementor-element elementor-element-95242b9 elementor-widget elementor-widget-text-editor\" data-id=\"95242b9\" data-element_type=\"widget\" data-widget_type=\"text-editor.default\">\n\t\t\t\t<div class=\"elementor-widget-container\">\n\t\t\t\t\t\t\t<p><strong>A toi la parole<\/strong> &#8211; <em>Sophie et Jean-Yves Gall<\/em><\/p><p><strong>A toi la parole, Dieu \u00e9crit ta libert\u00e9,<br \/><\/strong><strong>A toi la parole, il nous a aim\u00e9s.<br \/><\/strong><strong>Il tient parole, le livre n&rsquo;est plus ferm\u00e9<br \/><\/strong><strong>Notre Dieu s&rsquo;est donn\u00e9<\/strong><\/p><p>\u00a0<\/p><p>\u202f1- Ils sont une humanit\u00e9 \u00e0 attendre une parole\u202f<br \/>Qui viendrait les lib\u00e9rer, leur apprendrait \u00e0 s&rsquo;aimer.\u202f<br \/>Ils sont des hommes affam\u00e9s, \u00e0 attendre une parole\u202f<br \/>Qui voudrait les rassasier, leur apprendre \u00e0 partager.\u202f<\/p><p>2- Ils sont un peuple en col\u00e8re, \u00e0 attendre une parole\u202f<br \/>Qui viendrait comme la paix, leur apprendre \u00e0 pardonner.<br \/>Ils sont au fond de la nuit, \u00e0 attendre une parole\u202f<br \/>Qui ouvrirait le passage, allumerait des feux de joie.\u202f<\/p>\t\t\t\t\t\t<\/div>\n\t\t\t\t<\/div>\n\t\t\t\t<div class=\"elementor-element elementor-element-1005e01 elementor-widget elementor-widget-image\" data-id=\"1005e01\" data-element_type=\"widget\" data-widget_type=\"image.default\">\n\t\t\t\t<div class=\"elementor-widget-container\">\n\t\t\t\t\t\t\t\t\t\t\t\t\t\t\t<img decoding=\"async\" loading=\"lazy\" width=\"640\" height=\"161\" src=\"https:\/\/ednc.secteur-palaiseau.fr\/wp-content\/uploads\/2023\/04\/EDNC-MEJ-Fev23-7.jpg\" class=\"attachment-large size-large wp-image-5799\" alt=\"\" srcset=\"https:\/\/ednc.secteur-palaiseau.fr\/wp-content\/uploads\/2023\/04\/EDNC-MEJ-Fev23-7.jpg 853w, https:\/\/ednc.secteur-palaiseau.fr\/wp-content\/uploads\/2023\/04\/EDNC-MEJ-Fev23-7-300x75.jpg 300w, https:\/\/ednc.secteur-palaiseau.fr\/wp-content\/uploads\/2023\/04\/EDNC-MEJ-Fev23-7-768x193.jpg 768w\" sizes=\"(max-width: 640px) 100vw, 640px\" \/>\t\t\t\t\t\t\t\t\t\t\t\t\t\t\t<\/div>\n\t\t\t\t<\/div>\n\t\t\t\t\t<\/div>\n\t\t<\/div>\n\t\t\t\t<div class=\"elementor-column elementor-col-50 elementor-top-column elementor-element elementor-element-44bd2b3\" data-id=\"44bd2b3\" data-element_type=\"column\">\n\t\t\t<div class=\"elementor-widget-wrap elementor-element-populated\">\n\t\t\t\t\t\t\t\t<div class=\"elementor-element elementor-element-49975a1 elementor-widget elementor-widget-image\" data-id=\"49975a1\" data-element_type=\"widget\" data-widget_type=\"image.default\">\n\t\t\t\t<div class=\"elementor-widget-container\">\n\t\t\t\t\t\t\t\t\t\t\t\t\t\t\t<img decoding=\"async\" loading=\"lazy\" width=\"640\" height=\"424\" src=\"https:\/\/ednc.secteur-palaiseau.fr\/wp-content\/uploads\/2023\/04\/MEJmesse-St-Michel-1024x678.jpg\" class=\"attachment-large size-large wp-image-6157\" alt=\"\" srcset=\"https:\/\/ednc.secteur-palaiseau.fr\/wp-content\/uploads\/2023\/04\/MEJmesse-St-Michel-1024x678.jpg 1024w, https:\/\/ednc.secteur-palaiseau.fr\/wp-content\/uploads\/2023\/04\/MEJmesse-St-Michel-300x199.jpg 300w, https:\/\/ednc.secteur-palaiseau.fr\/wp-content\/uploads\/2023\/04\/MEJmesse-St-Michel-768x509.jpg 768w, https:\/\/ednc.secteur-palaiseau.fr\/wp-content\/uploads\/2023\/04\/MEJmesse-St-Michel-1536x1017.jpg 1536w, https:\/\/ednc.secteur-palaiseau.fr\/wp-content\/uploads\/2023\/04\/MEJmesse-St-Michel-2048x1356.jpg 2048w\" sizes=\"(max-width: 640px) 100vw, 640px\" \/>\t\t\t\t\t\t\t\t\t\t\t\t\t\t\t<\/div>\n\t\t\t\t<\/div>\n\t\t\t\t\t<\/div>\n\t\t<\/div>\n\t\t\t\t\t\t\t<\/div>\n\t\t<\/section>\n\t\t\t\t<section class=\"elementor-section elementor-top-section elementor-element elementor-element-7fb4f66 elementor-section-boxed elementor-section-height-default elementor-section-height-default\" data-id=\"7fb4f66\" data-element_type=\"section\">\n\t\t\t\t\t\t<div class=\"elementor-container elementor-column-gap-default\">\n\t\t\t\t\t<div class=\"elementor-column elementor-col-100 elementor-top-column elementor-element elementor-element-2f7ffe3\" data-id=\"2f7ffe3\" data-element_type=\"column\">\n\t\t\t<div class=\"elementor-widget-wrap elementor-element-populated\">\n\t\t\t\t\t\t\t\t<div class=\"elementor-element elementor-element-b8735fd elementor-widget elementor-widget-video\" data-id=\"b8735fd\" data-element_type=\"widget\" data-settings=\"{&quot;video_type&quot;:&quot;hosted&quot;,&quot;controls&quot;:&quot;yes&quot;}\" data-widget_type=\"video.default\">\n\t\t\t\t<div class=\"elementor-widget-container\">\n\t\t\t\t\t<div class=\"e-hosted-video elementor-wrapper elementor-open-inline\">\n\t\t\t\t\t<video class=\"elementor-video\" src=\"https:\/\/ednc.secteur-palaiseau.fr\/wp-content\/uploads\/2023\/04\/DSC_0673.mov\" controls=\"\" preload=\"metadata\" controlsList=\"nodownload\"><\/video>\n\t\t\t\t<\/div>\n\t\t\t\t<\/div>\n\t\t\t\t<\/div>\n\t\t\t\t\t<\/div>\n\t\t<\/div>\n\t\t\t\t\t\t\t<\/div>\n\t\t<\/section>\n\t\t\t\t<section class=\"elementor-section elementor-top-section elementor-element elementor-element-7ee0c10 elementor-section-boxed elementor-section-height-default elementor-section-height-default\" data-id=\"7ee0c10\" data-element_type=\"section\">\n\t\t\t\t\t\t<div class=\"elementor-container elementor-column-gap-default\">\n\t\t\t\t\t<div class=\"elementor-column elementor-col-25 elementor-top-column elementor-element elementor-element-d5deeab\" data-id=\"d5deeab\" data-element_type=\"column\">\n\t\t\t<div class=\"elementor-widget-wrap\">\n\t\t\t\t\t\t\t\t\t<\/div>\n\t\t<\/div>\n\t\t\t\t<div class=\"elementor-column elementor-col-25 elementor-top-column elementor-element elementor-element-6f5d438\" data-id=\"6f5d438\" data-element_type=\"column\">\n\t\t\t<div class=\"elementor-widget-wrap\">\n\t\t\t\t\t\t\t\t\t<\/div>\n\t\t<\/div>\n\t\t\t\t<div class=\"elementor-column elementor-col-25 elementor-top-column elementor-element elementor-element-52da01d\" data-id=\"52da01d\" data-element_type=\"column\">\n\t\t\t<div class=\"elementor-widget-wrap\">\n\t\t\t\t\t\t\t\t\t<\/div>\n\t\t<\/div>\n\t\t\t\t<div class=\"elementor-column elementor-col-25 elementor-top-column elementor-element elementor-element-99fe774\" data-id=\"99fe774\" data-element_type=\"column\">\n\t\t\t<div class=\"elementor-widget-wrap elementor-element-populated\">\n\t\t\t\t\t\t\t\t<div class=\"elementor-element elementor-element-926088b elementor-widget elementor-widget-image\" data-id=\"926088b\" data-element_type=\"widget\" data-widget_type=\"image.default\">\n\t\t\t\t<div class=\"elementor-widget-container\">\n\t\t\t\t\t\t\t\t\t\t\t\t\t\t\t<img decoding=\"async\" loading=\"lazy\" width=\"74\" height=\"15\" src=\"https:\/\/ednc.secteur-palaiseau.fr\/wp-content\/uploads\/2023\/02\/MichelSt.jpg\" class=\"attachment-thumbnail size-thumbnail wp-image-5920\" alt=\"\" \/>\t\t\t\t\t\t\t\t\t\t\t\t\t\t\t<\/div>\n\t\t\t\t<\/div>\n\t\t\t\t\t<\/div>\n\t\t<\/div>\n\t\t\t\t\t\t\t<\/div>\n\t\t<\/section>\n\t\t\t\t\t\t\t<\/div>\n\t\t","protected":false},"excerpt":{"rendered":"<p>St\u00e9phanie, responsable MEJ<\/p>\n<p>C\u00e9dric Ouanekpon\u00e9 et Maria Biedrawa, acteurs en zone de conflits en R\u00e9publique Centrafricaine sont venus le 5 F\u00e9vrier dans la salle paroissiale de St Michel du Pileu, o\u00f9 les attendaient une quarantaine de MEJistes, parents et paroissiens.<\/p>\n","protected":false},"author":6,"featured_media":5834,"comment_status":"closed","ping_status":"closed","sticky":false,"template":"","format":"standard","meta":{"footnotes":""},"categories":[4],"tags":[],"_links":{"self":[{"href":"https:\/\/ednc.secteur-palaiseau.fr\/index.php?rest_route=\/wp\/v2\/posts\/5653"}],"collection":[{"href":"https:\/\/ednc.secteur-palaiseau.fr\/index.php?rest_route=\/wp\/v2\/posts"}],"about":[{"href":"https:\/\/ednc.secteur-palaiseau.fr\/index.php?rest_route=\/wp\/v2\/types\/post"}],"author":[{"embeddable":true,"href":"https:\/\/ednc.secteur-palaiseau.fr\/index.php?rest_route=\/wp\/v2\/users\/6"}],"replies":[{"embeddable":true,"href":"https:\/\/ednc.secteur-palaiseau.fr\/index.php?rest_route=%2Fwp%2Fv2%2Fcomments&post=5653"}],"version-history":[{"count":249,"href":"https:\/\/ednc.secteur-palaiseau.fr\/index.php?rest_route=\/wp\/v2\/posts\/5653\/revisions"}],"predecessor-version":[{"id":6160,"href":"https:\/\/ednc.secteur-palaiseau.fr\/index.php?rest_route=\/wp\/v2\/posts\/5653\/revisions\/6160"}],"wp:featuredmedia":[{"embeddable":true,"href":"https:\/\/ednc.secteur-palaiseau.fr\/index.php?rest_route=\/wp\/v2\/media\/5834"}],"wp:attachment":[{"href":"https:\/\/ednc.secteur-palaiseau.fr\/index.php?rest_route=%2Fwp%2Fv2%2Fmedia&parent=5653"}],"wp:term":[{"taxonomy":"category","embeddable":true,"href":"https:\/\/ednc.secteur-palaiseau.fr\/index.php?rest_route=%2Fwp%2Fv2%2Fcategories&post=5653"},{"taxonomy":"post_tag","embeddable":true,"href":"https:\/\/ednc.secteur-palaiseau.fr\/index.php?rest_route=%2Fwp%2Fv2%2Ftags&post=5653"}],"curies":[{"name":"wp","href":"https:\/\/api.w.org\/{rel}","templated":true}]}}