{"id":5515,"date":"2023-04-06T17:00:07","date_gmt":"2023-04-06T15:00:07","guid":{"rendered":"https:\/\/ednc.secteur-palaiseau.fr\/?p=5515"},"modified":"2023-04-11T22:13:33","modified_gmt":"2023-04-11T20:13:33","slug":"conference-debat-organisee-par-le-groupe-islamo-chretien-de-palaiseau","status":"publish","type":"post","link":"https:\/\/ednc.secteur-palaiseau.fr\/?p=5515","title":{"rendered":"Conf\u00e9rence-d\u00e9bat organis\u00e9e par le groupe islamo-chr\u00e9tien de Palaiseau"},"content":{"rendered":"\t\t<div data-elementor-type=\"wp-post\" data-elementor-id=\"5515\" class=\"elementor elementor-5515\">\n\t\t\t\t\t\t\t\t\t<section class=\"elementor-section elementor-top-section elementor-element elementor-element-381788e7 elementor-section-boxed elementor-section-height-default elementor-section-height-default\" data-id=\"381788e7\" data-element_type=\"section\">\n\t\t\t\t\t\t<div class=\"elementor-container elementor-column-gap-default\">\n\t\t\t\t\t<div class=\"elementor-column elementor-col-100 elementor-top-column elementor-element elementor-element-76277926\" data-id=\"76277926\" data-element_type=\"column\">\n\t\t\t<div class=\"elementor-widget-wrap elementor-element-populated\">\n\t\t\t\t\t\t\t\t<div class=\"elementor-element elementor-element-33c6696a elementor-widget elementor-widget-text-editor\" data-id=\"33c6696a\" data-element_type=\"widget\" data-widget_type=\"text-editor.default\">\n\t\t\t\t<div class=\"elementor-widget-container\">\n\t\t\t\t\t\t\t<p><em><strong>Josette Philippon<\/strong><\/em><\/p>\n<p><span style=\"font-family: var( --e-global-typography-text-font-family ), Sans-serif; font-size: 1rem; font-weight: var( --e-global-typography-text-font-weight );\">Une nouvelle fois et apr\u00e8s deux ann\u00e9es difficiles, le groupe islamo-chr\u00e9tien a organis\u00e9 le 12 mars une conf\u00e9rence-d\u00e9bat qui avait pour th\u00e8me&nbsp;:<\/span><\/p>\n<p style=\"text-align: center;\">\u00ab&nbsp;<strong>Comment vivre sa foi dans la soci\u00e9t\u00e9 fran\u00e7aise actuelle&nbsp;?&nbsp;<\/strong>\u00bb<\/p>\n<p style=\"text-align: left;\">Nous avons eu le plaisir d\u2019accueillir&nbsp;:<br>&nbsp; &#8211;&nbsp; &nbsp;Le P\u00e8re Juv\u00e9nal Rutumbu&nbsp;: pr\u00eatre catholique et qui fut responsable du secteur de Palaiseau pendant 9 ans<br>&nbsp; &#8211;&nbsp; &nbsp;Monsieur Hamid Arim&nbsp;: professeur et Imam<\/p>\n<p style=\"text-align: left;\"><i><b>Extrait de l\u2019intervention du P\u00e8re Juv\u00e9nal<\/b><\/i><\/p>\n<p style=\"text-align: left;\">&nbsp;Dans la soci\u00e9t\u00e9 fran\u00e7aise actuelle, \u00e0 quels d\u00e9fis faisons-nous face quand nous voulons vivre notre foi ? La\u00efcit\u00e9 (mal comprise), s\u00e9cularisation (effacement du religieux dans notre soci\u00e9t\u00e9), pluralisme (qui devient probl\u00e8me lorsqu\u2019on n\u2019est pas bien connect\u00e9 \u00e0 sa source de foi), l\u2019esprit identitaire (qui signifie exclusion et puret\u00e9 dangereuse) \u2026&nbsp;?<\/p>\n<p style=\"text-align: left;\">\n<\/p><p style=\"text-align: left;\">&nbsp;La fin de la chr\u00e9tient\u00e9 fut une bonne chose car elle a permis l\u2019\u00e9mergence d\u2019une foi et d\u2019une pratique chr\u00e9tienne plus personnelles, plus engag\u00e9es, plus authentiques, moins sociologiques, moins suivistes, peut-\u00eatre aussi moins ritualistes, moins l\u00e9galistes et moins formalistes. Mais elle a contribu\u00e9 \u00e0 l\u2019effacement progressif de la culture chr\u00e9tienne. Et cela vient de loin : tout au moins des lumi\u00e8res et non uniquement de 1968 ou de Vatican II comme ont tendance de le dire certain Historiens (ex. Guillaume Cuchet). L\u2019Europe est redevenue un continent de mission. Et ce n\u2019est pas n\u00e9cessairement une mauvaise chose, pourvu qu\u2019on l\u2019accepte et qu\u2019on en tire des cons\u00e9quences : travailler \u00e0 une nouvelle \u00e9vang\u00e9lisation ou une \u00e9vang\u00e9lisation en profondeur.<\/p>\n<p style=\"text-align: left;\">\n<\/p><p style=\"text-align: left;\">&nbsp;Plus pr\u00e9cis\u00e9ment, quelle est la forme de notre soci\u00e9t\u00e9 actuelle et, par l\u00e0, les d\u00e9s qu\u2019elle nous lance dans notre effort de vivre notre foi ? Nous partageons avec nos contemporains la dictature de la rapidit\u00e9, de la productivit\u00e9, de l\u2019efficacit\u00e9, de l\u2019accumulation ; la culture du zapping, de la fuite en avant, de la boulimie d\u2019activit\u00e9s.<\/p>\n<p style=\"text-align: left;\">&nbsp;Nous nous laissons emporter par l\u2019urgence mat\u00e9rielle de peur de rencontrer le vide. Certains disent que nous sommes menac\u00e9s par \u00ab l\u2019h\u00e9r\u00e9sie des oeuvres \u00bb, notre grande tentation \u00e9tant de vouloir trop faire sans le Christ, pour le Christ.<\/p>\n<p style=\"text-align: left;\">Et pourtant la soci\u00e9t\u00e9 actuelle est travers\u00e9e par une r\u00e9elle soif de spirituel<\/p>\n<p style=\"text-align: left;\">Il s\u2019agit de demeurer en Dieu par la manducation de sa Parole, la pri\u00e8re, les sacrements, le service du fr\u00e8re. Croire, esp\u00e9rer, aimer, t\u00e9moigner, transmettre, rayonner. Mais cela demande que l\u2019on prenne le temps de demeurer en Dieu, d\u2019\u00eatre attentif \u00e0 nos fr\u00e8res humains. Notre devoir premier est celui d\u2019accueillir, de conserver et de r\u00e9aliser la Parole : ce n\u2019est qu\u2019ainsi que nous serons autoris\u00e9s \u00e0 la communiquer \u00e0 ceux aupr\u00e8s desquels nous sommes envoy\u00e9s par le Seigneur\u2026<\/p>\n<p style=\"text-align: left;\">Comment b\u00e2tir un projet commun malgr\u00e9 ou avec nos diversit\u00e9s ? Il faut partir du fait que nous avons la m\u00eame humanit\u00e9 et que nous avons \u00e0 travailler ensemble pour la paix et la fraternit\u00e9 au service de cette m\u00eame humanit\u00e9. Et cela passe par la rencontre et le dialogue. La rencontre de l\u2019autre me r\u00e9v\u00e8le mes limites, mes fragilit\u00e9s, mais aussi mes richesses, mes potentialit\u00e9s mais lorsqu\u2019on accueille l\u2019autre de tout coeur, on lui permet d\u2019\u00eatre lui-m\u00eame tout en lui offrant la possibilit\u00e9 d\u2019un nouveau d\u00e9veloppement. Nous sommes appel\u00e9s ainsi \u00e0 l\u2019ouverture les uns aux autres, au d\u00e9passement des tentations communautaristes et identitaires qui nous guettent tous, car elles nous conduiraient \u00e0 une situation d\u2019impasse et \u00e0 une st\u00e9rilit\u00e9 mortelle. Les \u00e9changes permettent de b\u00e2tir une nouvelle histoire commune qui sera b\u00e9n\u00e9fique pour tout le monde.<\/p>\n<p style=\"text-align: left;\">Le dialogue ne rel\u00e8ve pas uniquement du social, du culturel, mais aussi du spirituel : il est de l\u2019ordre du myst\u00e8re pascal ; car il appelle \u00e0 des formes de renoncement et de d\u00e9sappropriation. Et quand il est r\u00e9ussi, il rev\u00eat une forme de r\u00e9surrection<strong>.<\/strong><\/p>\n<p style=\"text-align: left;\">La mystique de la fraternit\u00e9<strong>. <\/strong>C\u2019est Emmanuel L\u00e9vinas qui nous rappelle que : \u00ab <em>Le visage de l\u2019autre est l\u2019\u00e9piphanie de Dieu \u2026 Il affirme le Cr\u00e9ateur. \u2026 La dimension du divin s\u2019ouvre \u00e0 partir du visage humain. \u2026<\/em><\/p>\n<p style=\"text-align: left;\">Pourquoi chaque \u00eatre humain est cadeau de Dieu ? Parce que c\u2019est sa propre demande vitale de relation qui r\u00e9active en autrui la capacit\u00e9 d\u2019empathie, de compassion\u2026<\/p>\n<p style=\"text-align: left;\">Les d\u00e9rives possibles aussi bien de la part de la la\u00efcit\u00e9 que de la pratique religieuse sont le danger de la\u00efcisme (exclure compl\u00e8tement la religion de la soci\u00e9t\u00e9), danger identitaire (refus de la pluralit\u00e9 et d\u00e9rive communautariste). La la\u00efcit\u00e9 bien comprise permet \u00e0 chaque religion de vivre ses convictions spirituelles sans empi\u00e9ter sur la libert\u00e9 des autres<\/p>\n<p style=\"text-align: left;\">La d\u00e9rive identitaire est favoris\u00e9e par le contexte marqu\u00e9 par la peur de l\u2019immigr\u00e9, par le regain des populismes et par la pression migratoire.<\/p>\n<p style=\"text-align: left;\">\n<\/p><p style=\"text-align: left;\">Certains d\u2019entre nous sont franco-camerounais, d\u2019autres sont \u00e0 la fois franco-anglo-am\u00e9ricains, nous tous avons du sang m\u00e9lang\u00e9 qui coule dans nos veines, \u2026. C\u2019est dire que nous sommes constitu\u00e9s d\u2019humanit\u00e9 et d\u2019identit\u00e9 multiples (Pierre Claverie) et que notre avenir n\u2019est pas \u00e0 la puret\u00e9 dangereuse, mais au m\u00e9tissage, aussi bien au niveau de notre histoire qu\u2019\u00e0 celui de notre imaginaire. Et c\u2019est bien ainsi car cela constitue la richesse de chacun d\u2019entre nous.<\/p>\n<p style=\"text-align: left;\">\n<\/p><p style=\"text-align: left;\"><b><i>Extrait de l\u2019intervention de Monsieur Hamid- professeur et Imam<\/i><\/b><\/p>\n<p style=\"text-align: left;\">Le mot \u00ab actuelle \u00bb, ne doit pas nous faire oublier la violence dans laquelle les d\u00e9bats, d\u00e9j\u00e0 en 1905, qu\u2019ont suscit\u00e9 la proposition et la votation de la loi dite loi de s\u00e9paration, des \u00c9glises et de l\u2019\u00c9tat, loin de toute exhaustivit\u00e9<\/p>\n<p style=\"text-align: left;\">Dans ce vacarme et dans cette agitation soci\u00e9tale, une voix, sage et sinc\u00e8re&nbsp;; \u00e0 qui l\u2019on a reproch\u00e9 la communion de sa fille et qui n\u2019a cess\u00e9 d\u2019encourager le premier d\u00e9put\u00e9 musulman \u00e0 vivre pleinement son r\u00f4le de citoyen en l\u2019occurrence \u00ab&nbsp;le m\u00e9decin des pauvres&nbsp;\u00bb Philippe Grenier, rappelle fermement, dans un esprit de synth\u00e8se et de r\u00e9conciliation&nbsp;: \u00ab&nbsp;je crois pouvoir dire historiquement ceci : la France n&rsquo;est pas schismatique, elle est r\u00e9volutionnaire&nbsp;\u00bb, il appelle \u00ab&nbsp;\u00e0 la marche d\u00e9lib\u00e9r\u00e9e de l&rsquo;esprit vers la pleine lumi\u00e8re, la pleine science et l&rsquo;enti\u00e8re raison.&nbsp;\u00bb, qui peut s\u2019opposer \u00e0 ce discours, \u00e0 cette invitation et \u00e0 cette marche vers l\u2019\u00e9mancipation de l\u2019esprit et de l\u2019\u00eatre humain, pr\u00e9occupation essentielle et existentielle en islam, le premier verset r\u00e9v\u00e9l\u00e9, n\u2019est-il pas cet imp\u00e9ratif divin qui incite le musulman \u00e0 lire, et l\u2019univers d\u00e9ploy\u00e9, celui du monde \u00e0 explorer et \u00e0 mettre au service de l\u2019\u00eatre humain, et celui du Coran qui balise le cheminement et le devenir du musulman vers son ultime et \u00e9ternelle demeure&nbsp;?<\/p>\n<p style=\"text-align: left;\">Aux yeux de cet homme, lui-m\u00eame victime de la violence de l\u2019\u00e9poque, la la\u00efcit\u00e9 reste une \u00ab&nbsp;\u0153uvre de sinc\u00e9rit\u00e9 et non de brutalit\u00e9&nbsp;\u00bb.<\/p>\n<p style=\"text-align: left;\">En plus de cette violence historique, voire ordinaire, en France, deux facteurs acc\u00e9l\u00e9rateurs, avec leurs propres agendas, leurs propres logiques, parfois solidaires l\u2019une de l\u2019autre, en l\u2019occurrence, le pouvoir des m\u00e9dias, pour ne pas dire les m\u00e9dias du pouvoir, et la contestation de l\u2019autorit\u00e9 sous toutes ses formes&nbsp;: l\u2019\u00c9tat, la religion, l\u2019\u00e9cole, la famille, la science \u2026, marquent notre quotidien &nbsp;: aujourd\u2019hui, ressemble \u00e9trangement \u00e0 hier, peut-\u00eatre \u00e0 demain, nous sommes victimes de cette nostalgie d\u2019un monde meilleur, qui n\u2019a jamais exist\u00e9, celui d\u2019un pass\u00e9 paisible et simple, d\u2019un \u00ab&nbsp;r\u00e9tr\u00e9cissement du temps&nbsp;\u00bb devant cette modernit\u00e9 tardive, qui bouleverse tous nos rapports sociaux, aux outils de communication et m\u00eame au divin. Tout le monde se plaint de ce manque cruel de temps pour soi, pour Dieu et pour l\u2019autre. Pourtant, non, juste dans la pr\u00e9cipitation et la r\u00e9action<\/p>\n<p style=\"text-align: left;\">\n<\/p><p style=\"text-align: left;\">La premi\u00e8re des finalit\u00e9s de la foi musulmane est de pr\u00e9server la religion elle-m\u00eame. De pr\u00e9server, par la suite, tout ce qui est permet d\u2019alimenter, de raffermir et de vivre&nbsp;: la raison, le capital, la dignit\u00e9 humaine, la morale, l\u2019\u00e9thique et les valeurs, tout cela dans un esprit de justice et de bienveillance.<\/p>\n<p style=\"text-align: left;\">En quoi ces finalit\u00e9s, seraient-elles incompatibles avec les valeurs de la R\u00e9publique&nbsp;? Ces finalit\u00e9s, varient-elles, changent-elle&nbsp;fonction du temps et de l\u2019espace&nbsp;?<\/p>\n<p style=\"text-align: left;\">Certainement non, ce qui a chang\u00e9 par contre, ce sont les outils, ce sont les moyens, ce sont les possibilit\u00e9s, voire l\u2019aisance m\u00eame, qu\u2019offre la modernit\u00e9 et ses progr\u00e8s technologiques et scientifiques pour y acc\u00e9der. Malheureusement, ces progr\u00e8s technologiques et scientifiques, consid\u00e8rent la foi comme un obstacle, comme un ennemi \u00e0 \u00e9liminer, l\u2019on parlait d\u00e9j\u00e0, \u00ab&nbsp;de l\u2019obsolescence de l\u2019homme&nbsp;\u00bb, de \u00ab&nbsp;la fin de l\u2019histoire&nbsp;\u00bb, l\u2019on parle aujourd\u2019hui de \u00ab&nbsp;la mort de la mort \u00bb. Le transhumanisme est en ordre de marche&nbsp;! Au lieu de servir l\u2019homme, ces progr\u00e8s technologiques et scientifiques veulent l\u2019asservir.<\/p>\n<p style=\"text-align: left;\">Aujourd&rsquo;hui nous assistons \u00e0 une autre exp\u00e9rience qui aboutit un autre d\u00e9s\u00e9quilibre : la civilisation occidentale, qui a perdu le sens du spirituel, se trouve \u00e0 son tour au bord de l&rsquo;ab\u00eeme.<\/p>\n<p style=\"text-align: left;\">Il ne s&rsquo;agit donc plus pour le monde musulman de s\u00e9parer les valeurs mais d&rsquo;accoupler la science et la conscience, l&rsquo;\u00e9thique et la technique, la physique et la m\u00e9taphysique, afin de r\u00e9aliser un monde selon la loi de ses causes et l&rsquo;imp\u00e9ratif de ses fins. Mais pour refaire une jeunesse au monde, il faut un homme nouveau capable d&rsquo;assumer son existence moralement et mat\u00e9riellement, comme t\u00e9moin et comme acteur<\/p>\n<p style=\"text-align: left;\">Pour r\u00e9sumer, le musulman peut vivre sa foi, en France ou ailleurs, \u00e0 condition de conna\u00eetre les sp\u00e9cificit\u00e9s et les histoires du lieu o\u00f9 il vit, de respecter l\u2019int\u00e9r\u00eat g\u00e9n\u00e9ral, de d\u00e9fendre ses droits dans le respect inconditionnel de la loi des pays o\u00f9 il est, les lois sont faites par des hommes&nbsp;; elles peuvent \u00eatre d\u00e9faites d\u2019autres hommes. Le musulman doit porter des projets bien d\u00e9finis, les lois de la R\u00e9publique lui permettent cela, il doit se donner les moyens pour les r\u00e9aliser, et s\u2019engager dans des partenariats, de pr\u00e9f\u00e9rence locales, pour atteindre ses objectifs, la place de l\u2019autre est essentielle, notamment pour ceux dont personne ne veut.<\/p>\n<p style=\"text-align: left;\">\n<\/p><p style=\"text-align: left;\">Apr\u00e8s la conf\u00e9rence, le public a eu la parole pour poser les questions suscit\u00e9es par les expos\u00e9s.<\/p>\n<p style=\"text-align: left;\">\n<\/p><p style=\"text-align: left;\">La salle \u00e9tant comble, des si\u00e8ges suppl\u00e9mentaires furent n\u00e9cessaires\u2026. Puis chacun s\u2019est orient\u00e9 vers le magnifique buffet pour le go\u00fbter avec p\u00e2tisseries orientales, g\u00e2teaux maison et th\u00e9 \u00e0 la menthe&nbsp;: temps de rencontre et de partage dans l\u2019amiti\u00e9.<\/p>\n<p style=\"text-align: left;\">Un apr\u00e8s-midi riche sur le plan humain et spirituel.<\/p>\t\t\t\t\t\t<\/div>\n\t\t\t\t<\/div>\n\t\t\t\t\t<\/div>\n\t\t<\/div>\n\t\t\t\t\t\t\t<\/div>\n\t\t<\/section>\n\t\t\t\t<section class=\"elementor-section elementor-top-section elementor-element elementor-element-4e8ce730 elementor-section-boxed elementor-section-height-default elementor-section-height-default\" data-id=\"4e8ce730\" data-element_type=\"section\">\n\t\t\t\t\t\t<div class=\"elementor-container elementor-column-gap-default\">\n\t\t\t\t\t<div class=\"elementor-column elementor-col-50 elementor-top-column elementor-element elementor-element-74a4a46c\" data-id=\"74a4a46c\" data-element_type=\"column\">\n\t\t\t<div class=\"elementor-widget-wrap\">\n\t\t\t\t\t\t\t\t\t<\/div>\n\t\t<\/div>\n\t\t\t\t<div class=\"elementor-column elementor-col-50 elementor-top-column elementor-element elementor-element-35a879d9\" data-id=\"35a879d9\" data-element_type=\"column\">\n\t\t\t<div class=\"elementor-widget-wrap\">\n\t\t\t\t\t\t\t\t\t<\/div>\n\t\t<\/div>\n\t\t\t\t\t\t\t<\/div>\n\t\t<\/section>\n\t\t\t\t<section class=\"elementor-section elementor-top-section elementor-element elementor-element-12df7187 elementor-section-boxed elementor-section-height-default elementor-section-height-default\" data-id=\"12df7187\" data-element_type=\"section\">\n\t\t\t\t\t\t<div class=\"elementor-container elementor-column-gap-default\">\n\t\t\t\t\t<div class=\"elementor-column elementor-col-33 elementor-top-column elementor-element elementor-element-d5a8b38\" data-id=\"d5a8b38\" data-element_type=\"column\">\n\t\t\t<div class=\"elementor-widget-wrap elementor-element-populated\">\n\t\t\t\t\t\t\t\t<div class=\"elementor-element elementor-element-3425ab06 elementor-widget elementor-widget-image\" data-id=\"3425ab06\" data-element_type=\"widget\" data-widget_type=\"image.default\">\n\t\t\t\t<div class=\"elementor-widget-container\">\n\t\t\t\t\t\t\t\t\t\t\t\t\t\t\t<img decoding=\"async\" loading=\"lazy\" width=\"300\" height=\"225\" src=\"https:\/\/ednc.secteur-palaiseau.fr\/wp-content\/uploads\/2023\/03\/islamo_chretien1-300x225.jpg\" class=\"attachment-medium size-medium wp-image-5514\" alt=\"\" srcset=\"https:\/\/ednc.secteur-palaiseau.fr\/wp-content\/uploads\/2023\/03\/islamo_chretien1-300x225.jpg 300w, https:\/\/ednc.secteur-palaiseau.fr\/wp-content\/uploads\/2023\/03\/islamo_chretien1-1024x768.jpg 1024w, https:\/\/ednc.secteur-palaiseau.fr\/wp-content\/uploads\/2023\/03\/islamo_chretien1-768x576.jpg 768w, https:\/\/ednc.secteur-palaiseau.fr\/wp-content\/uploads\/2023\/03\/islamo_chretien1-1536x1152.jpg 1536w, https:\/\/ednc.secteur-palaiseau.fr\/wp-content\/uploads\/2023\/03\/islamo_chretien1-800x600.jpg 800w, https:\/\/ednc.secteur-palaiseau.fr\/wp-content\/uploads\/2023\/03\/islamo_chretien1.jpg 2048w\" sizes=\"(max-width: 300px) 100vw, 300px\" \/>\t\t\t\t\t\t\t\t\t\t\t\t\t\t\t<\/div>\n\t\t\t\t<\/div>\n\t\t\t\t\t<\/div>\n\t\t<\/div>\n\t\t\t\t<div class=\"elementor-column elementor-col-33 elementor-top-column elementor-element elementor-element-23d9b407\" data-id=\"23d9b407\" data-element_type=\"column\">\n\t\t\t<div class=\"elementor-widget-wrap elementor-element-populated\">\n\t\t\t\t\t\t\t\t<div class=\"elementor-element elementor-element-3bcfb319 elementor-widget elementor-widget-image\" data-id=\"3bcfb319\" data-element_type=\"widget\" data-widget_type=\"image.default\">\n\t\t\t\t<div class=\"elementor-widget-container\">\n\t\t\t\t\t\t\t\t\t\t\t\t\t\t\t<img decoding=\"async\" loading=\"lazy\" width=\"225\" height=\"300\" src=\"https:\/\/ednc.secteur-palaiseau.fr\/wp-content\/uploads\/2023\/03\/islamo_chretien4-225x300.jpg\" class=\"attachment-medium size-medium wp-image-5511\" alt=\"\" srcset=\"https:\/\/ednc.secteur-palaiseau.fr\/wp-content\/uploads\/2023\/03\/islamo_chretien4-225x300.jpg 225w, https:\/\/ednc.secteur-palaiseau.fr\/wp-content\/uploads\/2023\/03\/islamo_chretien4-768x1024.jpg 768w, https:\/\/ednc.secteur-palaiseau.fr\/wp-content\/uploads\/2023\/03\/islamo_chretien4-1152x1536.jpg 1152w, https:\/\/ednc.secteur-palaiseau.fr\/wp-content\/uploads\/2023\/03\/islamo_chretien4.jpg 1536w\" sizes=\"(max-width: 225px) 100vw, 225px\" \/>\t\t\t\t\t\t\t\t\t\t\t\t\t\t\t<\/div>\n\t\t\t\t<\/div>\n\t\t\t\t\t<\/div>\n\t\t<\/div>\n\t\t\t\t<div class=\"elementor-column elementor-col-33 elementor-top-column elementor-element elementor-element-bb209b6\" data-id=\"bb209b6\" data-element_type=\"column\">\n\t\t\t<div class=\"elementor-widget-wrap elementor-element-populated\">\n\t\t\t\t\t\t\t\t<div class=\"elementor-element elementor-element-1fede252 elementor-widget elementor-widget-image\" data-id=\"1fede252\" data-element_type=\"widget\" data-widget_type=\"image.default\">\n\t\t\t\t<div class=\"elementor-widget-container\">\n\t\t\t\t\t\t\t\t\t\t\t\t\t\t\t<img decoding=\"async\" loading=\"lazy\" width=\"300\" height=\"225\" src=\"https:\/\/ednc.secteur-palaiseau.fr\/wp-content\/uploads\/2023\/03\/islamo_chretien2-300x225.jpg\" class=\"attachment-medium size-medium wp-image-5513\" alt=\"\" srcset=\"https:\/\/ednc.secteur-palaiseau.fr\/wp-content\/uploads\/2023\/03\/islamo_chretien2-300x225.jpg 300w, https:\/\/ednc.secteur-palaiseau.fr\/wp-content\/uploads\/2023\/03\/islamo_chretien2-1024x768.jpg 1024w, https:\/\/ednc.secteur-palaiseau.fr\/wp-content\/uploads\/2023\/03\/islamo_chretien2-768x576.jpg 768w, https:\/\/ednc.secteur-palaiseau.fr\/wp-content\/uploads\/2023\/03\/islamo_chretien2-1536x1152.jpg 1536w, https:\/\/ednc.secteur-palaiseau.fr\/wp-content\/uploads\/2023\/03\/islamo_chretien2-800x600.jpg 800w, https:\/\/ednc.secteur-palaiseau.fr\/wp-content\/uploads\/2023\/03\/islamo_chretien2.jpg 2048w\" sizes=\"(max-width: 300px) 100vw, 300px\" \/>\t\t\t\t\t\t\t\t\t\t\t\t\t\t\t<\/div>\n\t\t\t\t<\/div>\n\t\t\t\t\t<\/div>\n\t\t<\/div>\n\t\t\t\t\t\t\t<\/div>\n\t\t<\/section>\n\t\t\t\t\t\t\t<\/div>\n\t\t","protected":false},"excerpt":{"rendered":"<p>Josette Philippon<\/p>\n<p> Une nouvelle fois et apr\u00e8s deux ann\u00e9es difficiles, le groupe islamo-chr\u00e9tien a organis\u00e9 le 12 mars une conf\u00e9rence-d\u00e9bat qui avait pour th\u00e8me : \u00ab Comment vivre sa foi dans la soci\u00e9t\u00e9 fran\u00e7aise actuelle ? \u00bb Nous avons eu le plaisir d\u2019accueillir :  \u2013   Le P\u00e8re Juv\u00e9nal Rutumbu et Monsieur Hamid<\/p>\n","protected":false},"author":5,"featured_media":5512,"comment_status":"closed","ping_status":"closed","sticky":false,"template":"","format":"standard","meta":{"footnotes":""},"categories":[4],"tags":[],"_links":{"self":[{"href":"https:\/\/ednc.secteur-palaiseau.fr\/index.php?rest_route=\/wp\/v2\/posts\/5515"}],"collection":[{"href":"https:\/\/ednc.secteur-palaiseau.fr\/index.php?rest_route=\/wp\/v2\/posts"}],"about":[{"href":"https:\/\/ednc.secteur-palaiseau.fr\/index.php?rest_route=\/wp\/v2\/types\/post"}],"author":[{"embeddable":true,"href":"https:\/\/ednc.secteur-palaiseau.fr\/index.php?rest_route=\/wp\/v2\/users\/5"}],"replies":[{"embeddable":true,"href":"https:\/\/ednc.secteur-palaiseau.fr\/index.php?rest_route=%2Fwp%2Fv2%2Fcomments&post=5515"}],"version-history":[{"count":52,"href":"https:\/\/ednc.secteur-palaiseau.fr\/index.php?rest_route=\/wp\/v2\/posts\/5515\/revisions"}],"predecessor-version":[{"id":6153,"href":"https:\/\/ednc.secteur-palaiseau.fr\/index.php?rest_route=\/wp\/v2\/posts\/5515\/revisions\/6153"}],"wp:featuredmedia":[{"embeddable":true,"href":"https:\/\/ednc.secteur-palaiseau.fr\/index.php?rest_route=\/wp\/v2\/media\/5512"}],"wp:attachment":[{"href":"https:\/\/ednc.secteur-palaiseau.fr\/index.php?rest_route=%2Fwp%2Fv2%2Fmedia&parent=5515"}],"wp:term":[{"taxonomy":"category","embeddable":true,"href":"https:\/\/ednc.secteur-palaiseau.fr\/index.php?rest_route=%2Fwp%2Fv2%2Fcategories&post=5515"},{"taxonomy":"post_tag","embeddable":true,"href":"https:\/\/ednc.secteur-palaiseau.fr\/index.php?rest_route=%2Fwp%2Fv2%2Ftags&post=5515"}],"curies":[{"name":"wp","href":"https:\/\/api.w.org\/{rel}","templated":true}]}}