{"id":5250,"date":"2023-04-06T15:30:38","date_gmt":"2023-04-06T13:30:38","guid":{"rendered":"https:\/\/ednc.secteur-palaiseau.fr\/?p=5250"},"modified":"2023-04-06T19:49:00","modified_gmt":"2023-04-06T17:49:00","slug":"le-service-de-lautel","status":"publish","type":"post","link":"https:\/\/ednc.secteur-palaiseau.fr\/?p=5250","title":{"rendered":"Au service de l&rsquo;autel"},"content":{"rendered":"\t\t<div data-elementor-type=\"wp-post\" data-elementor-id=\"5250\" class=\"elementor elementor-5250\">\n\t\t\t\t\t\t\t\t\t<section class=\"elementor-section elementor-top-section elementor-element elementor-element-1f333df elementor-section-boxed elementor-section-height-default elementor-section-height-default\" data-id=\"1f333df\" data-element_type=\"section\">\n\t\t\t\t\t\t<div class=\"elementor-container elementor-column-gap-default\">\n\t\t\t\t\t<div class=\"elementor-column elementor-col-100 elementor-top-column elementor-element elementor-element-10af768\" data-id=\"10af768\" data-element_type=\"column\">\n\t\t\t<div class=\"elementor-widget-wrap elementor-element-populated\">\n\t\t\t\t\t\t\t\t<div class=\"elementor-element elementor-element-4219909 elementor-widget elementor-widget-heading\" data-id=\"4219909\" data-element_type=\"widget\" data-widget_type=\"heading.default\">\n\t\t\t\t<div class=\"elementor-widget-container\">\n\t\t\t<div class=\"elementor-heading-title elementor-size-default\">Livine Duban nous partage son exp\u00e9rience sur la paroisse de St Martin de Palaiseau.<\/div>\t\t<\/div>\n\t\t\t\t<\/div>\n\t\t\t\t\t<\/div>\n\t\t<\/div>\n\t\t\t\t\t\t\t<\/div>\n\t\t<\/section>\n\t\t\t\t<section class=\"elementor-section elementor-top-section elementor-element elementor-element-cd79edb elementor-section-boxed elementor-section-height-default elementor-section-height-default\" data-id=\"cd79edb\" data-element_type=\"section\">\n\t\t\t\t\t\t<div class=\"elementor-container elementor-column-gap-default\">\n\t\t\t\t\t<div class=\"elementor-column elementor-col-100 elementor-top-column elementor-element elementor-element-51a4a33\" data-id=\"51a4a33\" data-element_type=\"column\">\n\t\t\t<div class=\"elementor-widget-wrap elementor-element-populated\">\n\t\t\t\t\t\t\t\t<div class=\"elementor-element elementor-element-0a0080b elementor-widget elementor-widget-image\" data-id=\"0a0080b\" data-element_type=\"widget\" data-widget_type=\"image.default\">\n\t\t\t\t<div class=\"elementor-widget-container\">\n\t\t\t\t\t\t\t\t\t\t\t\t\t\t\t<img decoding=\"async\" loading=\"lazy\" width=\"640\" height=\"363\" src=\"https:\/\/ednc.secteur-palaiseau.fr\/wp-content\/uploads\/2023\/03\/SdA5557-1024x581.jpg\" class=\"attachment-large size-large wp-image-5440\" alt=\"6 servant(e)s d&#039;autel de la paroisse de St Martin de Palaiseau\" srcset=\"https:\/\/ednc.secteur-palaiseau.fr\/wp-content\/uploads\/2023\/03\/SdA5557-1024x581.jpg 1024w, https:\/\/ednc.secteur-palaiseau.fr\/wp-content\/uploads\/2023\/03\/SdA5557-300x170.jpg 300w, https:\/\/ednc.secteur-palaiseau.fr\/wp-content\/uploads\/2023\/03\/SdA5557-768x435.jpg 768w, https:\/\/ednc.secteur-palaiseau.fr\/wp-content\/uploads\/2023\/03\/SdA5557-1536x871.jpg 1536w, https:\/\/ednc.secteur-palaiseau.fr\/wp-content\/uploads\/2023\/03\/SdA5557-2048x1161.jpg 2048w\" sizes=\"(max-width: 640px) 100vw, 640px\" \/>\t\t\t\t\t\t\t\t\t\t\t\t\t\t\t<\/div>\n\t\t\t\t<\/div>\n\t\t\t\t\t<\/div>\n\t\t<\/div>\n\t\t\t\t\t\t\t<\/div>\n\t\t<\/section>\n\t\t\t\t<section class=\"elementor-section elementor-top-section elementor-element elementor-element-1b884ec elementor-section-boxed elementor-section-height-default elementor-section-height-default\" data-id=\"1b884ec\" data-element_type=\"section\">\n\t\t\t\t\t\t<div class=\"elementor-container elementor-column-gap-default\">\n\t\t\t\t\t<div class=\"elementor-column elementor-col-50 elementor-top-column elementor-element elementor-element-5fe7341\" data-id=\"5fe7341\" data-element_type=\"column\">\n\t\t\t<div class=\"elementor-widget-wrap elementor-element-populated\">\n\t\t\t\t\t\t\t\t<div class=\"elementor-element elementor-element-9985609 elementor-widget elementor-widget-text-editor\" data-id=\"9985609\" data-element_type=\"widget\" data-widget_type=\"text-editor.default\">\n\t\t\t\t<div class=\"elementor-widget-container\">\n\t\t\t\t\t\t\t<p>\u00a0<\/p><p>Depuis un an et demi, notre paroisse a la chance d\u2019accueillir de nouveaux servantes et servants\u00a0 d\u2019autel. Pietro et moi-m\u00eame avons essay\u00e9 d\u2019organiser le groupe. Pietro s\u2019occupe de la formation, et moi, je suis plut\u00f4t dans la logistique, inventaire et nettoyage des aubes, organisation du rangement \u2026. Je suis \u00e9galement la pr\u00e9sence maternelle si besoin. Il peut arriver qu\u2019en cours de c\u00e9l\u00e9bration un enfant ne se sente pas bien. Certains sont, notamment sensibles \u00e0 l\u2019encens. Je les prends alors en charge.<\/p><p>Lorsque les enfants d\u00e9sirent, \u00e9prouvent l\u2019envie de servir, ils nous rejoignent. Le rendez-vous est simple, venir nous trouver une bonne quinzaine de minutes avant la messe de 11h \u00e0 St Martin.<\/p>\t\t\t\t\t\t<\/div>\n\t\t\t\t<\/div>\n\t\t\t\t\t<\/div>\n\t\t<\/div>\n\t\t\t\t<div class=\"elementor-column elementor-col-50 elementor-top-column elementor-element elementor-element-8d608d9\" data-id=\"8d608d9\" data-element_type=\"column\">\n\t\t\t<div class=\"elementor-widget-wrap elementor-element-populated\">\n\t\t\t\t\t\t\t\t<div class=\"elementor-element elementor-element-5191628 elementor-widget elementor-widget-image\" data-id=\"5191628\" data-element_type=\"widget\" data-widget_type=\"image.default\">\n\t\t\t\t<div class=\"elementor-widget-container\">\n\t\t\t\t\t\t\t\t\t\t\t\t\t\t\t<img decoding=\"async\" src=\"https:\/\/ednc.secteur-palaiseau.fr\/wp-content\/uploads\/elementor\/thumbs\/SdA-0594-q467q4mqlwkp4mvweo0tr1z2gp0lzza56sjjjt7d6w.jpg\" title=\"SdA-0594\" alt=\"1 servant et 1 servante d'autel \u00e0 St Martin de Palaiseau\" loading=\"lazy\" \/>\t\t\t\t\t\t\t\t\t\t\t\t\t\t\t<\/div>\n\t\t\t\t<\/div>\n\t\t\t\t\t<\/div>\n\t\t<\/div>\n\t\t\t\t\t\t\t<\/div>\n\t\t<\/section>\n\t\t\t\t<section class=\"elementor-section elementor-top-section elementor-element elementor-element-f9454df elementor-section-boxed elementor-section-height-default elementor-section-height-default\" data-id=\"f9454df\" data-element_type=\"section\">\n\t\t\t\t\t\t<div class=\"elementor-container elementor-column-gap-default\">\n\t\t\t\t\t<div class=\"elementor-column elementor-col-50 elementor-top-column elementor-element elementor-element-a9b75c0\" data-id=\"a9b75c0\" data-element_type=\"column\">\n\t\t\t<div class=\"elementor-widget-wrap elementor-element-populated\">\n\t\t\t\t\t\t\t\t<div class=\"elementor-element elementor-element-5711a54 elementor-widget elementor-widget-image\" data-id=\"5711a54\" data-element_type=\"widget\" data-widget_type=\"image.default\">\n\t\t\t\t<div class=\"elementor-widget-container\">\n\t\t\t\t\t\t\t\t\t\t\t\t\t\t\t<img decoding=\"async\" loading=\"lazy\" width=\"640\" height=\"424\" src=\"https:\/\/ednc.secteur-palaiseau.fr\/wp-content\/uploads\/2023\/03\/Servantsdautel-MesseSM-MP-1-1024x678.jpg\" class=\"attachment-large size-large wp-image-5570\" alt=\"6 servants d&#039;autel encadrent Mgr Pansard, les p\u00e8res Jean Fran\u00e7ois, Luc et Jean-Luc\" srcset=\"https:\/\/ednc.secteur-palaiseau.fr\/wp-content\/uploads\/2023\/03\/Servantsdautel-MesseSM-MP-1-1024x678.jpg 1024w, https:\/\/ednc.secteur-palaiseau.fr\/wp-content\/uploads\/2023\/03\/Servantsdautel-MesseSM-MP-1-300x199.jpg 300w, https:\/\/ednc.secteur-palaiseau.fr\/wp-content\/uploads\/2023\/03\/Servantsdautel-MesseSM-MP-1-768x508.jpg 768w, https:\/\/ednc.secteur-palaiseau.fr\/wp-content\/uploads\/2023\/03\/Servantsdautel-MesseSM-MP-1.jpg 1133w\" sizes=\"(max-width: 640px) 100vw, 640px\" \/>\t\t\t\t\t\t\t\t\t\t\t\t\t\t\t<\/div>\n\t\t\t\t<\/div>\n\t\t\t\t\t<\/div>\n\t\t<\/div>\n\t\t\t\t<div class=\"elementor-column elementor-col-50 elementor-top-column elementor-element elementor-element-7104144\" data-id=\"7104144\" data-element_type=\"column\">\n\t\t\t<div class=\"elementor-widget-wrap elementor-element-populated\">\n\t\t\t\t\t\t\t\t<div class=\"elementor-element elementor-element-05e18db elementor-widget elementor-widget-text-editor\" data-id=\"05e18db\" data-element_type=\"widget\" data-widget_type=\"text-editor.default\">\n\t\t\t\t<div class=\"elementor-widget-container\">\n\t\t\t\t\t\t\t<p>Pietro se charge alors d\u2019accompagner et de former les enfants d\u00e9sirant d\u00e9couvrir la messe par le service. Nous pouvons \u00e9galement compter solidement sur nos servants les plus anciens pour accompagner les nouveaux et notamment Pierre. Beaucoup des t\u00e2ches des servants se font en bin\u00f4me, un nouveau apprend donc par le mim\u00e9tisme de son bin\u00f4me. Nous leur apprenons \u00e0 observer et \u00e0 r\u00e9aliser les t\u00e2ches en miroir. Les anciens accompagnent et guident les nouveaux.<\/p><p>Nous essayons de formaliser une ou deux rencontres plus longues par an afin de partager un temps plus spirituel.<\/p><p>\u00a0<\/p>\t\t\t\t\t\t<\/div>\n\t\t\t\t<\/div>\n\t\t\t\t\t<\/div>\n\t\t<\/div>\n\t\t\t\t\t\t\t<\/div>\n\t\t<\/section>\n\t\t\t\t<section class=\"elementor-section elementor-top-section elementor-element elementor-element-3e27227 elementor-section-boxed elementor-section-height-default elementor-section-height-default\" data-id=\"3e27227\" data-element_type=\"section\">\n\t\t\t\t\t\t<div class=\"elementor-container elementor-column-gap-default\">\n\t\t\t\t\t<div class=\"elementor-column elementor-col-50 elementor-top-column elementor-element elementor-element-6451792\" data-id=\"6451792\" data-element_type=\"column\">\n\t\t\t<div class=\"elementor-widget-wrap elementor-element-populated\">\n\t\t\t\t\t\t\t\t<div class=\"elementor-element elementor-element-4ed5632 elementor-widget elementor-widget-text-editor\" data-id=\"4ed5632\" data-element_type=\"widget\" data-widget_type=\"text-editor.default\">\n\t\t\t\t<div class=\"elementor-widget-container\">\n\t\t\t\t\t\t\t<p>Vous avez probablement remarqu\u00e9 que certains servants portent une croix et pas d\u2019autres. Afin de marquer leur engagement aupr\u00e8s de la communaut\u00e9, nous avons d\u00e9cid\u00e9 que les enfants ne portent pas de croix pendant un temps d\u2019apprentissage et lorsque nous les sentons pr\u00eats, nous leur remettons leur croix devant les fid\u00e8les, symbole de leur engagement. Ils re\u00e7oivent \u00e9galement un livre : \u00ab\u00a0Je suis servant d\u2019autel\u00a0\u00bb. Ce livre est une ressource pour les enfants pr\u00e9sentant les diff\u00e9rents services, les diff\u00e9rents objets liturgiques,\u00a0 \u2026..<\/p><p>Les enfants qui souhaitent servir sont un exemple \u00e0 suivre, outre leur envie de servir, ils engagent \u00e9galement leurs parents qui doivent se rendre disponibles pour les accompagner \u00e0 la messe.<\/p><p>\u00a0<\/p>\t\t\t\t\t\t<\/div>\n\t\t\t\t<\/div>\n\t\t\t\t\t<\/div>\n\t\t<\/div>\n\t\t\t\t<div class=\"elementor-column elementor-col-50 elementor-top-column elementor-element elementor-element-b98a03c\" data-id=\"b98a03c\" data-element_type=\"column\">\n\t\t\t<div class=\"elementor-widget-wrap elementor-element-populated\">\n\t\t\t\t\t\t\t\t<div class=\"elementor-element elementor-element-09070bc elementor-widget elementor-widget-image\" data-id=\"09070bc\" data-element_type=\"widget\" data-widget_type=\"image.default\">\n\t\t\t\t<div class=\"elementor-widget-container\">\n\t\t\t\t\t\t\t\t\t\t\t\t\t\t\t<img decoding=\"async\" loading=\"lazy\" width=\"640\" height=\"448\" src=\"https:\/\/ednc.secteur-palaiseau.fr\/wp-content\/uploads\/2023\/03\/SdA5549-1024x717.jpg\" class=\"attachment-large size-large wp-image-5445\" alt=\"Servantes et servants d&#039;autel en procession au d\u00e9but d&#039;une messe\" srcset=\"https:\/\/ednc.secteur-palaiseau.fr\/wp-content\/uploads\/2023\/03\/SdA5549-1024x717.jpg 1024w, https:\/\/ednc.secteur-palaiseau.fr\/wp-content\/uploads\/2023\/03\/SdA5549-300x210.jpg 300w, https:\/\/ednc.secteur-palaiseau.fr\/wp-content\/uploads\/2023\/03\/SdA5549-768x538.jpg 768w, https:\/\/ednc.secteur-palaiseau.fr\/wp-content\/uploads\/2023\/03\/SdA5549-1536x1076.jpg 1536w, https:\/\/ednc.secteur-palaiseau.fr\/wp-content\/uploads\/2023\/03\/SdA5549-2048x1434.jpg 2048w\" sizes=\"(max-width: 640px) 100vw, 640px\" \/>\t\t\t\t\t\t\t\t\t\t\t\t\t\t\t<\/div>\n\t\t\t\t<\/div>\n\t\t\t\t\t<\/div>\n\t\t<\/div>\n\t\t\t\t\t\t\t<\/div>\n\t\t<\/section>\n\t\t\t\t<section class=\"elementor-section elementor-top-section elementor-element elementor-element-953d127 elementor-section-boxed elementor-section-height-default elementor-section-height-default\" data-id=\"953d127\" data-element_type=\"section\">\n\t\t\t\t\t\t<div class=\"elementor-container elementor-column-gap-default\">\n\t\t\t\t\t<div class=\"elementor-column elementor-col-50 elementor-top-column elementor-element elementor-element-24d157b\" data-id=\"24d157b\" data-element_type=\"column\">\n\t\t\t<div class=\"elementor-widget-wrap elementor-element-populated\">\n\t\t\t\t\t\t\t\t<div class=\"elementor-element elementor-element-b32afd8 elementor-widget elementor-widget-image\" data-id=\"b32afd8\" data-element_type=\"widget\" data-widget_type=\"image.default\">\n\t\t\t\t<div class=\"elementor-widget-container\">\n\t\t\t\t\t\t\t\t\t\t\t\t\t\t\t<img decoding=\"async\" src=\"https:\/\/ednc.secteur-palaiseau.fr\/wp-content\/uploads\/elementor\/thumbs\/DSC_0740-SM-scaled-q3m0iz9ckogab874wqk3y35xp1k54fqbr7kyfl7cbs.jpg\" title=\"DSC_0740-SM\" alt=\"Servants d'autel pendant la communion\" loading=\"lazy\" \/>\t\t\t\t\t\t\t\t\t\t\t\t\t\t\t<\/div>\n\t\t\t\t<\/div>\n\t\t\t\t\t<\/div>\n\t\t<\/div>\n\t\t\t\t<div class=\"elementor-column elementor-col-50 elementor-top-column elementor-element elementor-element-09c1217\" data-id=\"09c1217\" data-element_type=\"column\">\n\t\t\t<div class=\"elementor-widget-wrap elementor-element-populated\">\n\t\t\t\t\t\t\t\t<div class=\"elementor-element elementor-element-7f1892a elementor-widget elementor-widget-text-editor\" data-id=\"7f1892a\" data-element_type=\"widget\" data-widget_type=\"text-editor.default\">\n\t\t\t\t<div class=\"elementor-widget-container\">\n\t\t\t\t\t\t\t<p>Etre servant(e), c\u2019est vivre la messe autrement. Les enfants en deviennent acteurs et ils deviennent souvent des piliers de leur groupe de cat\u00e9chisme.<\/p><p>Pierre est notre servant le plus ancien et il nous est d\u2019une aide pr\u00e9cieuse, nous savons que m\u00eame si nous ne sommes pas l\u00e0, le service sera assur\u00e9.<\/p><p>A ce jour, nous n\u2019avons pas encore \u00e9t\u00e9 en mesure d\u2019organiser notre groupe sur St Michel et St Martin, sachant qu\u2019un certain nombre de ses enfants pourraient servir r\u00e9guli\u00e8rement \u00e0 St Michel si nous avions un ou deux adultes r\u00e9f\u00e9rents pouvant \u00eatre pr\u00e9sent pour les aider \u00e0 s\u2019habiller, s\u2019organiser et les accompagner en cas de besoin pendant la messe. En bref, nous aimerions bien accueillir dans notre groupe un \u00ab Pietro bis \u00bb.<\/p><p>Pour toute question ou pour nous joindre : <a href=\"mailto:servants.palaiseau@gmail.com\">servants.palaiseau@gmail.com<\/a><\/p>\t\t\t\t\t\t<\/div>\n\t\t\t\t<\/div>\n\t\t\t\t\t<\/div>\n\t\t<\/div>\n\t\t\t\t\t\t\t<\/div>\n\t\t<\/section>\n\t\t\t\t<section class=\"elementor-section elementor-top-section elementor-element elementor-element-a0327e8 elementor-section-boxed elementor-section-height-default elementor-section-height-default\" data-id=\"a0327e8\" data-element_type=\"section\">\n\t\t\t\t\t\t<div class=\"elementor-container elementor-column-gap-default\">\n\t\t\t\t\t<div class=\"elementor-column elementor-col-100 elementor-top-column elementor-element elementor-element-3604a89\" data-id=\"3604a89\" data-element_type=\"column\">\n\t\t\t<div class=\"elementor-widget-wrap elementor-element-populated\">\n\t\t\t\t\t\t\t\t<div class=\"elementor-element elementor-element-8f16043 elementor-widget elementor-widget-spacer\" data-id=\"8f16043\" data-element_type=\"widget\" data-widget_type=\"spacer.default\">\n\t\t\t\t<div class=\"elementor-widget-container\">\n\t\t\t\t\t<div class=\"elementor-spacer\">\n\t\t\t<div class=\"elementor-spacer-inner\"><\/div>\n\t\t<\/div>\n\t\t\t\t<\/div>\n\t\t\t\t<\/div>\n\t\t\t\t\t<\/div>\n\t\t<\/div>\n\t\t\t\t\t\t\t<\/div>\n\t\t<\/section>\n\t\t\t\t<section class=\"elementor-section elementor-top-section elementor-element elementor-element-998f70f elementor-section-boxed elementor-section-height-default elementor-section-height-default\" data-id=\"998f70f\" data-element_type=\"section\">\n\t\t\t\t\t\t<div class=\"elementor-container elementor-column-gap-default\">\n\t\t\t\t\t<div class=\"elementor-column elementor-col-100 elementor-top-column elementor-element elementor-element-4bc89e2\" data-id=\"4bc89e2\" data-element_type=\"column\">\n\t\t\t<div class=\"elementor-widget-wrap elementor-element-populated\">\n\t\t\t\t\t\t\t\t<div class=\"elementor-element elementor-element-68069d7 elementor-widget elementor-widget-text-editor\" data-id=\"68069d7\" data-element_type=\"widget\" data-widget_type=\"text-editor.default\">\n\t\t\t\t<div class=\"elementor-widget-container\">\n\t\t\t\t\t\t\t<p>\u00a0 \u00a0 \u00a0 \u00a0 Le Service Dioc\u00e9sain du Service de l\u2019Autel invite tous les servantes et servants \u00e0 participer \u00e0 la Journ\u00e9e Dioc\u00e9saine du Service de l\u2019Autel qui se tiendra le<strong>\u00a0dimanche 7 mai 2023 \u00e0 Wissous<\/strong>.<\/p><p>\u00a0 \u00a0 \u00a0 Au programme de cette journ\u00e9e :<\/p><ul><li>9h30 : Temps d\u2019accueil<\/li><li>10h00 : Cat\u00e9ch\u00e8se<\/li><li>10h30 : Jeux dans le parc<\/li><li>12h30 : Pique-nique tir\u00e9 du sac<\/li><li>14h00 : Messe pr\u00e9sid\u00e9e par Monseigneur PANSARD<\/li><li>16h00 : Envoi et go\u00fbter (offert)<\/li><\/ul>\t\t\t\t\t\t<\/div>\n\t\t\t\t<\/div>\n\t\t\t\t\t<\/div>\n\t\t<\/div>\n\t\t\t\t\t\t\t<\/div>\n\t\t<\/section>\n\t\t\t\t<section class=\"elementor-section elementor-top-section elementor-element elementor-element-8b3f55b elementor-section-boxed elementor-section-height-default elementor-section-height-default\" data-id=\"8b3f55b\" data-element_type=\"section\">\n\t\t\t\t\t\t<div class=\"elementor-container elementor-column-gap-default\">\n\t\t\t\t\t<div class=\"elementor-column elementor-col-100 elementor-top-column elementor-element elementor-element-b0f4f19\" data-id=\"b0f4f19\" data-element_type=\"column\">\n\t\t\t<div class=\"elementor-widget-wrap elementor-element-populated\">\n\t\t\t\t\t\t\t\t<div class=\"elementor-element elementor-element-fbdf418 elementor-widget elementor-widget-text-editor\" data-id=\"fbdf418\" data-element_type=\"widget\" data-widget_type=\"text-editor.default\">\n\t\t\t\t<div class=\"elementor-widget-container\">\n\t\t\t\t\t\t\t<p>Plus d&rsquo;informations :\u00a0<a href=\"https:\/\/evry.catholique.fr\/journee-diocesaine-du-service-de-lautel-2023\/\" target=\"_blank\" rel=\"noopener\">Journ\u00e9e Dioc\u00e9saine du Service de l&rsquo;Autel 2023<\/a><\/p>\t\t\t\t\t\t<\/div>\n\t\t\t\t<\/div>\n\t\t\t\t<div class=\"elementor-element elementor-element-895ea1f elementor-widget elementor-widget-image\" data-id=\"895ea1f\" data-element_type=\"widget\" data-widget_type=\"image.default\">\n\t\t\t\t<div class=\"elementor-widget-container\">\n\t\t\t\t\t\t\t\t\t\t\t\t\t\t\t\t<a href=\"https:\/\/evry.catholique.fr\/journee-diocesaine-du-service-de-lautel-2023\/\">\n\t\t\t\t\t\t\t<img decoding=\"async\" loading=\"lazy\" width=\"640\" height=\"360\" src=\"https:\/\/ednc.secteur-palaiseau.fr\/wp-content\/uploads\/2023\/03\/affiche-jds2023-1024x576.jpg\" class=\"attachment-large size-large wp-image-5488\" alt=\"Affiche Journ\u00e9e Dioc\u00e9saine du service d&#039;autel\" srcset=\"https:\/\/ednc.secteur-palaiseau.fr\/wp-content\/uploads\/2023\/03\/affiche-jds2023-1024x576.jpg 1024w, https:\/\/ednc.secteur-palaiseau.fr\/wp-content\/uploads\/2023\/03\/affiche-jds2023-300x169.jpg 300w, https:\/\/ednc.secteur-palaiseau.fr\/wp-content\/uploads\/2023\/03\/affiche-jds2023-768x432.jpg 768w, https:\/\/ednc.secteur-palaiseau.fr\/wp-content\/uploads\/2023\/03\/affiche-jds2023-1536x865.jpg 1536w, https:\/\/ednc.secteur-palaiseau.fr\/wp-content\/uploads\/2023\/03\/affiche-jds2023.jpg 1663w\" sizes=\"(max-width: 640px) 100vw, 640px\" \/>\t\t\t\t\t\t\t\t<\/a>\n\t\t\t\t\t\t\t\t\t\t\t\t\t\t\t<\/div>\n\t\t\t\t<\/div>\n\t\t\t\t\t<\/div>\n\t\t<\/div>\n\t\t\t\t\t\t\t<\/div>\n\t\t<\/section>\n\t\t\t\t<section class=\"elementor-section elementor-top-section elementor-element elementor-element-980006d elementor-section-boxed elementor-section-height-default elementor-section-height-default\" data-id=\"980006d\" data-element_type=\"section\">\n\t\t\t\t\t\t<div class=\"elementor-container elementor-column-gap-default\">\n\t\t\t\t\t<div class=\"elementor-column elementor-col-25 elementor-top-column elementor-element elementor-element-34fd097\" data-id=\"34fd097\" data-element_type=\"column\">\n\t\t\t<div class=\"elementor-widget-wrap\">\n\t\t\t\t\t\t\t\t\t<\/div>\n\t\t<\/div>\n\t\t\t\t<div class=\"elementor-column elementor-col-25 elementor-top-column elementor-element elementor-element-2985590\" data-id=\"2985590\" data-element_type=\"column\">\n\t\t\t<div class=\"elementor-widget-wrap\">\n\t\t\t\t\t\t\t\t\t<\/div>\n\t\t<\/div>\n\t\t\t\t<div class=\"elementor-column elementor-col-25 elementor-top-column elementor-element elementor-element-e6449bf\" data-id=\"e6449bf\" data-element_type=\"column\">\n\t\t\t<div class=\"elementor-widget-wrap\">\n\t\t\t\t\t\t\t\t\t<\/div>\n\t\t<\/div>\n\t\t\t\t<div class=\"elementor-column elementor-col-25 elementor-top-column elementor-element elementor-element-affafac\" data-id=\"affafac\" data-element_type=\"column\">\n\t\t\t<div class=\"elementor-widget-wrap elementor-element-populated\">\n\t\t\t\t\t\t\t\t<div class=\"elementor-element elementor-element-32c5f0f elementor-widget elementor-widget-image\" data-id=\"32c5f0f\" data-element_type=\"widget\" data-widget_type=\"image.default\">\n\t\t\t\t<div class=\"elementor-widget-container\">\n\t\t\t\t\t\t\t\t\t\t\t\t\t\t\t<img decoding=\"async\" loading=\"lazy\" width=\"74\" height=\"15\" src=\"https:\/\/ednc.secteur-palaiseau.fr\/wp-content\/uploads\/2023\/02\/MichelSt.jpg\" class=\"attachment-large size-large wp-image-5920\" alt=\"\" \/>\t\t\t\t\t\t\t\t\t\t\t\t\t\t\t<\/div>\n\t\t\t\t<\/div>\n\t\t\t\t\t<\/div>\n\t\t<\/div>\n\t\t\t\t\t\t\t<\/div>\n\t\t<\/section>\n\t\t\t\t\t\t\t<\/div>\n\t\t","protected":false},"excerpt":{"rendered":"<p>Livine Duban<\/p>\n<p>Depuis un an et demi, notre paroisse a la chance d\u2019accueillir de nouveaux servantes et servants\u00a0 d\u2019autel. Pietro et moi-m\u00eame avons essay\u00e9 d\u2019organiser le groupe&#8230;<\/p>\n","protected":false},"author":6,"featured_media":5474,"comment_status":"closed","ping_status":"closed","sticky":false,"template":"","format":"standard","meta":{"footnotes":""},"categories":[4],"tags":[],"_links":{"self":[{"href":"https:\/\/ednc.secteur-palaiseau.fr\/index.php?rest_route=\/wp\/v2\/posts\/5250"}],"collection":[{"href":"https:\/\/ednc.secteur-palaiseau.fr\/index.php?rest_route=\/wp\/v2\/posts"}],"about":[{"href":"https:\/\/ednc.secteur-palaiseau.fr\/index.php?rest_route=\/wp\/v2\/types\/post"}],"author":[{"embeddable":true,"href":"https:\/\/ednc.secteur-palaiseau.fr\/index.php?rest_route=\/wp\/v2\/users\/6"}],"replies":[{"embeddable":true,"href":"https:\/\/ednc.secteur-palaiseau.fr\/index.php?rest_route=%2Fwp%2Fv2%2Fcomments&post=5250"}],"version-history":[{"count":97,"href":"https:\/\/ednc.secteur-palaiseau.fr\/index.php?rest_route=\/wp\/v2\/posts\/5250\/revisions"}],"predecessor-version":[{"id":6029,"href":"https:\/\/ednc.secteur-palaiseau.fr\/index.php?rest_route=\/wp\/v2\/posts\/5250\/revisions\/6029"}],"wp:featuredmedia":[{"embeddable":true,"href":"https:\/\/ednc.secteur-palaiseau.fr\/index.php?rest_route=\/wp\/v2\/media\/5474"}],"wp:attachment":[{"href":"https:\/\/ednc.secteur-palaiseau.fr\/index.php?rest_route=%2Fwp%2Fv2%2Fmedia&parent=5250"}],"wp:term":[{"taxonomy":"category","embeddable":true,"href":"https:\/\/ednc.secteur-palaiseau.fr\/index.php?rest_route=%2Fwp%2Fv2%2Fcategories&post=5250"},{"taxonomy":"post_tag","embeddable":true,"href":"https:\/\/ednc.secteur-palaiseau.fr\/index.php?rest_route=%2Fwp%2Fv2%2Ftags&post=5250"}],"curies":[{"name":"wp","href":"https:\/\/api.w.org\/{rel}","templated":true}]}}