{"id":4958,"date":"2023-04-06T16:00:29","date_gmt":"2023-04-06T14:00:29","guid":{"rendered":"https:\/\/ednc.secteur-palaiseau.fr\/?p=4958"},"modified":"2023-04-06T19:49:00","modified_gmt":"2023-04-06T17:49:00","slug":"tout-est-lie-pendant-le-careme-a-linstitution-saint-martin","status":"publish","type":"post","link":"https:\/\/ednc.secteur-palaiseau.fr\/?p=4958","title":{"rendered":"\u00ab\u00a0Tout est li\u00e9&#8230; pendant le Car\u00eame\u00a0\u00bb \u00e0 l&rsquo;Institution Saint Martin"},"content":{"rendered":"\t\t<div data-elementor-type=\"wp-post\" data-elementor-id=\"4958\" class=\"elementor elementor-4958\">\n\t\t\t\t\t\t\t\t\t<section class=\"elementor-section elementor-top-section elementor-element elementor-element-b610eb1 elementor-section-boxed elementor-section-height-default elementor-section-height-default\" data-id=\"b610eb1\" data-element_type=\"section\">\n\t\t\t\t\t\t<div class=\"elementor-container elementor-column-gap-default\">\n\t\t\t\t\t<div class=\"elementor-column elementor-col-50 elementor-top-column elementor-element elementor-element-3e706ab\" data-id=\"3e706ab\" data-element_type=\"column\">\n\t\t\t<div class=\"elementor-widget-wrap elementor-element-populated\">\n\t\t\t\t\t\t\t\t<div class=\"elementor-element elementor-element-3e6ced6 elementor-widget elementor-widget-text-editor\" data-id=\"3e6ced6\" data-element_type=\"widget\" data-widget_type=\"text-editor.default\">\n\t\t\t\t<div class=\"elementor-widget-container\">\n\t\t\t\t\t\t\t<p><a href=\"https:\/\/ednc.secteur-palaiseau.fr\/wp-content\/uploads\/2023\/03\/Explication-fil-priere.png\"><em><strong><span class=\"ContentPasted0_sandBox \"><img decoding=\"async\" loading=\"lazy\" class=\"wp-image-4957 aligncenter\" src=\"https:\/\/ednc.secteur-palaiseau.fr\/wp-content\/uploads\/2023\/03\/Explication-fil-priere-724x1024.png\" alt=\"\" width=\"350\" height=\"495\" srcset=\"https:\/\/ednc.secteur-palaiseau.fr\/wp-content\/uploads\/2023\/03\/Explication-fil-priere-724x1024.png 724w, https:\/\/ednc.secteur-palaiseau.fr\/wp-content\/uploads\/2023\/03\/Explication-fil-priere-212x300.png 212w, https:\/\/ednc.secteur-palaiseau.fr\/wp-content\/uploads\/2023\/03\/Explication-fil-priere-768x1086.png 768w, https:\/\/ednc.secteur-palaiseau.fr\/wp-content\/uploads\/2023\/03\/Explication-fil-priere-1086x1536.png 1086w, https:\/\/ednc.secteur-palaiseau.fr\/wp-content\/uploads\/2023\/03\/Explication-fil-priere.png 1414w\" sizes=\"(max-width: 350px) 100vw, 350px\" \/><\/span><\/strong><\/em><\/a><\/p>\t\t\t\t\t\t<\/div>\n\t\t\t\t<\/div>\n\t\t\t\t\t<\/div>\n\t\t<\/div>\n\t\t\t\t<div class=\"elementor-column elementor-col-50 elementor-top-column elementor-element elementor-element-d6e9e3b\" data-id=\"d6e9e3b\" data-element_type=\"column\">\n\t\t\t<div class=\"elementor-widget-wrap elementor-element-populated\">\n\t\t\t\t\t\t\t\t<div class=\"elementor-element elementor-element-9e1bbd0 elementor-widget elementor-widget-text-editor\" data-id=\"9e1bbd0\" data-element_type=\"widget\" data-widget_type=\"text-editor.default\">\n\t\t\t\t<div class=\"elementor-widget-container\">\n\t\t\t\t\t\t\t<p><em><strong><span class=\"ContentPasted0_sandBox \">L\u2019\u00e9quipe de la vie pastorale de l\u2019institution St Martin de Palaiseau<\/span><\/strong><\/em><\/p><p>L<span class=\"ContentPasted0_sandBox \" style=\"color: black;\">es jeunes cat\u00e9chis\u00e9s de primaire de l\u2019institution St Martin se sont r\u00e9unis mercredi 15 mars pour vivre un temps de car\u00eame.<br \/>Les \u00e9vangiles des dimanches de car\u00eame ont \u00e9t\u00e9 au c\u0153ur de leurs r\u00e9flexions : La samaritaine, l&rsquo;aveugle n\u00e9, Lazare&#8230;<br \/><\/span><\/p><p><span class=\"ContentPasted0_sandBox \" style=\"color: black;\">Le fruit de leurs r\u00e9flexions et de leurs pri\u00e8res, sous forme de messages, ont \u00e9t\u00e9 \u00ab\u00a0\u00e9tendus\u00a0\u00bb au fond de l\u2019\u00e9glise St Martin, sur un \u00ab\u00a0fil de pri\u00e8re\u00a0\u00bb.<\/span><\/p><p><span class=\"ContentPasted0_sandBox \" style=\"color: black;\">Ce temps anim\u00e9 par l\u2019aum\u00f4nerie du lyc\u00e9e fut un bel \u00e9change entre deux niveaux qui ne se croisent que trop rarement au sein de notre \u00e9tablissement.<\/span><\/p><p><span class=\"ContentPasted0_sandBox \" style=\"color: black;\">Rejoins par les coll\u00e9giens, cette matin\u00e9e s\u2019est termin\u00e9e par la messe des cendres, qui n\u2019avait pas pu avoir lieu \u00e0 cause des vacances.<\/span><\/p><p><span class=\"ContentPasted0_sandBox \" style=\"color: black;\"><b><i>En compl\u00e9ment, par l&rsquo;\u00e9quipe communication<\/i><br \/><\/b><\/span><\/p><p><span class=\"ContentPasted0_sandBox \" style=\"color: black;\">Le \u00ab\u00a0fil de pri\u00e8re\u00a0\u00bb est rest\u00e9 en place pour le dimanche 19 mars ; \u00e0 la fin de la messe, les paroissiens ont \u00e9t\u00e9 invit\u00e9s \u00e0 prendre connaissance de cette d\u00e9marche de Car\u00eame et \u00e0 s&rsquo;y associer en accrochant \u00e0 leur tour leurs pri\u00e8res&#8230; Ce que certains ont fait, poursuivant ainsi l\u2019\u0153uvre des plus jeunes.<\/span><\/p>\t\t\t\t\t\t<\/div>\n\t\t\t\t<\/div>\n\t\t\t\t\t<\/div>\n\t\t<\/div>\n\t\t\t\t\t\t\t<\/div>\n\t\t<\/section>\n\t\t\t\t<section class=\"elementor-section elementor-top-section elementor-element elementor-element-794e39b9 elementor-section-boxed elementor-section-height-default elementor-section-height-default\" data-id=\"794e39b9\" data-element_type=\"section\">\n\t\t\t\t\t\t<div class=\"elementor-container elementor-column-gap-default\">\n\t\t\t\t\t<div class=\"elementor-column elementor-col-33 elementor-top-column elementor-element elementor-element-49adddd7\" data-id=\"49adddd7\" data-element_type=\"column\">\n\t\t\t<div class=\"elementor-widget-wrap elementor-element-populated\">\n\t\t\t\t\t\t\t\t<div class=\"elementor-element elementor-element-547934e9 elementor-widget elementor-widget-image\" data-id=\"547934e9\" data-element_type=\"widget\" data-widget_type=\"image.default\">\n\t\t\t\t<div class=\"elementor-widget-container\">\n\t\t\t\t\t\t\t\t\t\t\t\t\t\t\t<img decoding=\"async\" loading=\"lazy\" width=\"2560\" height=\"1440\" src=\"https:\/\/ednc.secteur-palaiseau.fr\/wp-content\/uploads\/2023\/03\/Fil-de-priere-Careme-2023-1-scaled.jpg\" class=\"attachment-full size-full wp-image-5018\" alt=\"\" srcset=\"https:\/\/ednc.secteur-palaiseau.fr\/wp-content\/uploads\/2023\/03\/Fil-de-priere-Careme-2023-1-scaled.jpg 2560w, https:\/\/ednc.secteur-palaiseau.fr\/wp-content\/uploads\/2023\/03\/Fil-de-priere-Careme-2023-1-300x169.jpg 300w, https:\/\/ednc.secteur-palaiseau.fr\/wp-content\/uploads\/2023\/03\/Fil-de-priere-Careme-2023-1-1024x576.jpg 1024w, https:\/\/ednc.secteur-palaiseau.fr\/wp-content\/uploads\/2023\/03\/Fil-de-priere-Careme-2023-1-768x432.jpg 768w, https:\/\/ednc.secteur-palaiseau.fr\/wp-content\/uploads\/2023\/03\/Fil-de-priere-Careme-2023-1-1536x864.jpg 1536w, https:\/\/ednc.secteur-palaiseau.fr\/wp-content\/uploads\/2023\/03\/Fil-de-priere-Careme-2023-1-2048x1152.jpg 2048w\" sizes=\"(max-width: 2560px) 100vw, 2560px\" \/>\t\t\t\t\t\t\t\t\t\t\t\t\t\t\t<\/div>\n\t\t\t\t<\/div>\n\t\t\t\t\t<\/div>\n\t\t<\/div>\n\t\t\t\t<div class=\"elementor-column elementor-col-33 elementor-top-column elementor-element elementor-element-de0e81\" data-id=\"de0e81\" data-element_type=\"column\">\n\t\t\t<div class=\"elementor-widget-wrap elementor-element-populated\">\n\t\t\t\t\t\t\t\t<div class=\"elementor-element elementor-element-24d8355a elementor-widget elementor-widget-image\" data-id=\"24d8355a\" data-element_type=\"widget\" data-widget_type=\"image.default\">\n\t\t\t\t<div class=\"elementor-widget-container\">\n\t\t\t\t\t\t\t\t\t\t\t\t\t\t\t<img decoding=\"async\" loading=\"lazy\" width=\"2560\" height=\"1440\" src=\"https:\/\/ednc.secteur-palaiseau.fr\/wp-content\/uploads\/2023\/03\/Fil-de-priere-Careme-2023-8-1-scaled.jpg\" class=\"attachment-full size-full wp-image-5025\" alt=\"\" srcset=\"https:\/\/ednc.secteur-palaiseau.fr\/wp-content\/uploads\/2023\/03\/Fil-de-priere-Careme-2023-8-1-scaled.jpg 2560w, https:\/\/ednc.secteur-palaiseau.fr\/wp-content\/uploads\/2023\/03\/Fil-de-priere-Careme-2023-8-1-300x169.jpg 300w, https:\/\/ednc.secteur-palaiseau.fr\/wp-content\/uploads\/2023\/03\/Fil-de-priere-Careme-2023-8-1-1024x576.jpg 1024w, https:\/\/ednc.secteur-palaiseau.fr\/wp-content\/uploads\/2023\/03\/Fil-de-priere-Careme-2023-8-1-768x432.jpg 768w, https:\/\/ednc.secteur-palaiseau.fr\/wp-content\/uploads\/2023\/03\/Fil-de-priere-Careme-2023-8-1-1536x864.jpg 1536w, https:\/\/ednc.secteur-palaiseau.fr\/wp-content\/uploads\/2023\/03\/Fil-de-priere-Careme-2023-8-1-2048x1152.jpg 2048w\" sizes=\"(max-width: 2560px) 100vw, 2560px\" \/>\t\t\t\t\t\t\t\t\t\t\t\t\t\t\t<\/div>\n\t\t\t\t<\/div>\n\t\t\t\t\t<\/div>\n\t\t<\/div>\n\t\t\t\t<div class=\"elementor-column elementor-col-33 elementor-top-column elementor-element elementor-element-29d798f7\" data-id=\"29d798f7\" data-element_type=\"column\">\n\t\t\t<div class=\"elementor-widget-wrap elementor-element-populated\">\n\t\t\t\t\t\t\t\t<div class=\"elementor-element elementor-element-72f3baa5 elementor-widget elementor-widget-image\" data-id=\"72f3baa5\" data-element_type=\"widget\" data-widget_type=\"image.default\">\n\t\t\t\t<div class=\"elementor-widget-container\">\n\t\t\t\t\t\t\t\t\t\t\t\t\t\t\t<img decoding=\"async\" loading=\"lazy\" width=\"2560\" height=\"1440\" src=\"https:\/\/ednc.secteur-palaiseau.fr\/wp-content\/uploads\/2023\/03\/Fil-de-priere-Careme-2023-7-1-scaled.jpg\" class=\"attachment-full size-full wp-image-5024\" alt=\"\" srcset=\"https:\/\/ednc.secteur-palaiseau.fr\/wp-content\/uploads\/2023\/03\/Fil-de-priere-Careme-2023-7-1-scaled.jpg 2560w, https:\/\/ednc.secteur-palaiseau.fr\/wp-content\/uploads\/2023\/03\/Fil-de-priere-Careme-2023-7-1-300x169.jpg 300w, https:\/\/ednc.secteur-palaiseau.fr\/wp-content\/uploads\/2023\/03\/Fil-de-priere-Careme-2023-7-1-1024x576.jpg 1024w, https:\/\/ednc.secteur-palaiseau.fr\/wp-content\/uploads\/2023\/03\/Fil-de-priere-Careme-2023-7-1-768x432.jpg 768w, https:\/\/ednc.secteur-palaiseau.fr\/wp-content\/uploads\/2023\/03\/Fil-de-priere-Careme-2023-7-1-1536x864.jpg 1536w, https:\/\/ednc.secteur-palaiseau.fr\/wp-content\/uploads\/2023\/03\/Fil-de-priere-Careme-2023-7-1-2048x1152.jpg 2048w\" sizes=\"(max-width: 2560px) 100vw, 2560px\" \/>\t\t\t\t\t\t\t\t\t\t\t\t\t\t\t<\/div>\n\t\t\t\t<\/div>\n\t\t\t\t\t<\/div>\n\t\t<\/div>\n\t\t\t\t\t\t\t<\/div>\n\t\t<\/section>\n\t\t\t\t<section class=\"elementor-section elementor-top-section elementor-element elementor-element-638a1b5 elementor-section-boxed elementor-section-height-default elementor-section-height-default\" data-id=\"638a1b5\" data-element_type=\"section\">\n\t\t\t\t\t\t<div class=\"elementor-container elementor-column-gap-default\">\n\t\t\t\t\t<div class=\"elementor-column elementor-col-33 elementor-top-column elementor-element elementor-element-827952a\" data-id=\"827952a\" data-element_type=\"column\">\n\t\t\t<div class=\"elementor-widget-wrap elementor-element-populated\">\n\t\t\t\t\t\t\t\t<div class=\"elementor-element elementor-element-26d099e elementor-widget elementor-widget-image\" data-id=\"26d099e\" data-element_type=\"widget\" data-widget_type=\"image.default\">\n\t\t\t\t<div class=\"elementor-widget-container\">\n\t\t\t\t\t\t\t\t\t\t\t\t\t\t\t<img decoding=\"async\" loading=\"lazy\" width=\"640\" height=\"360\" src=\"https:\/\/ednc.secteur-palaiseau.fr\/wp-content\/uploads\/2023\/03\/Fil-de-priere-Careme-2023-4-1-1024x576.jpg\" class=\"attachment-large size-large wp-image-5021\" alt=\"\" srcset=\"https:\/\/ednc.secteur-palaiseau.fr\/wp-content\/uploads\/2023\/03\/Fil-de-priere-Careme-2023-4-1-1024x576.jpg 1024w, https:\/\/ednc.secteur-palaiseau.fr\/wp-content\/uploads\/2023\/03\/Fil-de-priere-Careme-2023-4-1-300x169.jpg 300w, https:\/\/ednc.secteur-palaiseau.fr\/wp-content\/uploads\/2023\/03\/Fil-de-priere-Careme-2023-4-1-768x432.jpg 768w, https:\/\/ednc.secteur-palaiseau.fr\/wp-content\/uploads\/2023\/03\/Fil-de-priere-Careme-2023-4-1-1536x864.jpg 1536w, https:\/\/ednc.secteur-palaiseau.fr\/wp-content\/uploads\/2023\/03\/Fil-de-priere-Careme-2023-4-1-2048x1152.jpg 2048w\" sizes=\"(max-width: 640px) 100vw, 640px\" \/>\t\t\t\t\t\t\t\t\t\t\t\t\t\t\t<\/div>\n\t\t\t\t<\/div>\n\t\t\t\t\t<\/div>\n\t\t<\/div>\n\t\t\t\t<div class=\"elementor-column elementor-col-33 elementor-top-column elementor-element elementor-element-737fb08\" data-id=\"737fb08\" data-element_type=\"column\">\n\t\t\t<div class=\"elementor-widget-wrap elementor-element-populated\">\n\t\t\t\t\t\t\t\t<div class=\"elementor-element elementor-element-10c3e9f elementor-widget elementor-widget-image\" data-id=\"10c3e9f\" data-element_type=\"widget\" data-widget_type=\"image.default\">\n\t\t\t\t<div class=\"elementor-widget-container\">\n\t\t\t\t\t\t\t\t\t\t\t\t\t\t\t<img decoding=\"async\" loading=\"lazy\" width=\"576\" height=\"1024\" src=\"https:\/\/ednc.secteur-palaiseau.fr\/wp-content\/uploads\/2023\/03\/Fil-de-priere-Careme-2023-6-1-576x1024.jpg\" class=\"attachment-large size-large wp-image-5023\" alt=\"\" srcset=\"https:\/\/ednc.secteur-palaiseau.fr\/wp-content\/uploads\/2023\/03\/Fil-de-priere-Careme-2023-6-1-576x1024.jpg 576w, https:\/\/ednc.secteur-palaiseau.fr\/wp-content\/uploads\/2023\/03\/Fil-de-priere-Careme-2023-6-1-169x300.jpg 169w, https:\/\/ednc.secteur-palaiseau.fr\/wp-content\/uploads\/2023\/03\/Fil-de-priere-Careme-2023-6-1-768x1365.jpg 768w, https:\/\/ednc.secteur-palaiseau.fr\/wp-content\/uploads\/2023\/03\/Fil-de-priere-Careme-2023-6-1-864x1536.jpg 864w, https:\/\/ednc.secteur-palaiseau.fr\/wp-content\/uploads\/2023\/03\/Fil-de-priere-Careme-2023-6-1-1152x2048.jpg 1152w, https:\/\/ednc.secteur-palaiseau.fr\/wp-content\/uploads\/2023\/03\/Fil-de-priere-Careme-2023-6-1-scaled.jpg 1440w\" sizes=\"(max-width: 576px) 100vw, 576px\" \/>\t\t\t\t\t\t\t\t\t\t\t\t\t\t\t<\/div>\n\t\t\t\t<\/div>\n\t\t\t\t\t<\/div>\n\t\t<\/div>\n\t\t\t\t<div class=\"elementor-column elementor-col-33 elementor-top-column elementor-element elementor-element-c66d9c9\" data-id=\"c66d9c9\" data-element_type=\"column\">\n\t\t\t<div class=\"elementor-widget-wrap elementor-element-populated\">\n\t\t\t\t\t\t\t\t<div class=\"elementor-element elementor-element-8fa4599 elementor-widget elementor-widget-image\" data-id=\"8fa4599\" data-element_type=\"widget\" data-widget_type=\"image.default\">\n\t\t\t\t<div class=\"elementor-widget-container\">\n\t\t\t\t\t\t\t\t\t\t\t\t\t\t\t<img decoding=\"async\" loading=\"lazy\" width=\"640\" height=\"360\" src=\"https:\/\/ednc.secteur-palaiseau.fr\/wp-content\/uploads\/2023\/03\/Fil-de-priere-Careme-2023-5-1-1024x576.jpg\" class=\"attachment-large size-large wp-image-5022\" alt=\"\" srcset=\"https:\/\/ednc.secteur-palaiseau.fr\/wp-content\/uploads\/2023\/03\/Fil-de-priere-Careme-2023-5-1-1024x576.jpg 1024w, https:\/\/ednc.secteur-palaiseau.fr\/wp-content\/uploads\/2023\/03\/Fil-de-priere-Careme-2023-5-1-300x169.jpg 300w, https:\/\/ednc.secteur-palaiseau.fr\/wp-content\/uploads\/2023\/03\/Fil-de-priere-Careme-2023-5-1-768x432.jpg 768w, https:\/\/ednc.secteur-palaiseau.fr\/wp-content\/uploads\/2023\/03\/Fil-de-priere-Careme-2023-5-1-1536x864.jpg 1536w, https:\/\/ednc.secteur-palaiseau.fr\/wp-content\/uploads\/2023\/03\/Fil-de-priere-Careme-2023-5-1-2048x1152.jpg 2048w\" sizes=\"(max-width: 640px) 100vw, 640px\" \/>\t\t\t\t\t\t\t\t\t\t\t\t\t\t\t<\/div>\n\t\t\t\t<\/div>\n\t\t\t\t\t<\/div>\n\t\t<\/div>\n\t\t\t\t\t\t\t<\/div>\n\t\t<\/section>\n\t\t\t\t\t\t\t<\/div>\n\t\t","protected":false},"excerpt":{"rendered":"<p>Etienne Gardes<\/p>\n<p>Les jeunes de l&rsquo;Institution Saint Martin ont v\u00e9cu un temps de r\u00e9flexion le 15 mars et ont partag\u00e9 leur travail avec la communaut\u00e9 de Saint Martin <\/p>\n","protected":false},"author":7,"featured_media":4963,"comment_status":"closed","ping_status":"closed","sticky":false,"template":"","format":"standard","meta":{"footnotes":""},"categories":[4],"tags":[],"_links":{"self":[{"href":"https:\/\/ednc.secteur-palaiseau.fr\/index.php?rest_route=\/wp\/v2\/posts\/4958"}],"collection":[{"href":"https:\/\/ednc.secteur-palaiseau.fr\/index.php?rest_route=\/wp\/v2\/posts"}],"about":[{"href":"https:\/\/ednc.secteur-palaiseau.fr\/index.php?rest_route=\/wp\/v2\/types\/post"}],"author":[{"embeddable":true,"href":"https:\/\/ednc.secteur-palaiseau.fr\/index.php?rest_route=\/wp\/v2\/users\/7"}],"replies":[{"embeddable":true,"href":"https:\/\/ednc.secteur-palaiseau.fr\/index.php?rest_route=%2Fwp%2Fv2%2Fcomments&post=4958"}],"version-history":[{"count":19,"href":"https:\/\/ednc.secteur-palaiseau.fr\/index.php?rest_route=\/wp\/v2\/posts\/4958\/revisions"}],"predecessor-version":[{"id":5101,"href":"https:\/\/ednc.secteur-palaiseau.fr\/index.php?rest_route=\/wp\/v2\/posts\/4958\/revisions\/5101"}],"wp:featuredmedia":[{"embeddable":true,"href":"https:\/\/ednc.secteur-palaiseau.fr\/index.php?rest_route=\/wp\/v2\/media\/4963"}],"wp:attachment":[{"href":"https:\/\/ednc.secteur-palaiseau.fr\/index.php?rest_route=%2Fwp%2Fv2%2Fmedia&parent=4958"}],"wp:term":[{"taxonomy":"category","embeddable":true,"href":"https:\/\/ednc.secteur-palaiseau.fr\/index.php?rest_route=%2Fwp%2Fv2%2Fcategories&post=4958"},{"taxonomy":"post_tag","embeddable":true,"href":"https:\/\/ednc.secteur-palaiseau.fr\/index.php?rest_route=%2Fwp%2Fv2%2Ftags&post=4958"}],"curies":[{"name":"wp","href":"https:\/\/api.w.org\/{rel}","templated":true}]}}