{"id":4796,"date":"2023-04-06T19:10:54","date_gmt":"2023-04-06T17:10:54","guid":{"rendered":"https:\/\/ednc.secteur-palaiseau.fr\/?p=4796"},"modified":"2023-04-11T10:22:17","modified_gmt":"2023-04-11T08:22:17","slug":"retour-sur-la-visite-de-mgr-pansard","status":"publish","type":"post","link":"https:\/\/ednc.secteur-palaiseau.fr\/?p=4796","title":{"rendered":"Retour sur la visite de notre Ev\u00eaque Michel Pansard"},"content":{"rendered":"\t\t<div data-elementor-type=\"wp-post\" data-elementor-id=\"4796\" class=\"elementor elementor-4796\">\n\t\t\t\t\t\t\t\t\t<section class=\"elementor-section elementor-top-section elementor-element elementor-element-f7c129c elementor-section-boxed elementor-section-height-default elementor-section-height-default\" data-id=\"f7c129c\" data-element_type=\"section\">\n\t\t\t\t\t\t<div class=\"elementor-container elementor-column-gap-default\">\n\t\t\t\t\t<div class=\"elementor-column elementor-col-100 elementor-top-column elementor-element elementor-element-fb6ff4b\" data-id=\"fb6ff4b\" data-element_type=\"column\">\n\t\t\t<div class=\"elementor-widget-wrap\">\n\t\t\t\t\t\t\t\t\t<\/div>\n\t\t<\/div>\n\t\t\t\t\t\t\t<\/div>\n\t\t<\/section>\n\t\t\t\t<section class=\"elementor-section elementor-top-section elementor-element elementor-element-543220b elementor-section-boxed elementor-section-height-default elementor-section-height-default\" data-id=\"543220b\" data-element_type=\"section\">\n\t\t\t\t\t\t<div class=\"elementor-container elementor-column-gap-default\">\n\t\t\t\t\t<div class=\"elementor-column elementor-col-100 elementor-top-column elementor-element elementor-element-4de3b1c\" data-id=\"4de3b1c\" data-element_type=\"column\">\n\t\t\t<div class=\"elementor-widget-wrap elementor-element-populated\">\n\t\t\t\t\t\t\t\t<div class=\"elementor-element elementor-element-d767c19 elementor-widget elementor-widget-text-editor\" data-id=\"d767c19\" data-element_type=\"widget\" data-widget_type=\"text-editor.default\">\n\t\t\t\t<div class=\"elementor-widget-container\">\n\t\t\t\t\t\t\t<p>Notre \u00e9v\u00eaque Michel Pansard, a effectu\u00e9 une visite pastorale, du jeudi 9 au dimanche 12 f\u00e9vrier, sur le secteur de Palaiseau. L\u2019occasion pour lui de faire connaissance avec les communaut\u00e9s locales et d\u2019\u00e9couter les catholiques sur le terrain. Dans cet article, nous avons recueilli quelques t\u00e9moignages des diff\u00e9rentes rencontres lors de sa visite.<\/p>\t\t\t\t\t\t<\/div>\n\t\t\t\t<\/div>\n\t\t\t\t\t<\/div>\n\t\t<\/div>\n\t\t\t\t\t\t\t<\/div>\n\t\t<\/section>\n\t\t\t\t<section class=\"elementor-section elementor-top-section elementor-element elementor-element-79bf3c0 elementor-section-boxed elementor-section-height-default elementor-section-height-default\" data-id=\"79bf3c0\" data-element_type=\"section\">\n\t\t\t\t\t\t<div class=\"elementor-container elementor-column-gap-default\">\n\t\t\t\t\t<div class=\"elementor-column elementor-col-50 elementor-top-column elementor-element elementor-element-9c8a4e3\" data-id=\"9c8a4e3\" data-element_type=\"column\">\n\t\t\t<div class=\"elementor-widget-wrap elementor-element-populated\">\n\t\t\t\t\t\t\t\t<div class=\"elementor-element elementor-element-da6b95f elementor-widget elementor-widget-text-editor\" data-id=\"da6b95f\" data-element_type=\"widget\" data-widget_type=\"text-editor.default\">\n\t\t\t\t<div class=\"elementor-widget-container\">\n\t\t\t\t\t\t\t<p>Jeudi 9 F\u00e9vrier la plupart des membres des \u00e9quipes d\u00e9coration florale, sacristie, accueil, m\u00e9nage ont d\u00e9jeun\u00e9 avec leur \u00e9v\u00eaque. Plus de 40 personnes r\u00e9unies salle Schmikrath \u00e0 Loz\u00e8re ! Beaucoup d\u2019animation, de rires, de plaisir de se rencontrer et de discuter avec Mgr Pansard qui a morcel\u00e9 son repas en passant de table en table. Le repas fut d\u00e9licieux et abondant concoct\u00e9 en partie par chaque groupement paroissial. Les questions \u00e0 poser \u00e0 l&rsquo;\u00e9v\u00eaque ont fus\u00e9. Il y eut parfois quelques frustrations de ne pouvoir \u00e9changer en particulier sur tel ou tel sujet, mais la bonne humeur r\u00e9gnant a vite tout effac\u00e9.<br \/>Merci \u00e0 toutes les petites mains qui ont pr\u00e9par\u00e9 la salle, pr\u00e9par\u00e9 le repas et tout rang\u00e9 ensuite\u00a0!<br \/><br \/><em>Nadine Lamarche<\/em><\/p>\t\t\t\t\t\t<\/div>\n\t\t\t\t<\/div>\n\t\t\t\t\t<\/div>\n\t\t<\/div>\n\t\t\t\t<div class=\"elementor-column elementor-col-50 elementor-top-column elementor-element elementor-element-b8a270b\" data-id=\"b8a270b\" data-element_type=\"column\">\n\t\t\t<div class=\"elementor-widget-wrap elementor-element-populated\">\n\t\t\t\t\t\t\t\t<div class=\"elementor-element elementor-element-1e452cf elementor-widget elementor-widget-image\" data-id=\"1e452cf\" data-element_type=\"widget\" data-widget_type=\"image.default\">\n\t\t\t\t<div class=\"elementor-widget-container\">\n\t\t\t\t\t\t\t\t\t\t\t\t\t\t\t<img decoding=\"async\" loading=\"lazy\" width=\"640\" height=\"480\" src=\"https:\/\/ednc.secteur-palaiseau.fr\/wp-content\/uploads\/2023\/03\/Visite-pastorale-09-02-Lozere-scaled-1-1024x768.jpg\" class=\"attachment-large size-large wp-image-4865\" alt=\"Visite pastorale de Mgr Pansard, r\u00e9union \u00e0 Loz\u00e8re\" srcset=\"https:\/\/ednc.secteur-palaiseau.fr\/wp-content\/uploads\/2023\/03\/Visite-pastorale-09-02-Lozere-scaled-1-1024x768.jpg 1024w, https:\/\/ednc.secteur-palaiseau.fr\/wp-content\/uploads\/2023\/03\/Visite-pastorale-09-02-Lozere-scaled-1-300x225.jpg 300w, https:\/\/ednc.secteur-palaiseau.fr\/wp-content\/uploads\/2023\/03\/Visite-pastorale-09-02-Lozere-scaled-1-768x576.jpg 768w, https:\/\/ednc.secteur-palaiseau.fr\/wp-content\/uploads\/2023\/03\/Visite-pastorale-09-02-Lozere-scaled-1-1536x1152.jpg 1536w, https:\/\/ednc.secteur-palaiseau.fr\/wp-content\/uploads\/2023\/03\/Visite-pastorale-09-02-Lozere-scaled-1-2048x1536.jpg 2048w, https:\/\/ednc.secteur-palaiseau.fr\/wp-content\/uploads\/2023\/03\/Visite-pastorale-09-02-Lozere-scaled-1-800x600.jpg 800w\" sizes=\"(max-width: 640px) 100vw, 640px\" \/>\t\t\t\t\t\t\t\t\t\t\t\t\t\t\t<\/div>\n\t\t\t\t<\/div>\n\t\t\t\t\t<\/div>\n\t\t<\/div>\n\t\t\t\t\t\t\t<\/div>\n\t\t<\/section>\n\t\t\t\t<section class=\"elementor-section elementor-top-section elementor-element elementor-element-7037cee elementor-section-boxed elementor-section-height-default elementor-section-height-default\" data-id=\"7037cee\" data-element_type=\"section\">\n\t\t\t\t\t\t<div class=\"elementor-container elementor-column-gap-default\">\n\t\t\t\t\t<div class=\"elementor-column elementor-col-100 elementor-top-column elementor-element elementor-element-3277209\" data-id=\"3277209\" data-element_type=\"column\">\n\t\t\t<div class=\"elementor-widget-wrap elementor-element-populated\">\n\t\t\t\t\t\t\t\t<div class=\"elementor-element elementor-element-a1b974d elementor-widget elementor-widget-text-editor\" data-id=\"a1b974d\" data-element_type=\"widget\" data-widget_type=\"text-editor.default\">\n\t\t\t\t<div class=\"elementor-widget-container\">\n\t\t\t\t\t\t\t<p>Au mois de f\u00e9vrier, un d\u00e9jeuner chaud s\u2019impose. Avec les possibilit\u00e9s un peu limit\u00e9es de la cuisine de Loz\u00e8re, et pour une bonne<br \/>trentaine de personnes, j\u2019vous dis pas les soucis que cela a caus\u00e9 \u00e0 Nadine. Trois \u00e9quipes, trois tables, un repas de trois plats \u00e0 d\u00e9guster.\u00a0<br \/>Ce repas a \u00e9t\u00e9 l\u2019occasion de retrouver dans les condition chaleureuses d\u2019un repas des personnes des autres groupements paroissiaux avec qui nous avions travaill\u00e9 nagu\u00e8re, de faire de nouvelles connaissances et d\u2019\u00e9changer sur nos diverses pratiques. Mgr Pansard nous a confirm\u00e9 certains points de droit et donn\u00e9 quelques pistes pour am\u00e9liorer nos accueils,<br \/>insistant sur l\u2019importance de cette mission, puisque nous sommes souvent en relation avec les personnes du seuil qui sollicitent, entre autres, des bapt\u00eames ou d\u00e9sirant se marier. Nous avons \u00e0 apprendre \u00e0 discerner avec d\u00e9licatesse et leur proposer ce qui peut les faire avancer<br \/>dans la foi et en Eglise.<\/p><p><em>Bernard Coutin, accueil de Saint-Martin de Palaiseau<\/em><\/p>\t\t\t\t\t\t<\/div>\n\t\t\t\t<\/div>\n\t\t\t\t\t<\/div>\n\t\t<\/div>\n\t\t\t\t\t\t\t<\/div>\n\t\t<\/section>\n\t\t\t\t<section class=\"elementor-section elementor-top-section elementor-element elementor-element-9db0885 elementor-section-boxed elementor-section-height-default elementor-section-height-default\" data-id=\"9db0885\" data-element_type=\"section\">\n\t\t\t\t\t\t<div class=\"elementor-container elementor-column-gap-default\">\n\t\t\t\t\t<div class=\"elementor-column elementor-col-50 elementor-top-column elementor-element elementor-element-227fd9d\" data-id=\"227fd9d\" data-element_type=\"column\">\n\t\t\t<div class=\"elementor-widget-wrap\">\n\t\t\t\t\t\t\t\t\t<\/div>\n\t\t<\/div>\n\t\t\t\t<div class=\"elementor-column elementor-col-50 elementor-top-column elementor-element elementor-element-ee3e0ea\" data-id=\"ee3e0ea\" data-element_type=\"column\">\n\t\t\t<div class=\"elementor-widget-wrap\">\n\t\t\t\t\t\t\t\t\t<\/div>\n\t\t<\/div>\n\t\t\t\t\t\t\t<\/div>\n\t\t<\/section>\n\t\t\t\t<section class=\"elementor-section elementor-top-section elementor-element elementor-element-aed6c8e elementor-section-boxed elementor-section-height-default elementor-section-height-default\" data-id=\"aed6c8e\" data-element_type=\"section\">\n\t\t\t\t\t\t<div class=\"elementor-container elementor-column-gap-default\">\n\t\t\t\t\t<div class=\"elementor-column elementor-col-100 elementor-top-column elementor-element elementor-element-7c435e2\" data-id=\"7c435e2\" data-element_type=\"column\">\n\t\t\t<div class=\"elementor-widget-wrap elementor-element-populated\">\n\t\t\t\t\t\t\t\t<div class=\"elementor-element elementor-element-258623f elementor-widget elementor-widget-image\" data-id=\"258623f\" data-element_type=\"widget\" data-widget_type=\"image.default\">\n\t\t\t\t<div class=\"elementor-widget-container\">\n\t\t\t\t\t\t\t\t\t\t\t\t\t\t\t<img decoding=\"async\" loading=\"lazy\" width=\"640\" height=\"391\" src=\"https:\/\/ednc.secteur-palaiseau.fr\/wp-content\/uploads\/2023\/04\/EDNC-Visite-pastorale-eglise-evangelique-1024x625.jpg\" class=\"attachment-large size-large wp-image-5954\" alt=\"\" srcset=\"https:\/\/ednc.secteur-palaiseau.fr\/wp-content\/uploads\/2023\/04\/EDNC-Visite-pastorale-eglise-evangelique-1024x625.jpg 1024w, https:\/\/ednc.secteur-palaiseau.fr\/wp-content\/uploads\/2023\/04\/EDNC-Visite-pastorale-eglise-evangelique-300x183.jpg 300w, https:\/\/ednc.secteur-palaiseau.fr\/wp-content\/uploads\/2023\/04\/EDNC-Visite-pastorale-eglise-evangelique-768x469.jpg 768w, https:\/\/ednc.secteur-palaiseau.fr\/wp-content\/uploads\/2023\/04\/EDNC-Visite-pastorale-eglise-evangelique.jpg 1310w\" sizes=\"(max-width: 640px) 100vw, 640px\" \/>\t\t\t\t\t\t\t\t\t\t\t\t\t\t\t<\/div>\n\t\t\t\t<\/div>\n\t\t\t\t\t<\/div>\n\t\t<\/div>\n\t\t\t\t\t\t\t<\/div>\n\t\t<\/section>\n\t\t\t\t<section class=\"elementor-section elementor-top-section elementor-element elementor-element-cfb1a95 elementor-section-boxed elementor-section-height-default elementor-section-height-default\" data-id=\"cfb1a95\" data-element_type=\"section\">\n\t\t\t\t\t\t<div class=\"elementor-container elementor-column-gap-default\">\n\t\t\t\t\t<div class=\"elementor-column elementor-col-100 elementor-top-column elementor-element elementor-element-f4e6584\" data-id=\"f4e6584\" data-element_type=\"column\">\n\t\t\t<div class=\"elementor-widget-wrap elementor-element-populated\">\n\t\t\t\t\t\t\t\t<div class=\"elementor-element elementor-element-438451d elementor-widget elementor-widget-text-editor\" data-id=\"438451d\" data-element_type=\"widget\" data-widget_type=\"text-editor.default\">\n\t\t\t\t<div class=\"elementor-widget-container\">\n\t\t\t\t\t\t\t<p>Le pasteur de l\u2019\u00e9glise \u00e9vang\u00e9lique de Palaiseau Mamy Andrianandrasanaet et son \u00e9quipe ont re\u00e7u tr\u00e8s chaleureusement Monseigneur Pansard et le responsable de secteur de Palaiseau, le P\u00e8re Jean-Fran\u00e7ois Zakarian, le P\u00e8re Jean-Luc Facqueur, le P\u00e8re Luc Mazola, le Fr\u00e8re Jean-Marie Burnod, Josette Philippon repr\u00e9sentant le groupe islamo-chr\u00e9tien, la secr\u00e9taire du secteur Laure-Anne Guinamard ainsi que le repr\u00e9sentant musulman de l\u2019Association Pont de l\u2019Amiti\u00e9 Majid Benbachir et l\u2019imam de Palaiseau Monsieur Hamid Arim.<br \/>Le pasteur Didier Petit avait un engagement important ce soir l\u00e0 et n\u2019a pu se joindre \u00e0 nous.<\/p><p>Un tour de table nous a permis de faire connaissance et de pr\u00e9ciser les responsabilit\u00e9s de chacun. L\u2019importance de la rencontre et du dialogue et par la m\u00eame la meilleure connaissance de ce qui nous semble diff\u00e9rent, \u00e9tranger, a \u00e9t\u00e9 soulign\u00e9 dans un souci de partage, de respect et de paix. \u00a0<br \/>L\u2019objectif d\u2019impliquer les jeunes est primordial et c\u2019est par eux qu\u2019il nous faut passer des messages pour un avenir plus serein et dans la paix.<br \/>La r\u00e9union s\u2019est termin\u00e9e par la visite de l\u2019\u00e9glise que nous ne connaissions pas.<\/p><p><em>Josette Philippon<\/em><\/p>\t\t\t\t\t\t<\/div>\n\t\t\t\t<\/div>\n\t\t\t\t\t<\/div>\n\t\t<\/div>\n\t\t\t\t\t\t\t<\/div>\n\t\t<\/section>\n\t\t\t\t<section class=\"elementor-section elementor-top-section elementor-element elementor-element-4af561b elementor-section-boxed elementor-section-height-default elementor-section-height-default\" data-id=\"4af561b\" data-element_type=\"section\">\n\t\t\t\t\t\t<div class=\"elementor-container elementor-column-gap-default\">\n\t\t\t\t\t<div class=\"elementor-column elementor-col-66 elementor-top-column elementor-element elementor-element-738622a\" data-id=\"738622a\" data-element_type=\"column\">\n\t\t\t<div class=\"elementor-widget-wrap elementor-element-populated\">\n\t\t\t\t\t\t\t\t<div class=\"elementor-element elementor-element-c3b4e25 elementor-widget elementor-widget-text-editor\" data-id=\"c3b4e25\" data-element_type=\"widget\" data-widget_type=\"text-editor.default\">\n\t\t\t\t<div class=\"elementor-widget-container\">\n\t\t\t\t\t\t\t<div>Au cours du diner avec l&rsquo;\u00e9quipe Communication au cours duquel une pr\u00e9sentation des outils de communication lui a \u00e9t\u00e9 faite : site web, Echo de nos Clochers, Lettre d&rsquo;informations, l&rsquo;\u00e9v\u00eaque nous a rappel\u00e9 l&rsquo;importance d&rsquo;\u00e9tablir et de maintenir un contact avec les jeunes, notamment avec les \u00e9tudiants du plateau de Saclay, qui sont de plus en plus nombreux, et qui peuvent \u00eatre en recherche de contact avec notre secteur pastoral. A nous de r\u00e9fl\u00e9chir avec quels outils, quelles m\u00e9thodes, en particuliers avec la Mission Etudiante Catholique Ile de France (MECI) et le Centre Teilhard de Chardin en cours d&rsquo;ouverture sur le plateau de Saclay :<\/div><div>\u00a0\u00bb Cette concentration d&rsquo;acteurs actuels et de demain du monde scientifique est un v\u00e9ritable d\u00e9fi et aussi une chance pour penser et d\u00e9cider maintenant d&rsquo;une pr\u00e9sence d&rsquo;\u00e9glise \u00a0\u00bb (Mgr Pansard)<br \/><em>Jean-Luc &amp; Michel<\/em><\/div>\t\t\t\t\t\t<\/div>\n\t\t\t\t<\/div>\n\t\t\t\t\t<\/div>\n\t\t<\/div>\n\t\t\t\t<div class=\"elementor-column elementor-col-33 elementor-top-column elementor-element elementor-element-c0afbdf\" data-id=\"c0afbdf\" data-element_type=\"column\">\n\t\t\t<div class=\"elementor-widget-wrap elementor-element-populated\">\n\t\t\t\t\t\t\t\t<div class=\"elementor-element elementor-element-654db2e elementor-widget elementor-widget-image\" data-id=\"654db2e\" data-element_type=\"widget\" data-widget_type=\"image.default\">\n\t\t\t\t<div class=\"elementor-widget-container\">\n\t\t\t\t\t\t\t\t\t\t\t\t\t\t\t<img decoding=\"async\" loading=\"lazy\" width=\"640\" height=\"387\" src=\"https:\/\/ednc.secteur-palaiseau.fr\/wp-content\/uploads\/2023\/03\/EquipeCommunication.jpg\" class=\"attachment-large size-large wp-image-5967\" alt=\"\" srcset=\"https:\/\/ednc.secteur-palaiseau.fr\/wp-content\/uploads\/2023\/03\/EquipeCommunication.jpg 661w, https:\/\/ednc.secteur-palaiseau.fr\/wp-content\/uploads\/2023\/03\/EquipeCommunication-300x182.jpg 300w\" sizes=\"(max-width: 640px) 100vw, 640px\" \/>\t\t\t\t\t\t\t\t\t\t\t\t\t\t\t<\/div>\n\t\t\t\t<\/div>\n\t\t\t\t\t<\/div>\n\t\t<\/div>\n\t\t\t\t\t\t\t<\/div>\n\t\t<\/section>\n\t\t\t\t<section class=\"elementor-section elementor-top-section elementor-element elementor-element-3a5e9ce elementor-section-boxed elementor-section-height-default elementor-section-height-default\" data-id=\"3a5e9ce\" data-element_type=\"section\">\n\t\t\t\t\t\t<div class=\"elementor-container elementor-column-gap-default\">\n\t\t\t\t\t<div class=\"elementor-column elementor-col-50 elementor-top-column elementor-element elementor-element-02e2eac\" data-id=\"02e2eac\" data-element_type=\"column\">\n\t\t\t<div class=\"elementor-widget-wrap elementor-element-populated\">\n\t\t\t\t\t\t\t\t<div class=\"elementor-element elementor-element-54a7d50 elementor-widget elementor-widget-image\" data-id=\"54a7d50\" data-element_type=\"widget\" data-widget_type=\"image.default\">\n\t\t\t\t<div class=\"elementor-widget-container\">\n\t\t\t\t\t\t\t\t\t\t\t\t\t\t\t<img decoding=\"async\" loading=\"lazy\" width=\"640\" height=\"424\" src=\"https:\/\/ednc.secteur-palaiseau.fr\/wp-content\/uploads\/2023\/03\/DSC_0699-SM-1024x678.jpg\" class=\"attachment-large size-large wp-image-4868\" alt=\"Eucharistie St Michel, El\u00e9vation du corps du Christ, Mgr Pansard\" srcset=\"https:\/\/ednc.secteur-palaiseau.fr\/wp-content\/uploads\/2023\/03\/DSC_0699-SM-1024x678.jpg 1024w, https:\/\/ednc.secteur-palaiseau.fr\/wp-content\/uploads\/2023\/03\/DSC_0699-SM-300x199.jpg 300w, https:\/\/ednc.secteur-palaiseau.fr\/wp-content\/uploads\/2023\/03\/DSC_0699-SM-768x509.jpg 768w, https:\/\/ednc.secteur-palaiseau.fr\/wp-content\/uploads\/2023\/03\/DSC_0699-SM.jpg 1232w\" sizes=\"(max-width: 640px) 100vw, 640px\" \/>\t\t\t\t\t\t\t\t\t\t\t\t\t\t\t<\/div>\n\t\t\t\t<\/div>\n\t\t\t\t\t<\/div>\n\t\t<\/div>\n\t\t\t\t<div class=\"elementor-column elementor-col-50 elementor-top-column elementor-element elementor-element-64f0deb\" data-id=\"64f0deb\" data-element_type=\"column\">\n\t\t\t<div class=\"elementor-widget-wrap elementor-element-populated\">\n\t\t\t\t\t\t\t\t<div class=\"elementor-element elementor-element-d467bbd elementor-widget elementor-widget-text-editor\" data-id=\"d467bbd\" data-element_type=\"widget\" data-widget_type=\"text-editor.default\">\n\t\t\t\t<div class=\"elementor-widget-container\">\n\t\t\t\t\t\t\t<p>\u00a0 \u00a0 \u00ab\u00a0Nous avons expliqu\u00e9 comment se passait la pr\u00e9paration des obs\u00e8ques, ce qui a beaucoup int\u00e9ress\u00e9 Mgr Pansard. Le renouvellement de nos \u00e9quipes reste une grande pr\u00e9occupation et a longuement \u00e9t\u00e9 \u00e9voqu\u00e9. Au moment du renouvellement de nos lettres de mission, notre Ev\u00eaque nous sugg\u00e8re de nous poser la question suivante : Quand ai je commenc\u00e9 ce service et, en conscience, est-ce que je dois \u00eatre renouvel\u00e9 ?<br \/>\u00a0 \u00a0 \u00a0Pour appeler d\u2019autres personnes et qu\u2019elles se familiarisent avec ce service, on peut leur proposer de nous aider pour la musique ou pour participer aux lectures.\u00a0\u00bb<br \/><span style=\"font-family: var( --e-global-typography-text-font-family ), Sans-serif; font-weight: var( --e-global-typography-text-font-weight ); font-size: 1rem;\"><br \/><i>Monique Boullay, des \u00e9quipes Esp\u00e9rance du Secteur de Palaiseau<\/i><\/span><span style=\"font-family: var( --e-global-typography-text-font-family ), Sans-serif; font-weight: var( --e-global-typography-text-font-weight ); font-size: 1rem;\">\u00a0<\/span><\/p>\t\t\t\t\t\t<\/div>\n\t\t\t\t<\/div>\n\t\t\t\t\t<\/div>\n\t\t<\/div>\n\t\t\t\t\t\t\t<\/div>\n\t\t<\/section>\n\t\t\t\t<section class=\"elementor-section elementor-top-section elementor-element elementor-element-56676f4 elementor-section-boxed elementor-section-height-default elementor-section-height-default\" data-id=\"56676f4\" data-element_type=\"section\">\n\t\t\t\t\t\t<div class=\"elementor-container elementor-column-gap-default\">\n\t\t\t\t\t<div class=\"elementor-column elementor-col-50 elementor-top-column elementor-element elementor-element-1357fa2\" data-id=\"1357fa2\" data-element_type=\"column\">\n\t\t\t<div class=\"elementor-widget-wrap elementor-element-populated\">\n\t\t\t\t\t\t\t\t<div class=\"elementor-element elementor-element-15e2cc3 elementor-widget elementor-widget-text-editor\" data-id=\"15e2cc3\" data-element_type=\"widget\" data-widget_type=\"text-editor.default\">\n\t\t\t\t<div class=\"elementor-widget-container\">\n\t\t\t\t\t\t\t\t\t\t\t\t\t<\/div>\n\t\t\t\t<\/div>\n\t\t\t\t\t<\/div>\n\t\t<\/div>\n\t\t\t\t<div class=\"elementor-column elementor-col-50 elementor-top-column elementor-element elementor-element-f7d3d36\" data-id=\"f7d3d36\" data-element_type=\"column\">\n\t\t\t<div class=\"elementor-widget-wrap elementor-element-populated\">\n\t\t\t\t\t\t\t\t<div class=\"elementor-element elementor-element-d1f747d elementor-widget elementor-widget-text-editor\" data-id=\"d1f747d\" data-element_type=\"widget\" data-widget_type=\"text-editor.default\">\n\t\t\t\t<div class=\"elementor-widget-container\">\n\t\t\t\t\t\t\t\t\t\t\t\t\t<\/div>\n\t\t\t\t<\/div>\n\t\t\t\t\t<\/div>\n\t\t<\/div>\n\t\t\t\t\t\t\t<\/div>\n\t\t<\/section>\n\t\t\t\t<section class=\"elementor-section elementor-top-section elementor-element elementor-element-82095c8 elementor-section-boxed elementor-section-height-default elementor-section-height-default\" data-id=\"82095c8\" data-element_type=\"section\">\n\t\t\t\t\t\t<div class=\"elementor-container elementor-column-gap-default\">\n\t\t\t\t\t<div class=\"elementor-column elementor-col-50 elementor-top-column elementor-element elementor-element-2e12916\" data-id=\"2e12916\" data-element_type=\"column\">\n\t\t\t<div class=\"elementor-widget-wrap elementor-element-populated\">\n\t\t\t\t\t\t\t\t<div class=\"elementor-element elementor-element-96c112a elementor-widget elementor-widget-image\" data-id=\"96c112a\" data-element_type=\"widget\" data-widget_type=\"image.default\">\n\t\t\t\t<div class=\"elementor-widget-container\">\n\t\t\t\t\t\t\t\t\t\t\t\t<figure class=\"wp-caption\">\n\t\t\t\t\t\t\t\t\t\t<img decoding=\"async\" loading=\"lazy\" width=\"640\" height=\"427\" src=\"https:\/\/ednc.secteur-palaiseau.fr\/wp-content\/uploads\/2023\/03\/img-3509-MP-1024x683.jpg\" class=\"attachment-large size-large wp-image-4869\" alt=\"R\u00e9union et diner avec les \u00e9quipes animatrices\" srcset=\"https:\/\/ednc.secteur-palaiseau.fr\/wp-content\/uploads\/2023\/03\/img-3509-MP-1024x683.jpg 1024w, https:\/\/ednc.secteur-palaiseau.fr\/wp-content\/uploads\/2023\/03\/img-3509-MP-300x200.jpg 300w, https:\/\/ednc.secteur-palaiseau.fr\/wp-content\/uploads\/2023\/03\/img-3509-MP-768x512.jpg 768w, https:\/\/ednc.secteur-palaiseau.fr\/wp-content\/uploads\/2023\/03\/img-3509-MP-1536x1024.jpg 1536w, https:\/\/ednc.secteur-palaiseau.fr\/wp-content\/uploads\/2023\/03\/img-3509-MP-2048x1365.jpg 2048w\" sizes=\"(max-width: 640px) 100vw, 640px\" \/>\t\t\t\t\t\t\t\t\t\t\t<figcaption class=\"widget-image-caption wp-caption-text\">D\u00eener avec les \u00e9quipes animatrices<\/figcaption>\n\t\t\t\t\t\t\t\t\t\t<\/figure>\n\t\t\t\t\t\t\t\t\t<\/div>\n\t\t\t\t<\/div>\n\t\t\t\t<div class=\"elementor-element elementor-element-56d7997 elementor-widget elementor-widget-image\" data-id=\"56d7997\" data-element_type=\"widget\" data-widget_type=\"image.default\">\n\t\t\t\t<div class=\"elementor-widget-container\">\n\t\t\t\t\t\t\t\t\t\t\t\t<figure class=\"wp-caption\">\n\t\t\t\t\t\t\t\t\t\t<img decoding=\"async\" loading=\"lazy\" width=\"640\" height=\"360\" src=\"https:\/\/ednc.secteur-palaiseau.fr\/wp-content\/uploads\/2023\/03\/IMG-20230217-Visite-Pastorale.jpg\" class=\"attachment-large size-large wp-image-5988\" alt=\"\" srcset=\"https:\/\/ednc.secteur-palaiseau.fr\/wp-content\/uploads\/2023\/03\/IMG-20230217-Visite-Pastorale.jpg 888w, https:\/\/ednc.secteur-palaiseau.fr\/wp-content\/uploads\/2023\/03\/IMG-20230217-Visite-Pastorale-300x169.jpg 300w, https:\/\/ednc.secteur-palaiseau.fr\/wp-content\/uploads\/2023\/03\/IMG-20230217-Visite-Pastorale-768x432.jpg 768w\" sizes=\"(max-width: 640px) 100vw, 640px\" \/>\t\t\t\t\t\t\t\t\t\t\t<figcaption class=\"widget-image-caption wp-caption-text\">R\u00e9union avec les enfants cat\u00e9chis\u00e9s, \u00e9veil \u00e0 la foi<\/figcaption>\n\t\t\t\t\t\t\t\t\t\t<\/figure>\n\t\t\t\t\t\t\t\t\t<\/div>\n\t\t\t\t<\/div>\n\t\t\t\t\t<\/div>\n\t\t<\/div>\n\t\t\t\t<div class=\"elementor-column elementor-col-50 elementor-top-column elementor-element elementor-element-66abef9\" data-id=\"66abef9\" data-element_type=\"column\">\n\t\t\t<div class=\"elementor-widget-wrap elementor-element-populated\">\n\t\t\t\t\t\t\t\t<div class=\"elementor-element elementor-element-5e13023 elementor-widget elementor-widget-text-editor\" data-id=\"5e13023\" data-element_type=\"widget\" data-widget_type=\"text-editor.default\">\n\t\t\t\t<div class=\"elementor-widget-container\">\n\t\t\t\t\t\t\t<p>Dimanche 12 f\u00e9vrier Mgr Pansard a rencontr\u00e9 les cat\u00e9chum\u00e8nes du secteur. Ce fut une belle matin\u00e9e qui s\u2019est termin\u00e9e par une messe joyeuse \u00e0 St Martin.<\/p><p>Les cat\u00e9chum\u00e8nes \u00e9taient nombreux au rendez-vous, heureux, \u00e9coutant tr\u00e8s attentivement ce qu\u2019avait \u00e0 leur dire leur \u00e9v\u00eaque. Rencontre d\u00e9contract\u00e9e, pleine de simplicit\u00e9 et non d\u00e9pourvue d\u2019humour comme les messages d\u00e9livr\u00e9s en r\u00e9ponse aux nombreuses questions pos\u00e9es. Eternelles questions qui taraudent tout chr\u00e9tien ; la pri\u00e8re, le mal, le pardon, et puis le r\u00f4le de l\u2019\u00e9v\u00eaque, la place de l\u2019Eucharistie\u2026<\/p><p>Quelques r\u00e9ponses fortes : La pri\u00e8re ne doit pas \u00eatre trop polie, n\u2019h\u00e9sitez pas \u00e0 prier avec vos tripes ; pour pardonner \u00ab la barbarie \u00bb, ne pas oublier que le \u00ab barbare \u00bb ne se r\u00e9duit pas au mal qu\u2019il a fait ; le r\u00f4le de l\u2019\u00e9v\u00eaque c\u2019est d\u2019annoncer l\u2019Evangile \u00e0 tous les hommes ; dans l\u2019Eucharistie accueillez le don offert et donnez-vous ;<\/p><p>Encore quelques conseils : soyons fid\u00e8les au Christ, gardons des temps de respiration pour n\u2019\u00eatre pas happ\u00e9s par le quotidien, soyons chr\u00e9tiens dans le monde, les mains de Dieu c\u2019est nous !<\/p><p><em>Nadine et Marie-Dani\u00e8le<\/em><\/p>\t\t\t\t\t\t<\/div>\n\t\t\t\t<\/div>\n\t\t\t\t\t<\/div>\n\t\t<\/div>\n\t\t\t\t\t\t\t<\/div>\n\t\t<\/section>\n\t\t\t\t<section class=\"elementor-section elementor-top-section elementor-element elementor-element-107ef75 elementor-section-boxed elementor-section-height-default elementor-section-height-default\" data-id=\"107ef75\" data-element_type=\"section\">\n\t\t\t\t\t\t<div class=\"elementor-container elementor-column-gap-default\">\n\t\t\t\t\t<div class=\"elementor-column elementor-col-50 elementor-top-column elementor-element elementor-element-747baa1\" data-id=\"747baa1\" data-element_type=\"column\">\n\t\t\t<div class=\"elementor-widget-wrap elementor-element-populated\">\n\t\t\t\t\t\t\t\t<div class=\"elementor-element elementor-element-4a3b768 elementor-widget elementor-widget-text-editor\" data-id=\"4a3b768\" data-element_type=\"widget\" data-widget_type=\"text-editor.default\">\n\t\t\t\t<div class=\"elementor-widget-container\">\n\t\t\t\t\t\t\t<p>La rencontre entre notre \u00e9v\u00eaque Michel Pansard et la Mission<br \/>Solidarit\u00e9-Ecologie a permis de montrer comment l&rsquo;approche de l&rsquo;\u00e9cologie int\u00e9grale du pape Fran\u00e7ois faisait son chemin dans le secteur de Palaiseau. <br \/>Via le r\u00e9sum\u00e9 des actions de sensibilisation men\u00e9es par l&rsquo;\u00e9quipe Laudato Si en concertation avec les actions de solidarit\u00e9, notre \u00e9v\u00eaque a pu constater qu&rsquo;un mouvement significatif \u00e9tait engag\u00e9.<\/p><p>Notre \u00e9v\u00eaque nous a recommand\u00e9 de prendre soin des personnes souffrant de l&rsquo;angoisse \u00e9cologique, \u00e0 l&rsquo;image des h\u00e9breux en exil \u00e0 Babylone. De notre c\u00f4t\u00e9, nous avons pu souligner l&rsquo;importance que tout le dioc\u00e8se se comporte en relais actif de la vision du pape.<br \/><br \/><em>Jean-Louis, \u00e9quipe Laudato Si<\/em><\/p>\t\t\t\t\t\t<\/div>\n\t\t\t\t<\/div>\n\t\t\t\t\t<\/div>\n\t\t<\/div>\n\t\t\t\t<div class=\"elementor-column elementor-col-50 elementor-top-column elementor-element elementor-element-c3724b4\" data-id=\"c3724b4\" data-element_type=\"column\">\n\t\t\t<div class=\"elementor-widget-wrap elementor-element-populated\">\n\t\t\t\t\t\t\t\t<div class=\"elementor-element elementor-element-1bf2604 elementor-widget elementor-widget-image\" data-id=\"1bf2604\" data-element_type=\"widget\" data-widget_type=\"image.default\">\n\t\t\t\t<div class=\"elementor-widget-container\">\n\t\t\t\t\t\t\t\t\t\t\t\t\t\t\t<img decoding=\"async\" loading=\"lazy\" width=\"251\" height=\"394\" src=\"https:\/\/ednc.secteur-palaiseau.fr\/wp-content\/uploads\/2023\/03\/LaudatoSI.jpg\" class=\"attachment-large size-large wp-image-5984\" alt=\"\" srcset=\"https:\/\/ednc.secteur-palaiseau.fr\/wp-content\/uploads\/2023\/03\/LaudatoSI.jpg 251w, https:\/\/ednc.secteur-palaiseau.fr\/wp-content\/uploads\/2023\/03\/LaudatoSI-191x300.jpg 191w\" sizes=\"(max-width: 251px) 100vw, 251px\" \/>\t\t\t\t\t\t\t\t\t\t\t\t\t\t\t<\/div>\n\t\t\t\t<\/div>\n\t\t\t\t\t<\/div>\n\t\t<\/div>\n\t\t\t\t\t\t\t<\/div>\n\t\t<\/section>\n\t\t\t\t<section class=\"elementor-section elementor-top-section elementor-element elementor-element-e6c0f8c elementor-section-boxed elementor-section-height-default elementor-section-height-default\" data-id=\"e6c0f8c\" data-element_type=\"section\">\n\t\t\t\t\t\t<div class=\"elementor-container elementor-column-gap-default\">\n\t\t\t\t\t<div class=\"elementor-column elementor-col-25 elementor-top-column elementor-element elementor-element-fdc0661\" data-id=\"fdc0661\" data-element_type=\"column\">\n\t\t\t<div class=\"elementor-widget-wrap\">\n\t\t\t\t\t\t\t\t\t<\/div>\n\t\t<\/div>\n\t\t\t\t<div class=\"elementor-column elementor-col-25 elementor-top-column elementor-element elementor-element-6dcaf6e\" data-id=\"6dcaf6e\" data-element_type=\"column\">\n\t\t\t<div class=\"elementor-widget-wrap\">\n\t\t\t\t\t\t\t\t\t<\/div>\n\t\t<\/div>\n\t\t\t\t<div class=\"elementor-column elementor-col-25 elementor-top-column elementor-element elementor-element-36cc1b4\" data-id=\"36cc1b4\" data-element_type=\"column\">\n\t\t\t<div class=\"elementor-widget-wrap\">\n\t\t\t\t\t\t\t\t\t<\/div>\n\t\t<\/div>\n\t\t\t\t<div class=\"elementor-column elementor-col-25 elementor-top-column elementor-element elementor-element-301deed\" data-id=\"301deed\" data-element_type=\"column\">\n\t\t\t<div class=\"elementor-widget-wrap elementor-element-populated\">\n\t\t\t\t\t\t\t\t<div class=\"elementor-element elementor-element-d4b759a elementor-widget elementor-widget-image\" data-id=\"d4b759a\" data-element_type=\"widget\" data-widget_type=\"image.default\">\n\t\t\t\t<div class=\"elementor-widget-container\">\n\t\t\t\t\t\t\t\t\t\t\t\t\t\t\t<img decoding=\"async\" loading=\"lazy\" width=\"74\" height=\"15\" src=\"https:\/\/ednc.secteur-palaiseau.fr\/wp-content\/uploads\/2023\/02\/MichelSt.jpg\" class=\"attachment-large size-large wp-image-5920\" alt=\"\" \/>\t\t\t\t\t\t\t\t\t\t\t\t\t\t\t<\/div>\n\t\t\t\t<\/div>\n\t\t\t\t\t<\/div>\n\t\t<\/div>\n\t\t\t\t\t\t\t<\/div>\n\t\t<\/section>\n\t\t\t\t\t\t\t<\/div>\n\t\t","protected":false},"excerpt":{"rendered":"<p>Du 9 au 12 F\u00e9vrier, nous avons eu la visite de notre \u00e9v\u00eaque Michel Pansard, l&rsquo;occasion de rencontrer nos diff\u00e9rentes \u00e9quipes du secteur<\/p>\n","protected":false},"author":6,"featured_media":4798,"comment_status":"closed","ping_status":"closed","sticky":false,"template":"","format":"standard","meta":{"footnotes":""},"categories":[4],"tags":[],"_links":{"self":[{"href":"https:\/\/ednc.secteur-palaiseau.fr\/index.php?rest_route=\/wp\/v2\/posts\/4796"}],"collection":[{"href":"https:\/\/ednc.secteur-palaiseau.fr\/index.php?rest_route=\/wp\/v2\/posts"}],"about":[{"href":"https:\/\/ednc.secteur-palaiseau.fr\/index.php?rest_route=\/wp\/v2\/types\/post"}],"author":[{"embeddable":true,"href":"https:\/\/ednc.secteur-palaiseau.fr\/index.php?rest_route=\/wp\/v2\/users\/6"}],"replies":[{"embeddable":true,"href":"https:\/\/ednc.secteur-palaiseau.fr\/index.php?rest_route=%2Fwp%2Fv2%2Fcomments&post=4796"}],"version-history":[{"count":145,"href":"https:\/\/ednc.secteur-palaiseau.fr\/index.php?rest_route=\/wp\/v2\/posts\/4796\/revisions"}],"predecessor-version":[{"id":6144,"href":"https:\/\/ednc.secteur-palaiseau.fr\/index.php?rest_route=\/wp\/v2\/posts\/4796\/revisions\/6144"}],"wp:featuredmedia":[{"embeddable":true,"href":"https:\/\/ednc.secteur-palaiseau.fr\/index.php?rest_route=\/wp\/v2\/media\/4798"}],"wp:attachment":[{"href":"https:\/\/ednc.secteur-palaiseau.fr\/index.php?rest_route=%2Fwp%2Fv2%2Fmedia&parent=4796"}],"wp:term":[{"taxonomy":"category","embeddable":true,"href":"https:\/\/ednc.secteur-palaiseau.fr\/index.php?rest_route=%2Fwp%2Fv2%2Fcategories&post=4796"},{"taxonomy":"post_tag","embeddable":true,"href":"https:\/\/ednc.secteur-palaiseau.fr\/index.php?rest_route=%2Fwp%2Fv2%2Ftags&post=4796"}],"curies":[{"name":"wp","href":"https:\/\/api.w.org\/{rel}","templated":true}]}}