{"id":4596,"date":"2023-04-06T14:30:16","date_gmt":"2023-04-06T12:30:16","guid":{"rendered":"https:\/\/ednc.secteur-palaiseau.fr\/?p=4596"},"modified":"2023-04-06T19:49:00","modified_gmt":"2023-04-06T17:49:00","slug":"rencontre-avec-le-padre-roberto-jaramillo","status":"publish","type":"post","link":"https:\/\/ednc.secteur-palaiseau.fr\/?p=4596","title":{"rendered":"Rencontre avec le Padre Roberto Jaramillo"},"content":{"rendered":"\t\t<div data-elementor-type=\"wp-post\" data-elementor-id=\"4596\" class=\"elementor elementor-4596\">\n\t\t\t\t\t\t\t\t\t<section class=\"elementor-section elementor-top-section elementor-element elementor-element-abc0ac9 elementor-section-boxed elementor-section-height-default elementor-section-height-default\" data-id=\"abc0ac9\" data-element_type=\"section\">\n\t\t\t\t\t\t<div class=\"elementor-container elementor-column-gap-default\">\n\t\t\t\t\t<div class=\"elementor-column elementor-col-100 elementor-top-column elementor-element elementor-element-1584ef0\" data-id=\"1584ef0\" data-element_type=\"column\">\n\t\t\t<div class=\"elementor-widget-wrap elementor-element-populated\">\n\t\t\t\t\t\t\t\t<div class=\"elementor-element elementor-element-18fcb54 elementor-widget elementor-widget-heading\" data-id=\"18fcb54\" data-element_type=\"widget\" data-widget_type=\"heading.default\">\n\t\t\t\t<div class=\"elementor-widget-container\">\n\t\t\t<h3 class=\"elementor-heading-title elementor-size-default\">St Michel du Pileu, le 6 Janvier 2023<\/h3>\t\t<\/div>\n\t\t\t\t<\/div>\n\t\t\t\t<div class=\"elementor-element elementor-element-fee2a30 elementor-widget elementor-widget-heading\" data-id=\"fee2a30\" data-element_type=\"widget\" data-widget_type=\"heading.default\">\n\t\t\t\t<div class=\"elementor-widget-container\">\n\t\t\t<h4 class=\"elementor-heading-title elementor-size-default\">Genevi\u00e8ve Piccino, Denis Felicite Zulma, Patrice Gadenne<\/h4>\t\t<\/div>\n\t\t\t\t<\/div>\n\t\t\t\t\t<\/div>\n\t\t<\/div>\n\t\t\t\t\t\t\t<\/div>\n\t\t<\/section>\n\t\t\t\t<section class=\"elementor-section elementor-top-section elementor-element elementor-element-d12530b elementor-section-boxed elementor-section-height-default elementor-section-height-default\" data-id=\"d12530b\" data-element_type=\"section\">\n\t\t\t\t\t\t<div class=\"elementor-container elementor-column-gap-default\">\n\t\t\t\t\t<div class=\"elementor-column elementor-col-50 elementor-top-column elementor-element elementor-element-8c25eef\" data-id=\"8c25eef\" data-element_type=\"column\">\n\t\t\t<div class=\"elementor-widget-wrap elementor-element-populated\">\n\t\t\t\t\t\t\t\t<div class=\"elementor-element elementor-element-bd0e439 elementor-widget elementor-widget-text-editor\" data-id=\"bd0e439\" data-element_type=\"widget\" data-widget_type=\"text-editor.default\">\n\t\t\t\t<div class=\"elementor-widget-container\">\n\t\t\t\t\t\t\t<p>Roberto Jaramillo est un pr\u00eatre j\u00e9suite colombien qui n&rsquo;a pas encore 60 ans, et que nous avons connu au moment o\u00f9 il pr\u00e9parait une th\u00e8se en anthropologie, soutenue \u00e0 l&rsquo;EHESS de Paris en 2003, sur un sujet traitant de la place de l&rsquo;Am\u00e9rindien dans l&rsquo;Amazonie moderne, en particulier dans les villes.<br \/>Il y a donc maintenant une bonne vingtaine d&rsquo;ann\u00e9es, de 2000 \u00e0 2003, le Padre Roberto Jaramillo venait r\u00e9guli\u00e8rement pr\u00e9sider nos assembl\u00e9es dominicales \u00e0 Saint Michel du Pileu. Beaucoup s&rsquo;en souviennent\u2026 De passage par Paris en route vers Rome, il a \u00e9mis le souhait de rencontrer ses amis d&rsquo;ici. Nous nous sommes donc retrouv\u00e9s ce soir l\u00e0 \u00e0 une vingtaine d&rsquo;anciens.<\/p>\t\t\t\t\t\t<\/div>\n\t\t\t\t<\/div>\n\t\t\t\t\t<\/div>\n\t\t<\/div>\n\t\t\t\t<div class=\"elementor-column elementor-col-50 elementor-top-column elementor-element elementor-element-ff34054\" data-id=\"ff34054\" data-element_type=\"column\">\n\t\t\t<div class=\"elementor-widget-wrap elementor-element-populated\">\n\t\t\t\t\t\t\t\t<div class=\"elementor-element elementor-element-d78b312 elementor-widget elementor-widget-image\" data-id=\"d78b312\" data-element_type=\"widget\" data-widget_type=\"image.default\">\n\t\t\t\t<div class=\"elementor-widget-container\">\n\t\t\t\t\t\t\t\t\t\t\t\t\t\t\t<img decoding=\"async\" loading=\"lazy\" width=\"613\" height=\"480\" src=\"https:\/\/ednc.secteur-palaiseau.fr\/wp-content\/uploads\/2023\/03\/Padre-Roberto-Jaramillo.jpg\" class=\"attachment-large size-large wp-image-4611\" alt=\"P\u00e8re Roberto Jaramillo, pr\u00eatre j\u00e9suite Colombien\" srcset=\"https:\/\/ednc.secteur-palaiseau.fr\/wp-content\/uploads\/2023\/03\/Padre-Roberto-Jaramillo.jpg 613w, https:\/\/ednc.secteur-palaiseau.fr\/wp-content\/uploads\/2023\/03\/Padre-Roberto-Jaramillo-300x235.jpg 300w\" sizes=\"(max-width: 613px) 100vw, 613px\" \/>\t\t\t\t\t\t\t\t\t\t\t\t\t\t\t<\/div>\n\t\t\t\t<\/div>\n\t\t\t\t\t<\/div>\n\t\t<\/div>\n\t\t\t\t\t\t\t<\/div>\n\t\t<\/section>\n\t\t\t\t<section class=\"elementor-section elementor-top-section elementor-element elementor-element-01a220a elementor-section-boxed elementor-section-height-default elementor-section-height-default\" data-id=\"01a220a\" data-element_type=\"section\">\n\t\t\t\t\t\t<div class=\"elementor-container elementor-column-gap-default\">\n\t\t\t\t\t<div class=\"elementor-column elementor-col-100 elementor-top-column elementor-element elementor-element-0c19059\" data-id=\"0c19059\" data-element_type=\"column\">\n\t\t\t<div class=\"elementor-widget-wrap elementor-element-populated\">\n\t\t\t\t\t\t\t\t<div class=\"elementor-element elementor-element-a633a55 elementor-widget elementor-widget-text-editor\" data-id=\"a633a55\" data-element_type=\"widget\" data-widget_type=\"text-editor.default\">\n\t\t\t\t<div class=\"elementor-widget-container\">\n\t\t\t\t\t\t\tDe son passage par Saint Michel, Roberto nous a laiss\u00e9\u00a0\u00e0 tous\u00a0une soif de\u00a0rencontres constructives. Cette rencontre du 6 janvier n&rsquo;avait pas pour but de\u00a0renouer avec\u00a0un\u00a0pass\u00e9\u00a0\u00e9coul\u00e9, mais bien plut\u00f4t\u00a0de\u00a0comprendre o\u00f9\u00a0l&rsquo;avaient men\u00e9 ses derni\u00e8res ann\u00e9es\u00a0de mission\u00a0en Am\u00e9rique latine. Lors de ses passages pr\u00e9c\u00e9dents, Roberto nous avait\u00a0surtout\u00a0parl\u00e9 des probl\u00e8mes sociaux li\u00e9s \u00e0 la pauvret\u00e9 d&rsquo;une grande partie des populations d&rsquo;Am\u00e9rique latine\u00a0et\u00a0aux migrations\u00a0qu&rsquo;elle engendre\u00a0vers la partie riche des Am\u00e9riques. A la question de la nature\u00a0actuelle\u00a0de son propre travail,\u00a0il a d&rsquo;abord\u00a0d\u00e9taill\u00e9\u00a0les\u00a0multiples\u00a0sujets\u00a0d&rsquo;action de\u00a0la\u00a0Compagnie de\u00a0J\u00e9sus,\u00a0tous plus ou moins ax\u00e9s sur tous les probl\u00e8mes li\u00e9s \u00e0\u00a0\u00ab\u00a0l&rsquo;\u00e9ducation\u00a0\u00bb\u00a0au sens le plus large et\u00a0\u00e0 tous les niveaux.\u00a0Il\u00a0nous\u00a0a ensuite\u00a0d\u00e9taill\u00e9\u00a0l&rsquo;ossature de\u00a0toute\u00a0l&rsquo;organisation\u00a0j\u00e9suite dans le monde.\u00a0Il est donc parti\u00a0des actions de base\u00a0(l&rsquo;enseignement \u00e0 tous les niveaux,\u00a0les centres sociaux, les maisons de retraite, les radios\u00a0locales, etc.)\u00a0qui sont naturellement\u00a0regroup\u00e9es\u00a0au niveau\u00a0des\u00a0\u00ab\u00a0Provinces\u00a0j\u00e9suites\u00a0\u00bb, elles-m\u00eames\u00a0plus ou moins li\u00e9es aux\u00a0contours des\u00a0\u00c9tats.\u00a0Ces\u00a0Provinces\u00a0sont ensuite group\u00e9es\u00a0en\u00a0six\u00a0\u00ab\u00a0Conf\u00e9rences\u00a0\u00bb\u00a0mondiales repr\u00e9sentant les\u00a0continents.\u00a0L&rsquo;ensemble est directement\u00a0coordonn\u00e9 par le P\u00e8re G\u00e9n\u00e9ral\u00a0j\u00e9suite\u00a0\u00e0 Rome,\u00a0celui qu&rsquo;on nomme aussi \u00ab\u00a0le Pape Noir\u00a0\u00bb,\u00a0qui reste sous la seule autorit\u00e9 du Pape.\u00a0Et l\u00e0, nous avons\u00a0enfin\u00a0compris qu&rsquo;il \u00e9tait lui-m\u00eame le Pr\u00e9sident de la Conf\u00e9rence des Am\u00e9riques\u00a0latines et de la Cara\u00efbe (CPAL) depuis d\u00e9j\u00e0 six ans et donc en fin de mandat\u00a0!\t\t\t\t\t\t<\/div>\n\t\t\t\t<\/div>\n\t\t\t\t\t<\/div>\n\t\t<\/div>\n\t\t\t\t\t\t\t<\/div>\n\t\t<\/section>\n\t\t\t\t<section class=\"elementor-section elementor-top-section elementor-element elementor-element-10fd588 elementor-section-boxed elementor-section-height-default elementor-section-height-default\" data-id=\"10fd588\" data-element_type=\"section\">\n\t\t\t\t\t\t<div class=\"elementor-container elementor-column-gap-default\">\n\t\t\t\t\t<div class=\"elementor-column elementor-col-66 elementor-top-column elementor-element elementor-element-1cd66c4\" data-id=\"1cd66c4\" data-element_type=\"column\">\n\t\t\t<div class=\"elementor-widget-wrap elementor-element-populated\">\n\t\t\t\t\t\t\t\t<div class=\"elementor-element elementor-element-f81dbcb elementor-widget elementor-widget-image\" data-id=\"f81dbcb\" data-element_type=\"widget\" data-widget_type=\"image.default\">\n\t\t\t\t<div class=\"elementor-widget-container\">\n\t\t\t\t\t\t\t\t\t\t\t\t\t\t\t<img decoding=\"async\" loading=\"lazy\" width=\"640\" height=\"330\" src=\"https:\/\/ednc.secteur-palaiseau.fr\/wp-content\/uploads\/2023\/03\/Soiree-P-Roberto-Jaramillo-1.jpg\" class=\"attachment-large size-large wp-image-4618\" alt=\"Rencontre avec le P\u00e8re Roberto Jaramillo \u00e0 St Michel du Pileu\" srcset=\"https:\/\/ednc.secteur-palaiseau.fr\/wp-content\/uploads\/2023\/03\/Soiree-P-Roberto-Jaramillo-1.jpg 760w, https:\/\/ednc.secteur-palaiseau.fr\/wp-content\/uploads\/2023\/03\/Soiree-P-Roberto-Jaramillo-1-300x155.jpg 300w\" sizes=\"(max-width: 640px) 100vw, 640px\" \/>\t\t\t\t\t\t\t\t\t\t\t\t\t\t\t<\/div>\n\t\t\t\t<\/div>\n\t\t\t\t\t<\/div>\n\t\t<\/div>\n\t\t\t\t<div class=\"elementor-column elementor-col-33 elementor-top-column elementor-element elementor-element-b9aff76\" data-id=\"b9aff76\" data-element_type=\"column\">\n\t\t\t<div class=\"elementor-widget-wrap elementor-element-populated\">\n\t\t\t\t\t\t\t\t<div class=\"elementor-element elementor-element-90399da elementor-widget elementor-widget-text-editor\" data-id=\"90399da\" data-element_type=\"widget\" data-widget_type=\"text-editor.default\">\n\t\t\t\t<div class=\"elementor-widget-container\">\n\t\t\t\t\t\t\t<p>Tout cela pour nous expliquer que sa pr\u00e9occupation principale\u00a0pendant\u00a0ses six ann\u00e9es de pr\u00e9sidence a \u00e9t\u00e9 de tisser un r\u00e9seau de relations actives, fortes et efficaces, entre tous les points d&rsquo;action \u00e0 tous les niveaux.\u00a0Dans un organisme multit\u00e2che, il\u00a0est en effet\u00a0habituel d&rsquo;\u00e9tablir et de maintenir\u00a0des relations\u00a0locales\u00a0de type\u00a0plus ou moins\u00a0\u00ab\u00a0vertical\u00a0\u00bb entre les personnes qui sont attel\u00e9es \u00e0 un m\u00eame probl\u00e8me\u00a0ou \u00e0 un m\u00eame lieu.<\/p>\t\t\t\t\t\t<\/div>\n\t\t\t\t<\/div>\n\t\t\t\t\t<\/div>\n\t\t<\/div>\n\t\t\t\t\t\t\t<\/div>\n\t\t<\/section>\n\t\t\t\t<section class=\"elementor-section elementor-top-section elementor-element elementor-element-737e89b elementor-section-boxed elementor-section-height-default elementor-section-height-default\" data-id=\"737e89b\" data-element_type=\"section\">\n\t\t\t\t\t\t<div class=\"elementor-container elementor-column-gap-default\">\n\t\t\t\t\t<div class=\"elementor-column elementor-col-33 elementor-top-column elementor-element elementor-element-2560f58\" data-id=\"2560f58\" data-element_type=\"column\">\n\t\t\t<div class=\"elementor-widget-wrap elementor-element-populated\">\n\t\t\t\t\t\t\t\t<div class=\"elementor-element elementor-element-2bb298f elementor-widget elementor-widget-text-editor\" data-id=\"2bb298f\" data-element_type=\"widget\" data-widget_type=\"text-editor.default\">\n\t\t\t\t<div class=\"elementor-widget-container\">\n\t\t\t\t\t\t\t<p>Pour Roberto, charg\u00e9 de toutes les actions sur tout un continent, la question a \u00e9t\u00e9 de cr\u00e9er un r\u00e9seau de liens bien au-del\u00e0 des habitudes. Il voulait que chacun puisse profiter partout et \u00e0 tous les niveaux de l&rsquo;\u00e9nergie et du \u00ab\u00a0savoir faire\u00a0\u00bb de chaque acteur j\u00e9suite, quelle que soit sa place et sa mission du moment.<\/p>\t\t\t\t\t\t<\/div>\n\t\t\t\t<\/div>\n\t\t\t\t\t<\/div>\n\t\t<\/div>\n\t\t\t\t<div class=\"elementor-column elementor-col-66 elementor-top-column elementor-element elementor-element-9e70ab9\" data-id=\"9e70ab9\" data-element_type=\"column\">\n\t\t\t<div class=\"elementor-widget-wrap elementor-element-populated\">\n\t\t\t\t\t\t\t\t<div class=\"elementor-element elementor-element-13dda80 elementor-widget elementor-widget-image\" data-id=\"13dda80\" data-element_type=\"widget\" data-widget_type=\"image.default\">\n\t\t\t\t<div class=\"elementor-widget-container\">\n\t\t\t\t\t\t\t\t\t\t\t\t\t\t\t<img decoding=\"async\" loading=\"lazy\" width=\"640\" height=\"325\" src=\"https:\/\/ednc.secteur-palaiseau.fr\/wp-content\/uploads\/2023\/03\/Soiree-P-Roberto-Jaramillo-2.jpg\" class=\"attachment-large size-large wp-image-4619\" alt=\"\" srcset=\"https:\/\/ednc.secteur-palaiseau.fr\/wp-content\/uploads\/2023\/03\/Soiree-P-Roberto-Jaramillo-2.jpg 907w, https:\/\/ednc.secteur-palaiseau.fr\/wp-content\/uploads\/2023\/03\/Soiree-P-Roberto-Jaramillo-2-300x152.jpg 300w, https:\/\/ednc.secteur-palaiseau.fr\/wp-content\/uploads\/2023\/03\/Soiree-P-Roberto-Jaramillo-2-768x390.jpg 768w\" sizes=\"(max-width: 640px) 100vw, 640px\" \/>\t\t\t\t\t\t\t\t\t\t\t\t\t\t\t<\/div>\n\t\t\t\t<\/div>\n\t\t\t\t\t<\/div>\n\t\t<\/div>\n\t\t\t\t\t\t\t<\/div>\n\t\t<\/section>\n\t\t\t\t<section class=\"elementor-section elementor-top-section elementor-element elementor-element-34d5188 elementor-section-boxed elementor-section-height-default elementor-section-height-default\" data-id=\"34d5188\" data-element_type=\"section\">\n\t\t\t\t\t\t<div class=\"elementor-container elementor-column-gap-default\">\n\t\t\t\t\t<div class=\"elementor-column elementor-col-100 elementor-top-column elementor-element elementor-element-f9ed2e4\" data-id=\"f9ed2e4\" data-element_type=\"column\">\n\t\t\t<div class=\"elementor-widget-wrap elementor-element-populated\">\n\t\t\t\t\t\t\t\t<div class=\"elementor-element elementor-element-faad1e6 elementor-widget elementor-widget-text-editor\" data-id=\"faad1e6\" data-element_type=\"widget\" data-widget_type=\"text-editor.default\">\n\t\t\t\t<div class=\"elementor-widget-container\">\n\t\t\t\t\t\t\t<p>Chaque projet devient ainsi un \u00ab\u00a0construire\u00a0ensemble\u00a0\u00bb particulier soutenu\u00a0\u00e0 tous les niveaux\u00a0par la totalit\u00e9 des acteurs,\u00a0qu&rsquo;ils soient proches ou lointains,\u00a0en mission sur un projet voisin ou diff\u00e9rent.\u00a0Ce r\u00e9seau se doit alors d&rsquo;inclure des liens en tous sens\u00a0: aussi bien verticalement\u00a0qu&rsquo;horizontalement et m\u00eame\u00a0en\u00a0diagonale\u00a0ou en\u00a0\u00ab\u00a0lignes bris\u00e9es\u00a0\u00bb&#8230;<br \/><span style=\"font-family: var( --e-global-typography-text-font-family ), Sans-serif; font-weight: var( --e-global-typography-text-font-weight ); font-size: 1rem;\">On peut reconna\u00eetre ici\u00a0l&rsquo;induction\u00a0de comportements nouveaux\u00a0supposant\u00a0une conversion\u00a0profonde\u00a0des\u00a0modes de vie et de pens\u00e9e,\u00a0donc un travail r\u00e9ellement important&#8230;<br \/>Ce serait peut-\u00eatre la prise de conscience de ce \u00ab\u00a0construire tous ensemble\u00a0\u00bb, donc en r\u00e9seau, avec un but ultime clair et commun, qui pourrait donner leur sens plein \u00e0 des projets tels que la \u00ab\u00a0synodalit\u00e9\u00a0\u00bb (ce chemin que nous parcourons ensemble) dans l&rsquo;\u00c9glise ou plus simplement au niveau d&rsquo;une paroisse ou d&rsquo;un dioc\u00e8se, ici ou ailleurs, en Essonne comme en Am\u00e9rique.<\/span><\/p>\t\t\t\t\t\t<\/div>\n\t\t\t\t<\/div>\n\t\t\t\t\t<\/div>\n\t\t<\/div>\n\t\t\t\t\t\t\t<\/div>\n\t\t<\/section>\n\t\t\t\t<section class=\"elementor-section elementor-top-section elementor-element elementor-element-c5a6c97 elementor-section-boxed elementor-section-height-default elementor-section-height-default\" data-id=\"c5a6c97\" data-element_type=\"section\">\n\t\t\t\t\t\t<div class=\"elementor-container elementor-column-gap-default\">\n\t\t\t\t\t<div class=\"elementor-column elementor-col-100 elementor-top-column elementor-element elementor-element-78969ad\" data-id=\"78969ad\" data-element_type=\"column\">\n\t\t\t<div class=\"elementor-widget-wrap elementor-element-populated\">\n\t\t\t\t\t\t\t\t<div class=\"elementor-element elementor-element-1f9a754 elementor-widget elementor-widget-image\" data-id=\"1f9a754\" data-element_type=\"widget\" data-widget_type=\"image.default\">\n\t\t\t\t<div class=\"elementor-widget-container\">\n\t\t\t\t\t\t\t\t\t\t\t\t\t\t\t<img decoding=\"async\" loading=\"lazy\" width=\"640\" height=\"282\" src=\"https:\/\/ednc.secteur-palaiseau.fr\/wp-content\/uploads\/2023\/03\/Soiree-P-Roberto-Jaramillo-3.jpg\" class=\"attachment-large size-large wp-image-4629\" alt=\"\" srcset=\"https:\/\/ednc.secteur-palaiseau.fr\/wp-content\/uploads\/2023\/03\/Soiree-P-Roberto-Jaramillo-3.jpg 964w, https:\/\/ednc.secteur-palaiseau.fr\/wp-content\/uploads\/2023\/03\/Soiree-P-Roberto-Jaramillo-3-300x132.jpg 300w, https:\/\/ednc.secteur-palaiseau.fr\/wp-content\/uploads\/2023\/03\/Soiree-P-Roberto-Jaramillo-3-768x339.jpg 768w\" sizes=\"(max-width: 640px) 100vw, 640px\" \/>\t\t\t\t\t\t\t\t\t\t\t\t\t\t\t<\/div>\n\t\t\t\t<\/div>\n\t\t\t\t\t<\/div>\n\t\t<\/div>\n\t\t\t\t\t\t\t<\/div>\n\t\t<\/section>\n\t\t\t\t<section class=\"elementor-section elementor-top-section elementor-element elementor-element-6b560a7 elementor-section-boxed elementor-section-height-default elementor-section-height-default\" data-id=\"6b560a7\" data-element_type=\"section\">\n\t\t\t\t\t\t<div class=\"elementor-container elementor-column-gap-default\">\n\t\t\t\t\t<div class=\"elementor-column elementor-col-100 elementor-top-column elementor-element elementor-element-7efcdac\" data-id=\"7efcdac\" data-element_type=\"column\">\n\t\t\t<div class=\"elementor-widget-wrap elementor-element-populated\">\n\t\t\t\t\t\t\t\t<div class=\"elementor-element elementor-element-545bba8 elementor-widget elementor-widget-text-editor\" data-id=\"545bba8\" data-element_type=\"widget\" data-widget_type=\"text-editor.default\">\n\t\t\t\t<div class=\"elementor-widget-container\">\n\t\t\t\t\t\t\t<p>La soir\u00e9e s&rsquo;est achev\u00e9e par un d\u00eener fraternel o\u00f9 Roberto a pu s&rsquo;entretenir avec chacun, prendre des nouvelles de toute la communaut\u00e9, y compris des absents et de\u00a0toutes\u00a0les familles\u00a0dont il \u00ab\u00a0conna\u00eet\u00a0\u00bb toujours tous les pr\u00e9noms&#8230;<br \/>Belle sensation que de tous se savoir reconnus individuellement apr\u00e8s tant d&rsquo;ann\u00e9es !<\/p><p>On ne peut qu&rsquo;esp\u00e9rer retrouver Roberto dans les ann\u00e9es \u00e0 venir &#8230;<\/p>\t\t\t\t\t\t<\/div>\n\t\t\t\t<\/div>\n\t\t\t\t\t<\/div>\n\t\t<\/div>\n\t\t\t\t\t\t\t<\/div>\n\t\t<\/section>\n\t\t\t\t<section class=\"elementor-section elementor-top-section elementor-element elementor-element-634cca9 elementor-section-boxed elementor-section-height-default elementor-section-height-default\" data-id=\"634cca9\" data-element_type=\"section\">\n\t\t\t\t\t\t<div class=\"elementor-container elementor-column-gap-default\">\n\t\t\t\t\t<div class=\"elementor-column elementor-col-100 elementor-top-column elementor-element elementor-element-b0709f3\" data-id=\"b0709f3\" data-element_type=\"column\">\n\t\t\t<div class=\"elementor-widget-wrap elementor-element-populated\">\n\t\t\t\t\t\t\t\t<div class=\"elementor-element elementor-element-d0078a0 elementor-widget elementor-widget-heading\" data-id=\"d0078a0\" data-element_type=\"widget\" data-widget_type=\"heading.default\">\n\t\t\t\t<div class=\"elementor-widget-container\">\n\t\t\t<h3 class=\"elementor-heading-title elementor-size-default\">Le p\u00e8re Roberto nous a fait aussi parvenir une vid\u00e9o de la CPAL, dont voici un r\u00e9sum\u00e9:<\/h3>\t\t<\/div>\n\t\t\t\t<\/div>\n\t\t\t\t\t<\/div>\n\t\t<\/div>\n\t\t\t\t\t\t\t<\/div>\n\t\t<\/section>\n\t\t\t\t<section class=\"elementor-section elementor-top-section elementor-element elementor-element-1bd3e0f elementor-section-boxed elementor-section-height-default elementor-section-height-default\" data-id=\"1bd3e0f\" data-element_type=\"section\">\n\t\t\t\t\t\t<div class=\"elementor-container elementor-column-gap-default\">\n\t\t\t\t\t<div class=\"elementor-column elementor-col-100 elementor-top-column elementor-element elementor-element-1c0947a\" data-id=\"1c0947a\" data-element_type=\"column\">\n\t\t\t<div class=\"elementor-widget-wrap elementor-element-populated\">\n\t\t\t\t\t\t\t\t<div class=\"elementor-element elementor-element-ce3bad9 elementor-widget elementor-widget-heading\" data-id=\"ce3bad9\" data-element_type=\"widget\" data-widget_type=\"heading.default\">\n\t\t\t\t<div class=\"elementor-widget-container\">\n\t\t\t<h6 class=\"elementor-heading-title elementor-size-default\">(CPAL= Conf\u00e9rence  des Provinces d'Am\u00e9rique Latine et de la Cara\u00efbe =\n Regroupement de toutes les provinces j\u00e9suites d'Am\u00e9rique Latine et de la Cara\u00efbe)\n<\/h6>\t\t<\/div>\n\t\t\t\t<\/div>\n\t\t\t\t\t<\/div>\n\t\t<\/div>\n\t\t\t\t\t\t\t<\/div>\n\t\t<\/section>\n\t\t\t\t<section class=\"elementor-section elementor-top-section elementor-element elementor-element-6f75713 elementor-section-boxed elementor-section-height-default elementor-section-height-default\" data-id=\"6f75713\" data-element_type=\"section\">\n\t\t\t\t\t\t<div class=\"elementor-container elementor-column-gap-default\">\n\t\t\t\t\t<div class=\"elementor-column elementor-col-100 elementor-top-column elementor-element elementor-element-c13d8bf\" data-id=\"c13d8bf\" data-element_type=\"column\">\n\t\t\t<div class=\"elementor-widget-wrap elementor-element-populated\">\n\t\t\t\t\t\t\t\t<div class=\"elementor-element elementor-element-e2ffe49 elementor-widget elementor-widget-text-editor\" data-id=\"e2ffe49\" data-element_type=\"widget\" data-widget_type=\"text-editor.default\">\n\t\t\t\t<div class=\"elementor-widget-container\">\n\t\t\t\t\t\t\t<p style=\"text-align: center;\">Mission apostolique de la Compagnie de J\u00e9sus en Am\u00e9rique Latine et Cara\u00efbe<\/p><p style=\"text-align: center;\">\u00ab Un corps pour la Mission \u00bb<br \/>\u00ab Voir toutes choses nouvelles en Christ \u00bb<\/p>\t\t\t\t\t\t<\/div>\n\t\t\t\t<\/div>\n\t\t\t\t\t<\/div>\n\t\t<\/div>\n\t\t\t\t\t\t\t<\/div>\n\t\t<\/section>\n\t\t\t\t<section class=\"elementor-section elementor-top-section elementor-element elementor-element-c35a059 elementor-section-boxed elementor-section-height-default elementor-section-height-default\" data-id=\"c35a059\" data-element_type=\"section\">\n\t\t\t\t\t\t<div class=\"elementor-container elementor-column-gap-default\">\n\t\t\t\t\t<div class=\"elementor-column elementor-col-50 elementor-top-column elementor-element elementor-element-ee537f7\" data-id=\"ee537f7\" data-element_type=\"column\">\n\t\t\t<div class=\"elementor-widget-wrap elementor-element-populated\">\n\t\t\t\t\t\t\t\t<div class=\"elementor-element elementor-element-3039305 elementor-widget elementor-widget-image\" data-id=\"3039305\" data-element_type=\"widget\" data-widget_type=\"image.default\">\n\t\t\t\t<div class=\"elementor-widget-container\">\n\t\t\t\t\t\t\t\t\t\t\t\t<figure class=\"wp-caption\">\n\t\t\t\t\t\t\t\t\t\t<img decoding=\"async\" loading=\"lazy\" width=\"640\" height=\"428\" src=\"https:\/\/ednc.secteur-palaiseau.fr\/wp-content\/uploads\/2023\/03\/Padre-Roberto-1024x685.jpg\" class=\"attachment-large size-large wp-image-4660\" alt=\"\" srcset=\"https:\/\/ednc.secteur-palaiseau.fr\/wp-content\/uploads\/2023\/03\/Padre-Roberto-1024x685.jpg 1024w, https:\/\/ednc.secteur-palaiseau.fr\/wp-content\/uploads\/2023\/03\/Padre-Roberto-300x201.jpg 300w, https:\/\/ednc.secteur-palaiseau.fr\/wp-content\/uploads\/2023\/03\/Padre-Roberto-768x513.jpg 768w, https:\/\/ednc.secteur-palaiseau.fr\/wp-content\/uploads\/2023\/03\/Padre-Roberto.jpg 1267w\" sizes=\"(max-width: 640px) 100vw, 640px\" \/>\t\t\t\t\t\t\t\t\t\t\t<figcaption class=\"widget-image-caption wp-caption-text\">Le P\u00e8re Roberto Jaramillo sj, Pr\u00e9sident de la CPAL, introduit le PAC 2 (Projet Apostolique Commun \u00e0 la CPAL pour les ann\u00e9es 2021 \u00e0 2027)<\/figcaption>\n\t\t\t\t\t\t\t\t\t\t<\/figure>\n\t\t\t\t\t\t\t\t\t<\/div>\n\t\t\t\t<\/div>\n\t\t\t\t\t<\/div>\n\t\t<\/div>\n\t\t\t\t<div class=\"elementor-column elementor-col-50 elementor-top-column elementor-element elementor-element-f4c663b\" data-id=\"f4c663b\" data-element_type=\"column\">\n\t\t\t<div class=\"elementor-widget-wrap elementor-element-populated\">\n\t\t\t\t\t\t\t\t<div class=\"elementor-element elementor-element-91ea212 elementor-widget elementor-widget-text-editor\" data-id=\"91ea212\" data-element_type=\"widget\" data-widget_type=\"text-editor.default\">\n\t\t\t\t<div class=\"elementor-widget-container\">\n\t\t\t\t\t\t\t<p><span style=\"font-family: var( --e-global-typography-text-font-family ), Sans-serif; font-weight: var( --e-global-typography-text-font-weight ); font-size: 1rem;\">Ce projet apostolique est commun \u00e0 tous les acteurs de la mission. Il s&rsquo;articule sur trois priorit\u00e9s fondamentales\u00a0:<\/span><\/p><ul><li>Notre exp\u00e9rience spirituelle qui nous anime dans les Exercices et dans le Discernement.<\/li><li>La construction, toujours plus active et plus cr\u00e9ative, de l&rsquo;amiti\u00e9 sociale entre les peuples, entre les hommes, entre les ethnies, entre les groupes sociaux.<\/li><li>La profondeur et la qualit\u00e9 du travail de formation compl\u00e8te et d&rsquo;\u00e9ducation que nous sommes amen\u00e9s \u00e0 offrir sur ce continent.<\/li><\/ul>\t\t\t\t\t\t<\/div>\n\t\t\t\t<\/div>\n\t\t\t\t\t<\/div>\n\t\t<\/div>\n\t\t\t\t\t\t\t<\/div>\n\t\t<\/section>\n\t\t\t\t<section class=\"elementor-section elementor-top-section elementor-element elementor-element-f9801c5 elementor-section-boxed elementor-section-height-default elementor-section-height-default\" data-id=\"f9801c5\" data-element_type=\"section\">\n\t\t\t\t\t\t<div class=\"elementor-container elementor-column-gap-default\">\n\t\t\t\t\t<div class=\"elementor-column elementor-col-100 elementor-top-column elementor-element elementor-element-85439e9\" data-id=\"85439e9\" data-element_type=\"column\">\n\t\t\t<div class=\"elementor-widget-wrap elementor-element-populated\">\n\t\t\t\t\t\t\t\t<div class=\"elementor-element elementor-element-ee2dd1a elementor-widget elementor-widget-text-editor\" data-id=\"ee2dd1a\" data-element_type=\"widget\" data-widget_type=\"text-editor.default\">\n\t\t\t\t<div class=\"elementor-widget-container\">\n\t\t\t\t\t\t\t<p>Suivent les pr\u00e9sentations succintes de chacun des domaines d&rsquo;action par leur responsable\u00a0<\/p>\t\t\t\t\t\t<\/div>\n\t\t\t\t<\/div>\n\t\t\t\t\t<\/div>\n\t\t<\/div>\n\t\t\t\t\t\t\t<\/div>\n\t\t<\/section>\n\t\t\t\t<section class=\"elementor-section elementor-top-section elementor-element elementor-element-1da07c7 elementor-section-boxed elementor-section-height-default elementor-section-height-default\" data-id=\"1da07c7\" data-element_type=\"section\">\n\t\t\t\t\t\t<div class=\"elementor-container elementor-column-gap-default\">\n\t\t\t\t\t<div class=\"elementor-column elementor-col-50 elementor-top-column elementor-element elementor-element-ef4261f\" data-id=\"ef4261f\" data-element_type=\"column\">\n\t\t\t<div class=\"elementor-widget-wrap elementor-element-populated\">\n\t\t\t\t\t\t\t\t<div class=\"elementor-element elementor-element-c7f2225 elementor-widget elementor-widget-text-editor\" data-id=\"c7f2225\" data-element_type=\"widget\" data-widget_type=\"text-editor.default\">\n\t\t\t\t<div class=\"elementor-widget-container\">\n\t\t\t\t\t\t\t<p>L&rsquo;apostolat social consiste \u00e0 se pr\u00e9occuper principalement de la douleur et de la souffrance des personnes les plus vuln\u00e9rables qui se trouvent les plus affect\u00e9es par toutes les crises, pand\u00e9mie comprise.. Cette action se r\u00e9sume \u00e0 lutter contre la pauvret\u00e9 et \u00e0 agir pour une plus grande dignit\u00e9 humaine,\u00a0 en collaboration avec ceux qui s&rsquo;engagent \u00e0 prendre soin de la Maison Commune.<\/p>\t\t\t\t\t\t<\/div>\n\t\t\t\t<\/div>\n\t\t\t\t\t<\/div>\n\t\t<\/div>\n\t\t\t\t<div class=\"elementor-column elementor-col-50 elementor-top-column elementor-element elementor-element-72b50f0\" data-id=\"72b50f0\" data-element_type=\"column\">\n\t\t\t<div class=\"elementor-widget-wrap elementor-element-populated\">\n\t\t\t\t\t\t\t\t<div class=\"elementor-element elementor-element-9030d61 elementor-widget elementor-widget-image\" data-id=\"9030d61\" data-element_type=\"widget\" data-widget_type=\"image.default\">\n\t\t\t\t<div class=\"elementor-widget-container\">\n\t\t\t\t\t\t\t\t\t\t\t\t<figure class=\"wp-caption\">\n\t\t\t\t\t\t\t\t\t\t<img decoding=\"async\" loading=\"lazy\" width=\"640\" height=\"379\" src=\"https:\/\/ednc.secteur-palaiseau.fr\/wp-content\/uploads\/2023\/03\/Sra-Carmen-de-Los-Rios-1024x607.jpg\" class=\"attachment-large size-large wp-image-4673\" alt=\"Sra Carmen de Los Rios, d\u00e9l\u00e9gu\u00e9e de l&#039;Apostolat Social\" srcset=\"https:\/\/ednc.secteur-palaiseau.fr\/wp-content\/uploads\/2023\/03\/Sra-Carmen-de-Los-Rios-1024x607.jpg 1024w, https:\/\/ednc.secteur-palaiseau.fr\/wp-content\/uploads\/2023\/03\/Sra-Carmen-de-Los-Rios-300x178.jpg 300w, https:\/\/ednc.secteur-palaiseau.fr\/wp-content\/uploads\/2023\/03\/Sra-Carmen-de-Los-Rios-768x455.jpg 768w, https:\/\/ednc.secteur-palaiseau.fr\/wp-content\/uploads\/2023\/03\/Sra-Carmen-de-Los-Rios.jpg 1419w\" sizes=\"(max-width: 640px) 100vw, 640px\" \/>\t\t\t\t\t\t\t\t\t\t\t<figcaption class=\"widget-image-caption wp-caption-text\">Se\u00f1ora Carmen de los Rios, D\u00e9l\u00e9gu\u00e9e de l'Apostolat Social<\/figcaption>\n\t\t\t\t\t\t\t\t\t\t<\/figure>\n\t\t\t\t\t\t\t\t\t<\/div>\n\t\t\t\t<\/div>\n\t\t\t\t\t<\/div>\n\t\t<\/div>\n\t\t\t\t\t\t\t<\/div>\n\t\t<\/section>\n\t\t\t\t<section class=\"elementor-section elementor-top-section elementor-element elementor-element-2915bca elementor-section-boxed elementor-section-height-default elementor-section-height-default\" data-id=\"2915bca\" data-element_type=\"section\">\n\t\t\t\t\t\t<div class=\"elementor-container elementor-column-gap-default\">\n\t\t\t\t\t<div class=\"elementor-column elementor-col-50 elementor-top-column elementor-element elementor-element-c9707a7\" data-id=\"c9707a7\" data-element_type=\"column\">\n\t\t\t<div class=\"elementor-widget-wrap elementor-element-populated\">\n\t\t\t\t\t\t\t\t<div class=\"elementor-element elementor-element-9eccc2c elementor-widget elementor-widget-image\" data-id=\"9eccc2c\" data-element_type=\"widget\" data-widget_type=\"image.default\">\n\t\t\t\t<div class=\"elementor-widget-container\">\n\t\t\t\t\t\t\t\t\t\t\t\t<figure class=\"wp-caption\">\n\t\t\t\t\t\t\t\t\t\t<img decoding=\"async\" loading=\"lazy\" width=\"640\" height=\"393\" src=\"https:\/\/ednc.secteur-palaiseau.fr\/wp-content\/uploads\/2023\/03\/P.LUIZ-Fernando-Klein-1024x628.jpg\" class=\"attachment-large size-large wp-image-4680\" alt=\"\" srcset=\"https:\/\/ednc.secteur-palaiseau.fr\/wp-content\/uploads\/2023\/03\/P.LUIZ-Fernando-Klein-1024x628.jpg 1024w, https:\/\/ednc.secteur-palaiseau.fr\/wp-content\/uploads\/2023\/03\/P.LUIZ-Fernando-Klein-300x184.jpg 300w, https:\/\/ednc.secteur-palaiseau.fr\/wp-content\/uploads\/2023\/03\/P.LUIZ-Fernando-Klein-768x471.jpg 768w, https:\/\/ednc.secteur-palaiseau.fr\/wp-content\/uploads\/2023\/03\/P.LUIZ-Fernando-Klein.jpg 1408w\" sizes=\"(max-width: 640px) 100vw, 640px\" \/>\t\t\t\t\t\t\t\t\t\t\t<figcaption class=\"widget-image-caption wp-caption-text\">P\u00e8re Luiz Fernando, S.J.   Secr\u00e9taire  et D\u00e9l\u00e9gu\u00e9 \u00e0 l'Education Foi et Joie<\/figcaption>\n\t\t\t\t\t\t\t\t\t\t<\/figure>\n\t\t\t\t\t\t\t\t\t<\/div>\n\t\t\t\t<\/div>\n\t\t\t\t\t<\/div>\n\t\t<\/div>\n\t\t\t\t<div class=\"elementor-column elementor-col-50 elementor-top-column elementor-element elementor-element-306611a\" data-id=\"306611a\" data-element_type=\"column\">\n\t\t\t<div class=\"elementor-widget-wrap elementor-element-populated\">\n\t\t\t\t\t\t\t\t<div class=\"elementor-element elementor-element-ba9ce9f elementor-widget elementor-widget-text-editor\" data-id=\"ba9ce9f\" data-element_type=\"widget\" data-widget_type=\"text-editor.default\">\n\t\t\t\t<div class=\"elementor-widget-container\">\n\t\t\t\t\t\t\t<p>Au coll\u00e8ge, et \u00e0 l&rsquo;universit\u00e9, les J\u00e9suites ne s&rsquo;installent pas. Ils vont en p\u00e8lerins \u00e0 travers le monde avec trois projets\u00a0:<\/p><ul><li>promouvoir le droit universel \u00e0 l&rsquo;\u00e9ducation de qualit\u00e9 dans le cadre du \u00ab\u00a0Pacte Educatif Global\u00a0\u00bb ;<\/li><li>actualiser le Projet Educatif Commun de toutes nos actions apostoliques ;<\/li><li>Promouvoir l&rsquo;innovation p\u00e9dagogique dans la perspective ignatienne.<\/li><\/ul>\t\t\t\t\t\t<\/div>\n\t\t\t\t<\/div>\n\t\t\t\t\t<\/div>\n\t\t<\/div>\n\t\t\t\t\t\t\t<\/div>\n\t\t<\/section>\n\t\t\t\t<section class=\"elementor-section elementor-top-section elementor-element elementor-element-1a45143 elementor-section-boxed elementor-section-height-default elementor-section-height-default\" data-id=\"1a45143\" data-element_type=\"section\">\n\t\t\t\t\t\t<div class=\"elementor-container elementor-column-gap-default\">\n\t\t\t\t\t<div class=\"elementor-column elementor-col-50 elementor-top-column elementor-element elementor-element-4835419\" data-id=\"4835419\" data-element_type=\"column\">\n\t\t\t<div class=\"elementor-widget-wrap elementor-element-populated\">\n\t\t\t\t\t\t\t\t<div class=\"elementor-element elementor-element-ad27d85 elementor-widget elementor-widget-text-editor\" data-id=\"ad27d85\" data-element_type=\"widget\" data-widget_type=\"text-editor.default\">\n\t\t\t\t<div class=\"elementor-widget-container\">\n\t\t\t\t\t\t\t<p>A l&rsquo;\u00e9quipe Communications de la CPAL, nous nous engageons \u00e0 \u00eatre \u00ab\u00a0les MOTS au service du VERBE\u00a0\u00bb. Ce Verbe, qui est toujours V\u00e9rit\u00e9, ne repr\u00e9sente pas de \u00ab\u00a0fake news\u00a0\u00bb, ne pr\u00e9tend jamais s\u00e9duire, mais simplement s&rsquo;expose pour inviter \u00e0 se mettre au service du Seigneur J\u00e9sus.<\/p><p>Voil\u00e0 notre mission en tant que \u00a0communicants\u00a0 \u00e0 travers les institutions, les r\u00e9seaux, les Provinces, et, bien s\u00fbr, les personnes<\/p>\t\t\t\t\t\t<\/div>\n\t\t\t\t<\/div>\n\t\t\t\t\t<\/div>\n\t\t<\/div>\n\t\t\t\t<div class=\"elementor-column elementor-col-50 elementor-top-column elementor-element elementor-element-76b72a4\" data-id=\"76b72a4\" data-element_type=\"column\">\n\t\t\t<div class=\"elementor-widget-wrap elementor-element-populated\">\n\t\t\t\t\t\t\t\t<div class=\"elementor-element elementor-element-7369f32 elementor-widget elementor-widget-image\" data-id=\"7369f32\" data-element_type=\"widget\" data-widget_type=\"image.default\">\n\t\t\t\t<div class=\"elementor-widget-container\">\n\t\t\t\t\t\t\t\t\t\t\t\t<figure class=\"wp-caption\">\n\t\t\t\t\t\t\t\t\t\t<img decoding=\"async\" loading=\"lazy\" width=\"640\" height=\"396\" src=\"https:\/\/ednc.secteur-palaiseau.fr\/wp-content\/uploads\/2023\/03\/P.-Lucas-Lopez-1024x633.jpg\" class=\"attachment-large size-large wp-image-4687\" alt=\"\" srcset=\"https:\/\/ednc.secteur-palaiseau.fr\/wp-content\/uploads\/2023\/03\/P.-Lucas-Lopez-1024x633.jpg 1024w, https:\/\/ednc.secteur-palaiseau.fr\/wp-content\/uploads\/2023\/03\/P.-Lucas-Lopez-300x185.jpg 300w, https:\/\/ednc.secteur-palaiseau.fr\/wp-content\/uploads\/2023\/03\/P.-Lucas-Lopez-768x474.jpg 768w, https:\/\/ednc.secteur-palaiseau.fr\/wp-content\/uploads\/2023\/03\/P.-Lucas-Lopez.jpg 1389w\" sizes=\"(max-width: 640px) 100vw, 640px\" \/>\t\t\t\t\t\t\t\t\t\t\t<figcaption class=\"widget-image-caption wp-caption-text\">P\u00e8re Lucas Lopez, S.J.   Assesseur des Communications de la CPAL<\/figcaption>\n\t\t\t\t\t\t\t\t\t\t<\/figure>\n\t\t\t\t\t\t\t\t\t<\/div>\n\t\t\t\t<\/div>\n\t\t\t\t\t<\/div>\n\t\t<\/div>\n\t\t\t\t\t\t\t<\/div>\n\t\t<\/section>\n\t\t\t\t<section class=\"elementor-section elementor-top-section elementor-element elementor-element-06e376d elementor-section-boxed elementor-section-height-default elementor-section-height-default\" data-id=\"06e376d\" data-element_type=\"section\">\n\t\t\t\t\t\t<div class=\"elementor-container elementor-column-gap-default\">\n\t\t\t\t\t<div class=\"elementor-column elementor-col-50 elementor-top-column elementor-element elementor-element-669be42\" data-id=\"669be42\" data-element_type=\"column\">\n\t\t\t<div class=\"elementor-widget-wrap elementor-element-populated\">\n\t\t\t\t\t\t\t\t<div class=\"elementor-element elementor-element-3a2bc73 elementor-widget elementor-widget-image\" data-id=\"3a2bc73\" data-element_type=\"widget\" data-widget_type=\"image.default\">\n\t\t\t\t<div class=\"elementor-widget-container\">\n\t\t\t\t\t\t\t\t\t\t\t\t<figure class=\"wp-caption\">\n\t\t\t\t\t\t\t\t\t\t<img decoding=\"async\" loading=\"lazy\" width=\"640\" height=\"421\" src=\"https:\/\/ednc.secteur-palaiseau.fr\/wp-content\/uploads\/2023\/03\/P.Luiz-Valdez-1024x673.jpg\" class=\"attachment-large size-large wp-image-4700\" alt=\"Padre Luiz Valdez, d\u00e9l\u00e9gu\u00e9 \u00e0 la formation et \u00e0 la spiritualit\u00e9\" srcset=\"https:\/\/ednc.secteur-palaiseau.fr\/wp-content\/uploads\/2023\/03\/P.Luiz-Valdez-1024x673.jpg 1024w, https:\/\/ednc.secteur-palaiseau.fr\/wp-content\/uploads\/2023\/03\/P.Luiz-Valdez-300x197.jpg 300w, https:\/\/ednc.secteur-palaiseau.fr\/wp-content\/uploads\/2023\/03\/P.Luiz-Valdez-768x505.jpg 768w, https:\/\/ednc.secteur-palaiseau.fr\/wp-content\/uploads\/2023\/03\/P.Luiz-Valdez.jpg 1324w\" sizes=\"(max-width: 640px) 100vw, 640px\" \/>\t\t\t\t\t\t\t\t\t\t\t<figcaption class=\"widget-image-caption wp-caption-text\">P\u00e8re Luiz Valdez, S.J.   D\u00e9l\u00e9gu\u00e9 \u00e0 la formation et \u00e0 la spiritualit\u00e9<\/figcaption>\n\t\t\t\t\t\t\t\t\t\t<\/figure>\n\t\t\t\t\t\t\t\t\t<\/div>\n\t\t\t\t<\/div>\n\t\t\t\t\t<\/div>\n\t\t<\/div>\n\t\t\t\t<div class=\"elementor-column elementor-col-50 elementor-top-column elementor-element elementor-element-249b468\" data-id=\"249b468\" data-element_type=\"column\">\n\t\t\t<div class=\"elementor-widget-wrap elementor-element-populated\">\n\t\t\t\t\t\t\t\t<div class=\"elementor-element elementor-element-db5ae73 elementor-widget elementor-widget-text-editor\" data-id=\"db5ae73\" data-element_type=\"widget\" data-widget_type=\"text-editor.default\">\n\t\t\t\t<div class=\"elementor-widget-container\">\n\t\t\t\t\t\t\t<p>Confront\u00e9s aux grands d\u00e9fis sociaux (pauvret\u00e9, migrations, in\u00e9galit\u00e9s etc&#8230;), nous avons grand besoin de plus de vocations..<\/p><p>C&rsquo;est pourquoi le projet apostolique commun,, le \u00ab PAC 2 \u00bb , a \u00e9t\u00e9 \u00e9labor\u00e9. C&rsquo;est lui qui nous invite tous, et sp\u00e9cialement les J\u00e9suites en formation, \u00e0 nous pr\u00e9parer de tout c\u0153ur \u00e0 coop\u00e9rer en \u00e9quipe et en communaut\u00e9. Nous, les J\u00e9suites, nous apprenons \u00e0 d\u00e9l\u00e9guer et \u00e0 travailler en groupe.<\/p><p>D\u00e9j\u00e0, nous avons ainsi d\u00e9couvert une grande richesse.<br \/>Il faut prier et t\u00e9moigner de la joie que nous procure notre service et la mani\u00e8re dont nous prenons soin les uns des autres.<\/p>\t\t\t\t\t\t<\/div>\n\t\t\t\t<\/div>\n\t\t\t\t\t<\/div>\n\t\t<\/div>\n\t\t\t\t\t\t\t<\/div>\n\t\t<\/section>\n\t\t\t\t<section class=\"elementor-section elementor-top-section elementor-element elementor-element-8c358f3 elementor-section-boxed elementor-section-height-default elementor-section-height-default\" data-id=\"8c358f3\" data-element_type=\"section\">\n\t\t\t\t\t\t<div class=\"elementor-container elementor-column-gap-default\">\n\t\t\t\t\t<div class=\"elementor-column elementor-col-50 elementor-top-column elementor-element elementor-element-5b9e5e0\" data-id=\"5b9e5e0\" data-element_type=\"column\">\n\t\t\t<div class=\"elementor-widget-wrap elementor-element-populated\">\n\t\t\t\t\t\t\t\t<div class=\"elementor-element elementor-element-bd0cf40 elementor-widget elementor-widget-text-editor\" data-id=\"bd0cf40\" data-element_type=\"widget\" data-widget_type=\"text-editor.default\">\n\t\t\t\t<div class=\"elementor-widget-container\">\n\t\t\t\t\t\t\t<p>Roberto Jaramillo, pour conclure\u00a0:<\/p><p>Tout ceci, nous le faisons dans le contexte de la c\u00e9l\u00e9bration de l&rsquo;ann\u00e9e ignatienne, 400 ans apr\u00e8s la canonisation de Saint Ignace, et 500 ans apr\u00e8s la blessure qui a radicalement chang\u00e9 sa vie.<\/p><p>C&rsquo;est un plaisir de lancer ce nouveau projet apostolique dans ce contexte qui nous invite \u00e0 regarder et \u00e0 \u00ab\u00a0faire toutes choses nouvelles en Christ\u00a0\u00bb.<\/p>\t\t\t\t\t\t<\/div>\n\t\t\t\t<\/div>\n\t\t\t\t\t<\/div>\n\t\t<\/div>\n\t\t\t\t<div class=\"elementor-column elementor-col-50 elementor-top-column elementor-element elementor-element-6f5a917\" data-id=\"6f5a917\" data-element_type=\"column\">\n\t\t\t<div class=\"elementor-widget-wrap elementor-element-populated\">\n\t\t\t\t\t\t\t\t<div class=\"elementor-element elementor-element-6000b4a elementor-widget elementor-widget-image\" data-id=\"6000b4a\" data-element_type=\"widget\" data-widget_type=\"image.default\">\n\t\t\t\t<div class=\"elementor-widget-container\">\n\t\t\t\t\t\t\t\t\t\t\t\t\t\t\t<img decoding=\"async\" loading=\"lazy\" width=\"640\" height=\"413\" src=\"https:\/\/ednc.secteur-palaiseau.fr\/wp-content\/uploads\/2023\/03\/Padre-Roberto-Jamarillo-1024x661.jpg\" class=\"attachment-large size-large wp-image-4704\" alt=\"\" srcset=\"https:\/\/ednc.secteur-palaiseau.fr\/wp-content\/uploads\/2023\/03\/Padre-Roberto-Jamarillo-1024x661.jpg 1024w, https:\/\/ednc.secteur-palaiseau.fr\/wp-content\/uploads\/2023\/03\/Padre-Roberto-Jamarillo-300x194.jpg 300w, https:\/\/ednc.secteur-palaiseau.fr\/wp-content\/uploads\/2023\/03\/Padre-Roberto-Jamarillo-768x496.jpg 768w, https:\/\/ednc.secteur-palaiseau.fr\/wp-content\/uploads\/2023\/03\/Padre-Roberto-Jamarillo.jpg 1210w\" sizes=\"(max-width: 640px) 100vw, 640px\" \/>\t\t\t\t\t\t\t\t\t\t\t\t\t\t\t<\/div>\n\t\t\t\t<\/div>\n\t\t\t\t\t<\/div>\n\t\t<\/div>\n\t\t\t\t\t\t\t<\/div>\n\t\t<\/section>\n\t\t\t\t<section class=\"elementor-section elementor-top-section elementor-element elementor-element-ccff9e1 elementor-section-boxed elementor-section-height-default elementor-section-height-default\" data-id=\"ccff9e1\" data-element_type=\"section\">\n\t\t\t\t\t\t<div class=\"elementor-container elementor-column-gap-default\">\n\t\t\t\t\t<div class=\"elementor-column elementor-col-100 elementor-top-column elementor-element elementor-element-82eab9c\" data-id=\"82eab9c\" data-element_type=\"column\">\n\t\t\t<div class=\"elementor-widget-wrap elementor-element-populated\">\n\t\t\t\t\t\t\t\t<div class=\"elementor-element elementor-element-529ace3 elementor-widget elementor-widget-text-editor\" data-id=\"529ace3\" data-element_type=\"widget\" data-widget_type=\"text-editor.default\">\n\t\t\t\t<div class=\"elementor-widget-container\">\n\t\t\t\t\t\t\t<p>Vous pouvez consulter la vid\u00e9o qui est en portugais ci-dessous, ainsi que la traduction int\u00e9grale dans le pdf associ\u00e9<\/p>\t\t\t\t\t\t<\/div>\n\t\t\t\t<\/div>\n\t\t\t\t\t<\/div>\n\t\t<\/div>\n\t\t\t\t\t\t\t<\/div>\n\t\t<\/section>\n\t\t\t\t<section class=\"elementor-section elementor-top-section elementor-element elementor-element-e52c466 elementor-section-boxed elementor-section-height-default elementor-section-height-default\" data-id=\"e52c466\" data-element_type=\"section\">\n\t\t\t\t\t\t<div class=\"elementor-container elementor-column-gap-default\">\n\t\t\t\t\t<div class=\"elementor-column elementor-col-50 elementor-top-column elementor-element elementor-element-8502e06\" data-id=\"8502e06\" data-element_type=\"column\">\n\t\t\t<div class=\"elementor-widget-wrap elementor-element-populated\">\n\t\t\t\t\t\t\t\t<div class=\"elementor-element elementor-element-ec7f403 elementor-widget elementor-widget-video\" data-id=\"ec7f403\" data-element_type=\"widget\" data-settings=\"{&quot;video_type&quot;:&quot;hosted&quot;,&quot;controls&quot;:&quot;yes&quot;}\" data-widget_type=\"video.default\">\n\t\t\t\t<div class=\"elementor-widget-container\">\n\t\t\t\t\t<div class=\"e-hosted-video elementor-wrapper elementor-open-inline\">\n\t\t\t\t\t<video class=\"elementor-video\" src=\"https:\/\/ednc.secteur-palaiseau.fr\/wp-content\/uploads\/2023\/03\/\ud83c\udfac-_Un-Cuerpo-para-la-mision-un-compromiso-con-America-Latina-y-el-Caribe_1080p.mp4\" controls=\"\" preload=\"metadata\" controlsList=\"nodownload\"><\/video>\n\t\t\t\t<\/div>\n\t\t\t\t<\/div>\n\t\t\t\t<\/div>\n\t\t\t\t\t<\/div>\n\t\t<\/div>\n\t\t\t\t<div class=\"elementor-column elementor-col-50 elementor-top-column elementor-element elementor-element-71276e2\" data-id=\"71276e2\" data-element_type=\"column\">\n\t\t\t<div class=\"elementor-widget-wrap elementor-element-populated\">\n\t\t\t\t\t\t\t\t<div class=\"elementor-element elementor-element-04ef4e2 elementor-widget elementor-widget-text-editor\" data-id=\"04ef4e2\" data-element_type=\"widget\" data-widget_type=\"text-editor.default\">\n\t\t\t\t<div class=\"elementor-widget-container\">\n\t\t\t\t\t\t\t<p><a href=\"https:\/\/ednc.secteur-palaiseau.fr\/wp-content\/uploads\/2023\/03\/Texte-integral-traduit.pdf\">Texte int\u00e9gral traduit<\/a><\/p>\t\t\t\t\t\t<\/div>\n\t\t\t\t<\/div>\n\t\t\t\t\t<\/div>\n\t\t<\/div>\n\t\t\t\t\t\t\t<\/div>\n\t\t<\/section>\n\t\t\t\t<section class=\"elementor-section elementor-top-section elementor-element elementor-element-958aa38 elementor-section-boxed elementor-section-height-default elementor-section-height-default\" data-id=\"958aa38\" data-element_type=\"section\">\n\t\t\t\t\t\t<div class=\"elementor-container elementor-column-gap-default\">\n\t\t\t\t\t<div class=\"elementor-column elementor-col-25 elementor-top-column elementor-element elementor-element-df82358\" data-id=\"df82358\" data-element_type=\"column\">\n\t\t\t<div class=\"elementor-widget-wrap\">\n\t\t\t\t\t\t\t\t\t<\/div>\n\t\t<\/div>\n\t\t\t\t<div class=\"elementor-column elementor-col-25 elementor-top-column elementor-element elementor-element-a11c1bd\" data-id=\"a11c1bd\" data-element_type=\"column\">\n\t\t\t<div class=\"elementor-widget-wrap\">\n\t\t\t\t\t\t\t\t\t<\/div>\n\t\t<\/div>\n\t\t\t\t<div class=\"elementor-column elementor-col-25 elementor-top-column elementor-element elementor-element-b1504f9\" data-id=\"b1504f9\" data-element_type=\"column\">\n\t\t\t<div class=\"elementor-widget-wrap\">\n\t\t\t\t\t\t\t\t\t<\/div>\n\t\t<\/div>\n\t\t\t\t<div class=\"elementor-column elementor-col-25 elementor-top-column elementor-element elementor-element-9625f30\" data-id=\"9625f30\" data-element_type=\"column\">\n\t\t\t<div class=\"elementor-widget-wrap elementor-element-populated\">\n\t\t\t\t\t\t\t\t<div class=\"elementor-element elementor-element-e331a38 elementor-widget elementor-widget-image\" data-id=\"e331a38\" data-element_type=\"widget\" data-widget_type=\"image.default\">\n\t\t\t\t<div class=\"elementor-widget-container\">\n\t\t\t\t\t\t\t\t\t\t\t\t\t\t\t<img decoding=\"async\" loading=\"lazy\" width=\"74\" height=\"15\" src=\"https:\/\/ednc.secteur-palaiseau.fr\/wp-content\/uploads\/2023\/02\/MichelSt.jpg\" class=\"attachment-large size-large wp-image-5920\" alt=\"\" \/>\t\t\t\t\t\t\t\t\t\t\t\t\t\t\t<\/div>\n\t\t\t\t<\/div>\n\t\t\t\t\t<\/div>\n\t\t<\/div>\n\t\t\t\t\t\t\t<\/div>\n\t\t<\/section>\n\t\t\t\t\t\t\t<\/div>\n\t\t","protected":false},"excerpt":{"rendered":"<p>Genevi\u00e8ve Piccino, Denis Felicite Zulma, Patrice Gadenne<\/p>\n<p>De 2000 \u00e0 2003, le Padre Roberto Jaramillo venait r\u00e9guli\u00e8rement pr\u00e9sider nos assembl\u00e9es dominicales \u00e0 Saint Michel du Pileu. Beaucoup s&rsquo;en souviennent\u2026 <\/p>\n","protected":false},"author":6,"featured_media":4651,"comment_status":"closed","ping_status":"closed","sticky":false,"template":"","format":"standard","meta":{"footnotes":""},"categories":[4],"tags":[],"_links":{"self":[{"href":"https:\/\/ednc.secteur-palaiseau.fr\/index.php?rest_route=\/wp\/v2\/posts\/4596"}],"collection":[{"href":"https:\/\/ednc.secteur-palaiseau.fr\/index.php?rest_route=\/wp\/v2\/posts"}],"about":[{"href":"https:\/\/ednc.secteur-palaiseau.fr\/index.php?rest_route=\/wp\/v2\/types\/post"}],"author":[{"embeddable":true,"href":"https:\/\/ednc.secteur-palaiseau.fr\/index.php?rest_route=\/wp\/v2\/users\/6"}],"replies":[{"embeddable":true,"href":"https:\/\/ednc.secteur-palaiseau.fr\/index.php?rest_route=%2Fwp%2Fv2%2Fcomments&post=4596"}],"version-history":[{"count":109,"href":"https:\/\/ednc.secteur-palaiseau.fr\/index.php?rest_route=\/wp\/v2\/posts\/4596\/revisions"}],"predecessor-version":[{"id":6023,"href":"https:\/\/ednc.secteur-palaiseau.fr\/index.php?rest_route=\/wp\/v2\/posts\/4596\/revisions\/6023"}],"wp:featuredmedia":[{"embeddable":true,"href":"https:\/\/ednc.secteur-palaiseau.fr\/index.php?rest_route=\/wp\/v2\/media\/4651"}],"wp:attachment":[{"href":"https:\/\/ednc.secteur-palaiseau.fr\/index.php?rest_route=%2Fwp%2Fv2%2Fmedia&parent=4596"}],"wp:term":[{"taxonomy":"category","embeddable":true,"href":"https:\/\/ednc.secteur-palaiseau.fr\/index.php?rest_route=%2Fwp%2Fv2%2Fcategories&post=4596"},{"taxonomy":"post_tag","embeddable":true,"href":"https:\/\/ednc.secteur-palaiseau.fr\/index.php?rest_route=%2Fwp%2Fv2%2Ftags&post=4596"}],"curies":[{"name":"wp","href":"https:\/\/api.w.org\/{rel}","templated":true}]}}