{"id":4309,"date":"2022-11-23T14:00:17","date_gmt":"2022-11-23T13:00:17","guid":{"rendered":"https:\/\/ednc.secteur-palaiseau.fr\/?p=4309"},"modified":"2022-11-24T22:24:24","modified_gmt":"2022-11-24T21:24:24","slug":"fondacio-sengager-pour-quoi-faire","status":"publish","type":"post","link":"https:\/\/ednc.secteur-palaiseau.fr\/?p=4309","title":{"rendered":"Fondacio : S\u2019engager\u00a0? Pour quoi faire\u00a0?"},"content":{"rendered":"\t\t<div data-elementor-type=\"wp-post\" data-elementor-id=\"4309\" class=\"elementor elementor-4309\">\n\t\t\t\t\t\t\t\t\t<section class=\"elementor-section elementor-top-section elementor-element elementor-element-6bc83b18 elementor-section-boxed elementor-section-height-default elementor-section-height-default\" data-id=\"6bc83b18\" data-element_type=\"section\">\n\t\t\t\t\t\t<div class=\"elementor-container elementor-column-gap-default\">\n\t\t\t\t\t<div class=\"elementor-column elementor-col-100 elementor-top-column elementor-element elementor-element-31f3fcda\" data-id=\"31f3fcda\" data-element_type=\"column\">\n\t\t\t<div class=\"elementor-widget-wrap elementor-element-populated\">\n\t\t\t\t\t\t\t\t<div class=\"elementor-element elementor-element-35035c3 elementor-widget elementor-widget-text-editor\" data-id=\"35035c3\" data-element_type=\"widget\" data-widget_type=\"text-editor.default\">\n\t\t\t\t<div class=\"elementor-widget-container\">\n\t\t\t\t\t\t\t<p><em><strong>Fran\u00e7ois et Bernadette De Favistski<\/strong><\/em><\/p><p>Voici une quarantaine d\u2019ann\u00e9es, nous d\u00e9couvrions avec Bernadette la communaut\u00e9 <b>Fondacio<\/b>, nous engageant avec elle sur un chemin dont nous \u00e9tions loin d\u2019imaginer o\u00f9 il nous m\u00e8nerait. Nous \u00e9tions l\u2019un et l\u2019autre port\u00e9s par le d\u00e9sir profond d\u2019une vie plus en proximit\u00e9 avec le Christ, et nous observions chez ceux qui nous accueillaient des comportements qui nous semblaient r\u00e9v\u00e9ler cette proximit\u00e9.<\/p><p>Au fil de notre compagnonnage avec cette communaut\u00e9, nous allions d\u00e9couvrir des fa\u00e7ons d\u2019\u00eatre qui allaient nous permettre d\u2019avancer sur un chemin de vie avec le Christ. La vie communautaire nous a aid\u00e9s \u00e0 enraciner davantage notre existence dans la pri\u00e8re et l\u2019\u00e9coute de la parole de Dieu, \u00e0 d\u00e9couvrir les vertus de la vie fraternelle, \u00e0 nous former humainement et spirituellement, \u00e0 prendre confiance dans l\u2019\u00e9panouissement de nos capacit\u00e9s. Nous avons pu ensuite nous appuyer sur bien des richesses re\u00e7ues dans ce compagnonnage pour les restituer dans les diff\u00e9rents secteurs de notre vie sociale, et tout particuli\u00e8rement dans ces autres engagements que sont la famille et l\u2019Eglise.<\/p><p>Nous venons de franchir une nouvelle \u00e9tape dans notre engagement avec Fondacio. Jusqu\u2019\u00e0 pr\u00e9sent, nous choisissions de nous engager pour quelques ann\u00e9es et, arriv\u00e9s au terme de notre engagement, nous pouvions le renouveler en en choisissant la dur\u00e9e. <b>Nous avons en effet d\u00e9cid\u00e9 maintenant de prononcer notre engagement d\u00e9finitif dans Fondacio, un engagement sans limite et pour la vie restante.<\/b> Notre rencontre avec le Christ est devenue telle que nous avons voulu manifester publiquement notre adh\u00e9sion profonde \u00e0 la communaut\u00e9 chr\u00e9tienne qu\u2019est Fondacio et qui a permis cela.<\/p><p>Pour Bernadette, les mots qui lui viennent pour motiver son engagement sont\u00a0: humilit\u00e9, amour de Dieu, regard bienveillant sur les autres. Et elle garde dans le c\u0153ur cette parole\u00a0: \u00ab\u00a0N\u2019aie pas peur, laisse-toi regarder par le Christ, car il t\u2019aime\u00a0\u00bb. Fran\u00e7ois cite le Psaume 17\u00a0: \u00ab\u00a0Le Seigneur s\u2019est fait mon appui, il m\u2019a d\u00e9gag\u00e9, mis au large, il m\u2019a lib\u00e9r\u00e9, car il m\u2019aime\u00a0\u00bb. Et il rend t\u00e9moignage \u00e0 un amour qui se donne \u00e0 l\u2019\u00eatre humain pour l\u2019ouvrir \u00e0 la vie, \u00e0 la paix, \u00e0 la joie, \u00e0 l\u2019amour fraternel.<\/p><p>Quarante ann\u00e9es, ce fut la dur\u00e9e de notre exode. Voici donc o\u00f9 nous a men\u00e9 le chemin de notre engagement dans Fondacio. Nous en rendons gr\u00e2ce au Christ qui n\u2019a cess\u00e9 de nous conduire.<\/p>\t\t\t\t\t\t<\/div>\n\t\t\t\t<\/div>\n\t\t\t\t\t<\/div>\n\t\t<\/div>\n\t\t\t\t\t\t\t<\/div>\n\t\t<\/section>\n\t\t\t\t<section class=\"elementor-section elementor-top-section elementor-element elementor-element-569e802d elementor-section-boxed elementor-section-height-default elementor-section-height-default\" data-id=\"569e802d\" data-element_type=\"section\">\n\t\t\t\t\t\t<div class=\"elementor-container elementor-column-gap-default\">\n\t\t\t\t\t<div class=\"elementor-column elementor-col-100 elementor-top-column elementor-element elementor-element-436f7b4e\" data-id=\"436f7b4e\" data-element_type=\"column\">\n\t\t\t<div class=\"elementor-widget-wrap elementor-element-populated\">\n\t\t\t\t\t\t\t\t<div class=\"elementor-element elementor-element-97e3697 elementor-widget__width-inherit elementor-widget elementor-widget-text-editor\" data-id=\"97e3697\" data-element_type=\"widget\" data-widget_type=\"text-editor.default\">\n\t\t\t\t<div class=\"elementor-widget-container\">\n\t\t\t\t\t\t\t<p style=\"text-align: left;\"><b>Fondacio <\/b>s\u2019applique \u00e0 construire un monde plus humain et plus juste, en d\u00e9ployant, par une p\u00e9dagogie de l\u2019exp\u00e9rience ouverte \u00e0 toute personne.<\/p><p>Ce qui est appel\u00e9 \u00e0 se transformer, c\u2019est notre mani\u00e8re d\u2019\u00eatre en relation \u00e0 nous-m\u00eames, aux autres, au monde qui nous entoure et \u00e0 l\u2019Origine cach\u00e9e d\u2019o\u00f9 provient le don gratuit de la vie et de la terre.\u00a0<\/p><p>Notre exp\u00e9rience nous montre que toute personne, quand elle est accueillie et accompagn\u00e9e dans un milieu porteur, misant sur l\u2019hospitalit\u00e9, l\u2019encouragement et l\u2019authenticit\u00e9, peut progresser dans le d\u00e9ploiement de ses talents, l\u2019accueil de ses fragilit\u00e9s et de celles des autres, la construction d\u2019\u00e9difices sociaux apais\u00e9s et tourn\u00e9s vers le bien commun. <\/p>\t\t\t\t\t\t<\/div>\n\t\t\t\t<\/div>\n\t\t\t\t\t<\/div>\n\t\t<\/div>\n\t\t\t\t\t\t\t<\/div>\n\t\t<\/section>\n\t\t\t\t<section class=\"elementor-section elementor-top-section elementor-element elementor-element-27c5806 elementor-section-boxed elementor-section-height-default elementor-section-height-default\" data-id=\"27c5806\" data-element_type=\"section\">\n\t\t\t\t\t\t<div class=\"elementor-container elementor-column-gap-default\">\n\t\t\t\t\t<div class=\"elementor-column elementor-col-25 elementor-top-column elementor-element elementor-element-4966812\" data-id=\"4966812\" data-element_type=\"column\">\n\t\t\t<div class=\"elementor-widget-wrap\">\n\t\t\t\t\t\t\t\t\t<\/div>\n\t\t<\/div>\n\t\t\t\t<div class=\"elementor-column elementor-col-25 elementor-top-column elementor-element elementor-element-c1444eb\" data-id=\"c1444eb\" data-element_type=\"column\">\n\t\t\t<div class=\"elementor-widget-wrap elementor-element-populated\">\n\t\t\t\t\t\t\t\t<div class=\"elementor-element elementor-element-fe21f3e elementor-widget elementor-widget-button\" data-id=\"fe21f3e\" data-element_type=\"widget\" data-widget_type=\"button.default\">\n\t\t\t\t<div class=\"elementor-widget-container\">\n\t\t\t\t\t<div class=\"elementor-button-wrapper\">\n\t\t\t<a class=\"elementor-button elementor-button-link elementor-size-sm\" href=\"https:\/\/www.secteur-palaiseau.fr\/pour-tous\/fondacio\/\" target=\"_blank\">\n\t\t\t\t\t\t<span class=\"elementor-button-content-wrapper\">\n\t\t\t\t\t\t<span class=\"elementor-button-text\">Fondacio sur le site du secteur<\/span>\n\t\t<\/span>\n\t\t\t\t\t<\/a>\n\t\t<\/div>\n\t\t\t\t<\/div>\n\t\t\t\t<\/div>\n\t\t\t\t\t<\/div>\n\t\t<\/div>\n\t\t\t\t<div class=\"elementor-column elementor-col-25 elementor-top-column elementor-element elementor-element-3750e50\" data-id=\"3750e50\" data-element_type=\"column\">\n\t\t\t<div class=\"elementor-widget-wrap elementor-element-populated\">\n\t\t\t\t\t\t\t\t<div class=\"elementor-element elementor-element-5e2cf68 elementor-widget elementor-widget-image\" data-id=\"5e2cf68\" data-element_type=\"widget\" data-widget_type=\"image.default\">\n\t\t\t\t<div class=\"elementor-widget-container\">\n\t\t\t\t\t\t\t\t\t\t\t\t\t\t\t\t<a href=\"https:\/\/fondacio.fr\/\" target=\"_blank\">\n\t\t\t\t\t\t\t<img decoding=\"async\" loading=\"lazy\" width=\"640\" height=\"239\" src=\"https:\/\/ednc.secteur-palaiseau.fr\/wp-content\/uploads\/2022\/11\/Fondacio-Logo-1024x383.png\" class=\"attachment-large size-large wp-image-4350\" alt=\"\" srcset=\"https:\/\/ednc.secteur-palaiseau.fr\/wp-content\/uploads\/2022\/11\/Fondacio-Logo-1024x383.png 1024w, https:\/\/ednc.secteur-palaiseau.fr\/wp-content\/uploads\/2022\/11\/Fondacio-Logo-300x112.png 300w, https:\/\/ednc.secteur-palaiseau.fr\/wp-content\/uploads\/2022\/11\/Fondacio-Logo-768x287.png 768w, https:\/\/ednc.secteur-palaiseau.fr\/wp-content\/uploads\/2022\/11\/Fondacio-Logo.png 1181w\" sizes=\"(max-width: 640px) 100vw, 640px\" \/>\t\t\t\t\t\t\t\t<\/a>\n\t\t\t\t\t\t\t\t\t\t\t\t\t\t\t<\/div>\n\t\t\t\t<\/div>\n\t\t\t\t\t<\/div>\n\t\t<\/div>\n\t\t\t\t<div class=\"elementor-column elementor-col-25 elementor-top-column elementor-element elementor-element-f0a9e52\" data-id=\"f0a9e52\" data-element_type=\"column\">\n\t\t\t<div class=\"elementor-widget-wrap\">\n\t\t\t\t\t\t\t\t\t<\/div>\n\t\t<\/div>\n\t\t\t\t\t\t\t<\/div>\n\t\t<\/section>\n\t\t\t\t<section class=\"elementor-section elementor-top-section elementor-element elementor-element-79696da elementor-section-boxed elementor-section-height-default elementor-section-height-default\" data-id=\"79696da\" data-element_type=\"section\">\n\t\t\t\t\t\t<div class=\"elementor-container elementor-column-gap-default\">\n\t\t\t\t\t<div class=\"elementor-column elementor-col-100 elementor-top-column elementor-element elementor-element-5987fad\" data-id=\"5987fad\" data-element_type=\"column\">\n\t\t\t<div class=\"elementor-widget-wrap elementor-element-populated\">\n\t\t\t\t\t\t\t\t<div class=\"elementor-element elementor-element-4fbd190 elementor-widget elementor-widget-image\" data-id=\"4fbd190\" data-element_type=\"widget\" data-widget_type=\"image.default\">\n\t\t\t\t<div class=\"elementor-widget-container\">\n\t\t\t\t\t\t\t\t\t\t\t\t<figure class=\"wp-caption\">\n\t\t\t\t\t\t\t\t\t\t<img decoding=\"async\" loading=\"lazy\" width=\"640\" height=\"425\" src=\"https:\/\/ednc.secteur-palaiseau.fr\/wp-content\/uploads\/2022\/11\/Fondacio-celebration-engages-angers-2021-768x510.jpg\" class=\"attachment-medium_large size-medium_large wp-image-4405\" alt=\"\" srcset=\"https:\/\/ednc.secteur-palaiseau.fr\/wp-content\/uploads\/2022\/11\/Fondacio-celebration-engages-angers-2021-768x510.jpg 768w, https:\/\/ednc.secteur-palaiseau.fr\/wp-content\/uploads\/2022\/11\/Fondacio-celebration-engages-angers-2021-300x199.jpg 300w, https:\/\/ednc.secteur-palaiseau.fr\/wp-content\/uploads\/2022\/11\/Fondacio-celebration-engages-angers-2021-1024x680.jpg 1024w, https:\/\/ednc.secteur-palaiseau.fr\/wp-content\/uploads\/2022\/11\/Fondacio-celebration-engages-angers-2021-1536x1020.jpg 1536w, https:\/\/ednc.secteur-palaiseau.fr\/wp-content\/uploads\/2022\/11\/Fondacio-celebration-engages-angers-2021-2048x1360.jpg 2048w\" sizes=\"(max-width: 640px) 100vw, 640px\" \/>\t\t\t\t\t\t\t\t\t\t\t<figcaption class=\"widget-image-caption wp-caption-text\">C\u00e9l\u00e9bration des engag\u00e9s dans la dur\u00e9e \u00e0 Angers en 2021<\/figcaption>\n\t\t\t\t\t\t\t\t\t\t<\/figure>\n\t\t\t\t\t\t\t\t\t<\/div>\n\t\t\t\t<\/div>\n\t\t\t\t\t<\/div>\n\t\t<\/div>\n\t\t\t\t\t\t\t<\/div>\n\t\t<\/section>\n\t\t\t\t\t\t\t<\/div>\n\t\t","protected":false},"excerpt":{"rendered":"<p>Fran\u00e7ois et Bernadette de Favistski<\/p>\n<p>Fran\u00e7ois (diacre de notre secteur) et son \u00e9pouse Bernadette ont d\u00e9cid\u00e9 de prononcer leur engagement d\u00e9finitif dans Fondacio<\/p>\n","protected":false},"author":7,"featured_media":4359,"comment_status":"closed","ping_status":"closed","sticky":false,"template":"","format":"standard","meta":{"footnotes":""},"categories":[4],"tags":[],"_links":{"self":[{"href":"https:\/\/ednc.secteur-palaiseau.fr\/index.php?rest_route=\/wp\/v2\/posts\/4309"}],"collection":[{"href":"https:\/\/ednc.secteur-palaiseau.fr\/index.php?rest_route=\/wp\/v2\/posts"}],"about":[{"href":"https:\/\/ednc.secteur-palaiseau.fr\/index.php?rest_route=\/wp\/v2\/types\/post"}],"author":[{"embeddable":true,"href":"https:\/\/ednc.secteur-palaiseau.fr\/index.php?rest_route=\/wp\/v2\/users\/7"}],"replies":[{"embeddable":true,"href":"https:\/\/ednc.secteur-palaiseau.fr\/index.php?rest_route=%2Fwp%2Fv2%2Fcomments&post=4309"}],"version-history":[{"count":27,"href":"https:\/\/ednc.secteur-palaiseau.fr\/index.php?rest_route=\/wp\/v2\/posts\/4309\/revisions"}],"predecessor-version":[{"id":4420,"href":"https:\/\/ednc.secteur-palaiseau.fr\/index.php?rest_route=\/wp\/v2\/posts\/4309\/revisions\/4420"}],"wp:featuredmedia":[{"embeddable":true,"href":"https:\/\/ednc.secteur-palaiseau.fr\/index.php?rest_route=\/wp\/v2\/media\/4359"}],"wp:attachment":[{"href":"https:\/\/ednc.secteur-palaiseau.fr\/index.php?rest_route=%2Fwp%2Fv2%2Fmedia&parent=4309"}],"wp:term":[{"taxonomy":"category","embeddable":true,"href":"https:\/\/ednc.secteur-palaiseau.fr\/index.php?rest_route=%2Fwp%2Fv2%2Fcategories&post=4309"},{"taxonomy":"post_tag","embeddable":true,"href":"https:\/\/ednc.secteur-palaiseau.fr\/index.php?rest_route=%2Fwp%2Fv2%2Ftags&post=4309"}],"curies":[{"name":"wp","href":"https:\/\/api.w.org\/{rel}","templated":true}]}}