{"id":4101,"date":"2022-11-23T20:30:58","date_gmt":"2022-11-23T19:30:58","guid":{"rendered":"https:\/\/ednc.secteur-palaiseau.fr\/?p=4101"},"modified":"2022-11-24T22:24:24","modified_gmt":"2022-11-24T21:24:24","slug":"scouts-et-guides-de-france-palaiseau-villebon","status":"publish","type":"post","link":"https:\/\/ednc.secteur-palaiseau.fr\/?p=4101","title":{"rendered":"Scouts et Guides de France Palaiseau-Villebon"},"content":{"rendered":"\t\t<div data-elementor-type=\"wp-post\" data-elementor-id=\"4101\" class=\"elementor elementor-4101\">\n\t\t\t\t\t\t\t\t\t<section class=\"elementor-section elementor-top-section elementor-element elementor-element-23848c2 elementor-section-boxed elementor-section-height-default elementor-section-height-default\" data-id=\"23848c2\" data-element_type=\"section\">\n\t\t\t\t\t\t<div class=\"elementor-container elementor-column-gap-default\">\n\t\t\t\t\t<div class=\"elementor-column elementor-col-100 elementor-top-column elementor-element elementor-element-46f9f20\" data-id=\"46f9f20\" data-element_type=\"column\">\n\t\t\t<div class=\"elementor-widget-wrap elementor-element-populated\">\n\t\t\t\t\t\t\t\t<div class=\"elementor-element elementor-element-4353084 elementor-widget elementor-widget-heading\" data-id=\"4353084\" data-element_type=\"widget\" data-widget_type=\"heading.default\">\n\t\t\t\t<div class=\"elementor-widget-container\">\n\t\t\t<h2 class=\"elementor-heading-title elementor-size-default\"><p style=\"margin-bottom:0cm;text-align:justify\"><b><span style=\"font-size:14.0pt;line-height:107%;\nmso-bidi-font-family:Calibri;mso-bidi-theme-font:minor-latin\">Encore un \u00e9t\u00e9 r\u00e9ussi chez les Scouts et Guides de France de Palaiseau-Villebon&nbsp;!!<\/span><\/b><span style=\"font-family: var( --e-global-typography-primary-font-family ), Sans-serif; font-weight: var( --e-global-typography-primary-font-weight ); font-size: 1rem;\"><\/span><\/p><\/h2>\t\t<\/div>\n\t\t\t\t<\/div>\n\t\t\t\t\t<\/div>\n\t\t<\/div>\n\t\t\t\t\t\t\t<\/div>\n\t\t<\/section>\n\t\t\t\t<section class=\"elementor-section elementor-top-section elementor-element elementor-element-52e5142 elementor-section-boxed elementor-section-height-default elementor-section-height-default\" data-id=\"52e5142\" data-element_type=\"section\">\n\t\t\t\t\t\t<div class=\"elementor-container elementor-column-gap-default\">\n\t\t\t\t\t<div class=\"elementor-column elementor-col-100 elementor-top-column elementor-element elementor-element-f9ba788\" data-id=\"f9ba788\" data-element_type=\"column\">\n\t\t\t<div class=\"elementor-widget-wrap elementor-element-populated\">\n\t\t\t\t\t\t\t\t<div class=\"elementor-element elementor-element-5fa137e elementor-widget elementor-widget-text-editor\" data-id=\"5fa137e\" data-element_type=\"widget\" data-widget_type=\"text-editor.default\">\n\t\t\t\t<div class=\"elementor-widget-container\">\n\t\t\t\t\t\t\t<p><em><strong>C\u00e9cile et Sylvain DEHAIS<\/strong><\/em><\/p>\t\t\t\t\t\t<\/div>\n\t\t\t\t<\/div>\n\t\t\t\t\t<\/div>\n\t\t<\/div>\n\t\t\t\t\t\t\t<\/div>\n\t\t<\/section>\n\t\t\t\t<section class=\"elementor-section elementor-top-section elementor-element elementor-element-80291b0 elementor-section-boxed elementor-section-height-default elementor-section-height-default\" data-id=\"80291b0\" data-element_type=\"section\">\n\t\t\t\t\t\t<div class=\"elementor-container elementor-column-gap-default\">\n\t\t\t\t\t<div class=\"elementor-column elementor-col-100 elementor-top-column elementor-element elementor-element-f716406\" data-id=\"f716406\" data-element_type=\"column\">\n\t\t\t<div class=\"elementor-widget-wrap elementor-element-populated\">\n\t\t\t\t\t\t\t\t<div class=\"elementor-element elementor-element-be5bc99 elementor-widget elementor-widget-text-editor\" data-id=\"be5bc99\" data-element_type=\"widget\" data-widget_type=\"text-editor.default\">\n\t\t\t\t<div class=\"elementor-widget-container\">\n\t\t\t\t\t\t\t<p><strong>&gt;<\/strong> D\u00e9but juillet, les 24 <strong>louveteaux-jeannettes<\/strong> (8-10 ans) et leurs chefs\/cheftaines ont pass\u00e9 une semaine pleine de d\u00e9couvertes, de jeux dans l&rsquo;univers de Mario et au plus proche de la nature. Accueillis dans l\u2019ehpad de Villevaud\u00e9, ils ont profit\u00e9 de leur grande propri\u00e9t\u00e9 et d&rsquo;un temps interg\u00e9n\u00e9rationnel. Ravis de leur camp, les louveteaux-jeannettes ont \u00e9galement v\u00e9cu un temps de promesse et de randonn\u00e9e dans la r\u00e9gion.<\/p><p>\u00a0 <em><u>Amandine, cheftaine Louveteaux\/Jeannettes<\/u><\/em><\/p>\t\t\t\t\t\t<\/div>\n\t\t\t\t<\/div>\n\t\t\t\t\t<\/div>\n\t\t<\/div>\n\t\t\t\t\t\t\t<\/div>\n\t\t<\/section>\n\t\t\t\t<section class=\"elementor-section elementor-top-section elementor-element elementor-element-f30f937 elementor-section-boxed elementor-section-height-default elementor-section-height-default\" data-id=\"f30f937\" data-element_type=\"section\">\n\t\t\t\t\t\t<div class=\"elementor-container elementor-column-gap-default\">\n\t\t\t\t\t<div class=\"elementor-column elementor-col-100 elementor-top-column elementor-element elementor-element-fe01056\" data-id=\"fe01056\" data-element_type=\"column\">\n\t\t\t<div class=\"elementor-widget-wrap elementor-element-populated\">\n\t\t\t\t\t\t\t\t<div class=\"elementor-element elementor-element-da239da elementor-widget elementor-widget-text-editor\" data-id=\"da239da\" data-element_type=\"widget\" data-widget_type=\"text-editor.default\">\n\t\t\t\t<div class=\"elementor-widget-container\">\n\t\t\t\t\t\t\t\t\t\t\t\t\t<\/div>\n\t\t\t\t<\/div>\n\t\t\t\t\t<\/div>\n\t\t<\/div>\n\t\t\t\t\t\t\t<\/div>\n\t\t<\/section>\n\t\t\t\t<section class=\"elementor-section elementor-top-section elementor-element elementor-element-d6d058b elementor-section-boxed elementor-section-height-default elementor-section-height-default\" data-id=\"d6d058b\" data-element_type=\"section\">\n\t\t\t\t\t\t<div class=\"elementor-container elementor-column-gap-default\">\n\t\t\t\t\t<div class=\"elementor-column elementor-col-50 elementor-top-column elementor-element elementor-element-6ede96a\" data-id=\"6ede96a\" data-element_type=\"column\">\n\t\t\t<div class=\"elementor-widget-wrap elementor-element-populated\">\n\t\t\t\t\t\t\t\t<div class=\"elementor-element elementor-element-b216d70 elementor-widget elementor-widget-text-editor\" data-id=\"b216d70\" data-element_type=\"widget\" data-widget_type=\"text-editor.default\">\n\t\t\t\t<div class=\"elementor-widget-container\">\n\t\t\t\t\t\t\t<blockquote> La tribu des <strong>scouts et guides<\/strong> du groupe de Palaiseau-Villebon est partie cet \u00e9t\u00e9 camper deux semaines \u00e0 la montagne dans l\u2019Is\u00e8re. Les chefs avaient pr\u00e9par\u00e9 ce super camp avec comme imaginaire \u00ab\u00a0BOB L\u2019\u00e9ponge\u00a0!!!\u00a0\u00bb. Il a fait tr\u00e8s chaud mais cela n\u2019a pas emp\u00each\u00e9 les jeunes tout comme les chefs de faire quelques folies et de profiter au max de ce camp.\u00a0 Nous avons fait de super veill\u00e9es, des jeux, de la cuisine et une explo avec plein d\u2019aventures.\n<\/blockquote>\n<em><u>No\u00e9mie, Guide<\/u>.<\/em>\t\t\t\t\t\t<\/div>\n\t\t\t\t<\/div>\n\t\t\t\t\t<\/div>\n\t\t<\/div>\n\t\t\t\t<div class=\"elementor-column elementor-col-50 elementor-top-column elementor-element elementor-element-5bb17bc\" data-id=\"5bb17bc\" data-element_type=\"column\">\n\t\t\t<div class=\"elementor-widget-wrap elementor-element-populated\">\n\t\t\t\t\t\t\t\t<div class=\"elementor-element elementor-element-2377087 elementor-widget elementor-widget-image\" data-id=\"2377087\" data-element_type=\"widget\" data-widget_type=\"image.default\">\n\t\t\t\t<div class=\"elementor-widget-container\">\n\t\t\t\t\t\t\t\t\t\t\t\t\t\t\t<img decoding=\"async\" loading=\"lazy\" width=\"640\" height=\"480\" src=\"https:\/\/ednc.secteur-palaiseau.fr\/wp-content\/uploads\/2022\/11\/Tentes-SGF.jpg\" class=\"attachment-large size-large wp-image-4110\" alt=\"2 tentes dans un champ\" srcset=\"https:\/\/ednc.secteur-palaiseau.fr\/wp-content\/uploads\/2022\/11\/Tentes-SGF.jpg 690w, https:\/\/ednc.secteur-palaiseau.fr\/wp-content\/uploads\/2022\/11\/Tentes-SGF-300x225.jpg 300w\" sizes=\"(max-width: 640px) 100vw, 640px\" \/>\t\t\t\t\t\t\t\t\t\t\t\t\t\t\t<\/div>\n\t\t\t\t<\/div>\n\t\t\t\t\t<\/div>\n\t\t<\/div>\n\t\t\t\t\t\t\t<\/div>\n\t\t<\/section>\n\t\t\t\t<section class=\"elementor-section elementor-top-section elementor-element elementor-element-3e6fd9a elementor-section-boxed elementor-section-height-default elementor-section-height-default\" data-id=\"3e6fd9a\" data-element_type=\"section\">\n\t\t\t\t\t\t<div class=\"elementor-container elementor-column-gap-default\">\n\t\t\t\t\t<div class=\"elementor-column elementor-col-100 elementor-top-column elementor-element elementor-element-ea744c0\" data-id=\"ea744c0\" data-element_type=\"column\">\n\t\t\t<div class=\"elementor-widget-wrap elementor-element-populated\">\n\t\t\t\t\t\t\t\t<div class=\"elementor-element elementor-element-928efc8 elementor-widget elementor-widget-text-editor\" data-id=\"928efc8\" data-element_type=\"widget\" data-widget_type=\"text-editor.default\">\n\t\t\t\t<div class=\"elementor-widget-container\">\n\t\t\t\t\t\t\t<p><strong>&gt;<\/strong>\u00a0 Cet \u00e9t\u00e9, <strong>les caravelles-pionniers (14-17ans)<\/strong> du groupe des scouts et guides de France de Palaiseau-Villebon sont partis dans les Vosges pendant 10 jours avec pour projet d\u2019aider \u00e0 la r\u00e9novation d\u2019un b\u00e2timent historique. On a donc aid\u00e9 au nettoyage de la maison des fr\u00e8res renards, inventeurs du ballon dirigeable, afin de permettre la cr\u00e9ation d\u2019un mus\u00e9e sur leur histoire. Malgr\u00e9 les fortes chaleurs de la semaine, on a bien profit\u00e9 du stade municipal lors de nos apr\u00e8s-midi, pour faire des jeux, des activit\u00e9s, des th\u00e8ques, des foot\u2026\u00a0<\/p><p>Encore un super camp dont tout le monde en a bien profit\u00e9 !\u00a0<br \/><em style=\"font-family: var( --e-global-typography-text-font-family ), Sans-serif; font-weight: var( --e-global-typography-text-font-weight ); font-size: 1rem;\">Aur\u00e9lie, Kpi.<\/em><\/p>\t\t\t\t\t\t<\/div>\n\t\t\t\t<\/div>\n\t\t\t\t\t<\/div>\n\t\t<\/div>\n\t\t\t\t\t\t\t<\/div>\n\t\t<\/section>\n\t\t\t\t<section class=\"elementor-section elementor-top-section elementor-element elementor-element-f10f18e elementor-section-boxed elementor-section-height-default elementor-section-height-default\" data-id=\"f10f18e\" data-element_type=\"section\">\n\t\t\t\t\t\t<div class=\"elementor-container elementor-column-gap-default\">\n\t\t\t\t\t<div class=\"elementor-column elementor-col-50 elementor-top-column elementor-element elementor-element-d86341b\" data-id=\"d86341b\" data-element_type=\"column\">\n\t\t\t<div class=\"elementor-widget-wrap elementor-element-populated\">\n\t\t\t\t\t\t\t\t<div class=\"elementor-element elementor-element-415d336 elementor-widget elementor-widget-image\" data-id=\"415d336\" data-element_type=\"widget\" data-widget_type=\"image.default\">\n\t\t\t\t<div class=\"elementor-widget-container\">\n\t\t\t\t\t\t\t\t\t\t\t\t\t\t\t<img decoding=\"async\" loading=\"lazy\" width=\"640\" height=\"480\" src=\"https:\/\/ednc.secteur-palaiseau.fr\/wp-content\/uploads\/2022\/11\/Lac-montagne.jpg\" class=\"attachment-large size-large wp-image-4115\" alt=\"\" srcset=\"https:\/\/ednc.secteur-palaiseau.fr\/wp-content\/uploads\/2022\/11\/Lac-montagne.jpg 729w, https:\/\/ednc.secteur-palaiseau.fr\/wp-content\/uploads\/2022\/11\/Lac-montagne-300x225.jpg 300w\" sizes=\"(max-width: 640px) 100vw, 640px\" \/>\t\t\t\t\t\t\t\t\t\t\t\t\t\t\t<\/div>\n\t\t\t\t<\/div>\n\t\t\t\t\t<\/div>\n\t\t<\/div>\n\t\t\t\t<div class=\"elementor-column elementor-col-50 elementor-top-column elementor-element elementor-element-521cecf\" data-id=\"521cecf\" data-element_type=\"column\">\n\t\t\t<div class=\"elementor-widget-wrap elementor-element-populated\">\n\t\t\t\t\t\t\t\t<div class=\"elementor-element elementor-element-e20e41a elementor-widget elementor-widget-text-editor\" data-id=\"e20e41a\" data-element_type=\"widget\" data-widget_type=\"text-editor.default\">\n\t\t\t\t<div class=\"elementor-widget-container\">\n\t\t\t\t\t\t\t<blockquote>Bonjour, nous sommes l&rsquo;\u00e9quipe de <strong>3\u00e8me ann\u00e9e compagnon (branche a\u00een\u00e9e des SGDF)<\/strong> de Palaiseau-Villebon. Cet \u00e9t\u00e9, nous sommes partis tous les quatre \u00e0 la rencontre d&rsquo;un autre mouvement scout, les \u00e9claireurs de la nature. Ces derniers organisaient un \u00e9v\u00e8nement national regroupant tous leurs adh\u00e9rents. Nous avons pu participer en tant que b\u00e9n\u00e9voles, \u00e0 la vie du camp en d\u00e9couvrant une autre mani\u00e8re de vivre le scoutisme et en faisant de multiples rencontres.<\/blockquote>\n<em><u>Les Nou (\u00e9quipes Compagnons Troisi\u00e8me temps)<\/u>.<\/em>\t\t\t\t\t\t<\/div>\n\t\t\t\t<\/div>\n\t\t\t\t\t<\/div>\n\t\t<\/div>\n\t\t\t\t\t\t\t<\/div>\n\t\t<\/section>\n\t\t\t\t\t\t\t<\/div>\n\t\t","protected":false},"excerpt":{"rendered":"<p>C\u00e9cile et Sylvain DEHAIS<br \/>\nUn \u00e9t\u00e9 r\u00e9ussi que nous d\u00e9crivent les cheftaines, guides et membres des diff\u00e9rentes \u00e9quipes des Scouts et Guides de France de Palaiseau-Villebon<\/p>\n","protected":false},"author":6,"featured_media":4128,"comment_status":"closed","ping_status":"closed","sticky":false,"template":"","format":"standard","meta":{"footnotes":""},"categories":[4],"tags":[],"_links":{"self":[{"href":"https:\/\/ednc.secteur-palaiseau.fr\/index.php?rest_route=\/wp\/v2\/posts\/4101"}],"collection":[{"href":"https:\/\/ednc.secteur-palaiseau.fr\/index.php?rest_route=\/wp\/v2\/posts"}],"about":[{"href":"https:\/\/ednc.secteur-palaiseau.fr\/index.php?rest_route=\/wp\/v2\/types\/post"}],"author":[{"embeddable":true,"href":"https:\/\/ednc.secteur-palaiseau.fr\/index.php?rest_route=\/wp\/v2\/users\/6"}],"replies":[{"embeddable":true,"href":"https:\/\/ednc.secteur-palaiseau.fr\/index.php?rest_route=%2Fwp%2Fv2%2Fcomments&post=4101"}],"version-history":[{"count":37,"href":"https:\/\/ednc.secteur-palaiseau.fr\/index.php?rest_route=\/wp\/v2\/posts\/4101\/revisions"}],"predecessor-version":[{"id":4177,"href":"https:\/\/ednc.secteur-palaiseau.fr\/index.php?rest_route=\/wp\/v2\/posts\/4101\/revisions\/4177"}],"wp:featuredmedia":[{"embeddable":true,"href":"https:\/\/ednc.secteur-palaiseau.fr\/index.php?rest_route=\/wp\/v2\/media\/4128"}],"wp:attachment":[{"href":"https:\/\/ednc.secteur-palaiseau.fr\/index.php?rest_route=%2Fwp%2Fv2%2Fmedia&parent=4101"}],"wp:term":[{"taxonomy":"category","embeddable":true,"href":"https:\/\/ednc.secteur-palaiseau.fr\/index.php?rest_route=%2Fwp%2Fv2%2Fcategories&post=4101"},{"taxonomy":"post_tag","embeddable":true,"href":"https:\/\/ednc.secteur-palaiseau.fr\/index.php?rest_route=%2Fwp%2Fv2%2Ftags&post=4101"}],"curies":[{"name":"wp","href":"https:\/\/api.w.org\/{rel}","templated":true}]}}