{"id":3998,"date":"2022-11-23T22:30:51","date_gmt":"2022-11-23T21:30:51","guid":{"rendered":"https:\/\/ednc.secteur-palaiseau.fr\/?p=3998"},"modified":"2022-11-24T22:24:24","modified_gmt":"2022-11-24T21:24:24","slug":"eglise-de-dieu-qui-est-en-essonne-evangelise-en-prenant-soin","status":"publish","type":"post","link":"https:\/\/ednc.secteur-palaiseau.fr\/?p=3998","title":{"rendered":"\u00c9glise de Dieu qui est en Essonne \u00e9vang\u00e9lise en prenant soin ! &#8211; Les Actes du Synode"},"content":{"rendered":"\t\t<div data-elementor-type=\"wp-post\" data-elementor-id=\"3998\" class=\"elementor elementor-3998\">\n\t\t\t\t\t\t\t\t\t<section class=\"elementor-section elementor-top-section elementor-element elementor-element-282f6cc3 elementor-section-boxed elementor-section-height-default elementor-section-height-default\" data-id=\"282f6cc3\" data-element_type=\"section\">\n\t\t\t\t\t\t<div class=\"elementor-container elementor-column-gap-default\">\n\t\t\t\t\t<div class=\"elementor-column elementor-col-100 elementor-top-column elementor-element elementor-element-10051f05\" data-id=\"10051f05\" data-element_type=\"column\">\n\t\t\t<div class=\"elementor-widget-wrap elementor-element-populated\">\n\t\t\t\t\t\t\t\t<div class=\"elementor-element elementor-element-4302a418 elementor-widget elementor-widget-text-editor\" data-id=\"4302a418\" data-element_type=\"widget\" data-widget_type=\"text-editor.default\">\n\t\t\t\t<div class=\"elementor-widget-container\">\n\t\t\t\t\t\t\t<p><em><strong>Anne Dup\u00e9<br><\/strong><\/em><\/p>\n<p>Le 4\u00e8me synode de notre dioc\u00e8se s&rsquo;est cl\u00f4tur\u00e9 le 8 octobre 2022 avec la promulgation des d\u00e9crets par Mgr Michel Pansard \u00e0 la cath\u00e9drale d&rsquo;Evry. Deux ann\u00e9es de r\u00e9flexion, d&rsquo;\u00e9changes, 1 200 propositions, impliquant plus de 2 500 personnes, et 2 assembl\u00e9es synodales, ont permis de d\u00e9lib\u00e9rer et prendre des d\u00e9cisions pour l&rsquo;avenir de notre \u00c9glise en Essonne (<a href=\"https:\/\/ednc.secteur-palaiseau.fr\/?p=3163\">revoir la participation de notre secteur en juin dernier)<\/a>.<br>Les pr\u00eatres, les diacres, les d\u00e9l\u00e9gu\u00e9s, des repr\u00e9sentants de mouvements et services de notre secteur avaient \u00e9t\u00e9 invit\u00e9s pour recevoir les Actes du Synode.<\/p>\n<p>A pr\u00e9sent, commence un chemin pour tous, pour conna\u00eetre, comprendre mettre en \u0153uvre progressivement des actions, des projets d&rsquo;ici la rentr\u00e9e 2023.<br>Pour cette fin de l&rsquo;ann\u00e9e, arr\u00eatons nous sur la premi\u00e8re \u00e9tape, en prenant le temps de d\u00e9couvrir, comprendre et m\u00e9diter les Actes du Synode. Les nouvelles priorit\u00e9s, les nouvelles id\u00e9es pour \u00e9vang\u00e9liser et prendre soin nous concernent tous !<\/p>\n<p>Retrouvez :<\/p>\n<ul>\n<li><strong><a href=\"https:\/\/evry.catholique.fr\/wp-content\/uploads\/2022\/09\/2022-09-22_Livret-Actes-WEB.pdf\">Le Livre des Actes du Synode \u00ab&nbsp;\u00c9vang\u00e9liser en prenant soin&nbsp;\u00bb<\/a><\/strong><\/li>\n<\/ul>\n<ul>\n<li><a href=\"https:\/\/evry.catholique.fr\/wp-content\/uploads\/2022\/09\/4-pages_synode_web.pdf\"><strong>La Let<\/strong><\/a><a href=\"https:\/\/evry.catholique.fr\/wp-content\/uploads\/2022\/09\/4-pages_synode_web-1.pdf\"><strong>tre pastorale, aper\u00e7u et enjeux des d\u00e9crets promulgu\u00e9s<\/strong><\/a><\/li>\n<\/ul>\n<ul>\n<li><a href=\"https:\/\/www.youtube.com\/watch?v=G2bH9LGQNzw\" target=\"_blank\" rel=\"noreferrer noopener\"><strong>La Vid\u00e9o de pr\u00e9sentation des t<\/strong><\/a><a href=\"https:\/\/www.youtube.com\/watch?v=G2bH9LGQNzw\"><strong>h\u00e8mes retenus dans les actes du Synode<\/strong><\/a><\/li>\n<\/ul>\n<p>Pour commencer, un aper\u00e7u extrait de la lettre pastorale des Actes du Synode. Une rencontre de partage, et pri\u00e8re sur ce th\u00e8me est pr\u00e9vue le 14 d\u00e9cembre, nous vous en reparlerons.<\/p>\t\t\t\t\t\t<\/div>\n\t\t\t\t<\/div>\n\t\t\t\t\t<\/div>\n\t\t<\/div>\n\t\t\t\t\t\t\t<\/div>\n\t\t<\/section>\n\t\t\t\t<section class=\"elementor-section elementor-top-section elementor-element elementor-element-2e2344fc elementor-section-boxed elementor-section-height-default elementor-section-height-default\" data-id=\"2e2344fc\" data-element_type=\"section\">\n\t\t\t\t\t\t<div class=\"elementor-container elementor-column-gap-default\">\n\t\t\t\t\t<div class=\"elementor-column elementor-col-100 elementor-top-column elementor-element elementor-element-764b5ea8\" data-id=\"764b5ea8\" data-element_type=\"column\">\n\t\t\t<div class=\"elementor-widget-wrap elementor-element-populated\">\n\t\t\t\t\t\t\t\t<div class=\"elementor-element elementor-element-88ffe60 elementor-widget elementor-widget-image\" data-id=\"88ffe60\" data-element_type=\"widget\" data-widget_type=\"image.default\">\n\t\t\t\t<div class=\"elementor-widget-container\">\n\t\t\t\t\t\t\t\t\t\t\t\t\t\t\t<img decoding=\"async\" loading=\"lazy\" width=\"640\" height=\"125\" src=\"https:\/\/ednc.secteur-palaiseau.fr\/wp-content\/uploads\/2022\/11\/Faison-Eglise-Ensemble-1-1024x200.png\" class=\"attachment-large size-large wp-image-4015\" alt=\"\" srcset=\"https:\/\/ednc.secteur-palaiseau.fr\/wp-content\/uploads\/2022\/11\/Faison-Eglise-Ensemble-1-1024x200.png 1024w, https:\/\/ednc.secteur-palaiseau.fr\/wp-content\/uploads\/2022\/11\/Faison-Eglise-Ensemble-1-300x59.png 300w, https:\/\/ednc.secteur-palaiseau.fr\/wp-content\/uploads\/2022\/11\/Faison-Eglise-Ensemble-1-768x150.png 768w, https:\/\/ednc.secteur-palaiseau.fr\/wp-content\/uploads\/2022\/11\/Faison-Eglise-Ensemble-1.png 1083w\" sizes=\"(max-width: 640px) 100vw, 640px\" \/>\t\t\t\t\t\t\t\t\t\t\t\t\t\t\t<\/div>\n\t\t\t\t<\/div>\n\t\t\t\t\t<\/div>\n\t\t<\/div>\n\t\t\t\t\t\t\t<\/div>\n\t\t<\/section>\n\t\t\t\t<section class=\"elementor-section elementor-top-section elementor-element elementor-element-e463c47 elementor-section-boxed elementor-section-height-default elementor-section-height-default\" data-id=\"e463c47\" data-element_type=\"section\">\n\t\t\t\t\t\t<div class=\"elementor-container elementor-column-gap-default\">\n\t\t\t\t\t<div class=\"elementor-column elementor-col-100 elementor-top-column elementor-element elementor-element-da892f0\" data-id=\"da892f0\" data-element_type=\"column\">\n\t\t\t<div class=\"elementor-widget-wrap elementor-element-populated\">\n\t\t\t\t\t\t\t\t<div class=\"elementor-element elementor-element-3174bda elementor-widget elementor-widget-image\" data-id=\"3174bda\" data-element_type=\"widget\" data-widget_type=\"image.default\">\n\t\t\t\t<div class=\"elementor-widget-container\">\n\t\t\t\t\t\t\t\t\t\t\t\t\t\t\t<img decoding=\"async\" loading=\"lazy\" width=\"640\" height=\"120\" src=\"https:\/\/ednc.secteur-palaiseau.fr\/wp-content\/uploads\/2022\/11\/Un-nouvel-elan-pour-lEglise-en-Essonne-1024x192.png\" class=\"attachment-large size-large wp-image-4019\" alt=\"\" srcset=\"https:\/\/ednc.secteur-palaiseau.fr\/wp-content\/uploads\/2022\/11\/Un-nouvel-elan-pour-lEglise-en-Essonne-1024x192.png 1024w, https:\/\/ednc.secteur-palaiseau.fr\/wp-content\/uploads\/2022\/11\/Un-nouvel-elan-pour-lEglise-en-Essonne-300x56.png 300w, https:\/\/ednc.secteur-palaiseau.fr\/wp-content\/uploads\/2022\/11\/Un-nouvel-elan-pour-lEglise-en-Essonne-768x144.png 768w, https:\/\/ednc.secteur-palaiseau.fr\/wp-content\/uploads\/2022\/11\/Un-nouvel-elan-pour-lEglise-en-Essonne.png 1077w\" sizes=\"(max-width: 640px) 100vw, 640px\" \/>\t\t\t\t\t\t\t\t\t\t\t\t\t\t\t<\/div>\n\t\t\t\t<\/div>\n\t\t\t\t\t<\/div>\n\t\t<\/div>\n\t\t\t\t\t\t\t<\/div>\n\t\t<\/section>\n\t\t\t\t<section class=\"elementor-section elementor-top-section elementor-element elementor-element-966bb7c elementor-section-boxed elementor-section-height-default elementor-section-height-default\" data-id=\"966bb7c\" data-element_type=\"section\">\n\t\t\t\t\t\t<div class=\"elementor-container elementor-column-gap-default\">\n\t\t\t\t\t<div class=\"elementor-column elementor-col-100 elementor-top-column elementor-element elementor-element-fbbff58\" data-id=\"fbbff58\" data-element_type=\"column\">\n\t\t\t<div class=\"elementor-widget-wrap elementor-element-populated\">\n\t\t\t\t\t\t\t\t<div class=\"elementor-element elementor-element-e76e5ea elementor-widget elementor-widget-image\" data-id=\"e76e5ea\" data-element_type=\"widget\" data-widget_type=\"image.default\">\n\t\t\t\t<div class=\"elementor-widget-container\">\n\t\t\t\t\t\t\t\t\t\t\t\t\t\t\t<img decoding=\"async\" loading=\"lazy\" width=\"640\" height=\"230\" src=\"https:\/\/ednc.secteur-palaiseau.fr\/wp-content\/uploads\/2022\/11\/vivons-la-fraternite-1024x368.png\" class=\"attachment-large size-large wp-image-4023\" alt=\"\" srcset=\"https:\/\/ednc.secteur-palaiseau.fr\/wp-content\/uploads\/2022\/11\/vivons-la-fraternite-1024x368.png 1024w, https:\/\/ednc.secteur-palaiseau.fr\/wp-content\/uploads\/2022\/11\/vivons-la-fraternite-300x108.png 300w, https:\/\/ednc.secteur-palaiseau.fr\/wp-content\/uploads\/2022\/11\/vivons-la-fraternite-768x276.png 768w, https:\/\/ednc.secteur-palaiseau.fr\/wp-content\/uploads\/2022\/11\/vivons-la-fraternite.png 1091w\" sizes=\"(max-width: 640px) 100vw, 640px\" \/>\t\t\t\t\t\t\t\t\t\t\t\t\t\t\t<\/div>\n\t\t\t\t<\/div>\n\t\t\t\t\t<\/div>\n\t\t<\/div>\n\t\t\t\t\t\t\t<\/div>\n\t\t<\/section>\n\t\t\t\t<section class=\"elementor-section elementor-top-section elementor-element elementor-element-4f13289 elementor-section-boxed elementor-section-height-default elementor-section-height-default\" data-id=\"4f13289\" data-element_type=\"section\">\n\t\t\t\t\t\t<div class=\"elementor-container elementor-column-gap-default\">\n\t\t\t\t\t<div class=\"elementor-column elementor-col-100 elementor-top-column elementor-element elementor-element-2b050f5\" data-id=\"2b050f5\" data-element_type=\"column\">\n\t\t\t<div class=\"elementor-widget-wrap elementor-element-populated\">\n\t\t\t\t\t\t\t\t<div class=\"elementor-element elementor-element-da6c1a2 elementor-widget elementor-widget-image\" data-id=\"da6c1a2\" data-element_type=\"widget\" data-widget_type=\"image.default\">\n\t\t\t\t<div class=\"elementor-widget-container\">\n\t\t\t\t\t\t\t\t\t\t\t\t\t\t\t<img decoding=\"async\" loading=\"lazy\" width=\"640\" height=\"137\" src=\"https:\/\/ednc.secteur-palaiseau.fr\/wp-content\/uploads\/2022\/11\/Deployons-la-vie-spirituelle-1024x219.png\" class=\"attachment-large size-large wp-image-4030\" alt=\"\" srcset=\"https:\/\/ednc.secteur-palaiseau.fr\/wp-content\/uploads\/2022\/11\/Deployons-la-vie-spirituelle-1024x219.png 1024w, https:\/\/ednc.secteur-palaiseau.fr\/wp-content\/uploads\/2022\/11\/Deployons-la-vie-spirituelle-300x64.png 300w, https:\/\/ednc.secteur-palaiseau.fr\/wp-content\/uploads\/2022\/11\/Deployons-la-vie-spirituelle-768x164.png 768w, https:\/\/ednc.secteur-palaiseau.fr\/wp-content\/uploads\/2022\/11\/Deployons-la-vie-spirituelle.png 1081w\" sizes=\"(max-width: 640px) 100vw, 640px\" \/>\t\t\t\t\t\t\t\t\t\t\t\t\t\t\t<\/div>\n\t\t\t\t<\/div>\n\t\t\t\t\t<\/div>\n\t\t<\/div>\n\t\t\t\t\t\t\t<\/div>\n\t\t<\/section>\n\t\t\t\t<section class=\"elementor-section elementor-top-section elementor-element elementor-element-7562a30 elementor-section-boxed elementor-section-height-default elementor-section-height-default\" data-id=\"7562a30\" data-element_type=\"section\">\n\t\t\t\t\t\t<div class=\"elementor-container elementor-column-gap-default\">\n\t\t\t\t\t<div class=\"elementor-column elementor-col-100 elementor-top-column elementor-element elementor-element-7b09e85\" data-id=\"7b09e85\" data-element_type=\"column\">\n\t\t\t<div class=\"elementor-widget-wrap elementor-element-populated\">\n\t\t\t\t\t\t\t\t<div class=\"elementor-element elementor-element-ff13eda elementor-widget elementor-widget-image\" data-id=\"ff13eda\" data-element_type=\"widget\" data-widget_type=\"image.default\">\n\t\t\t\t<div class=\"elementor-widget-container\">\n\t\t\t\t\t\t\t\t\t\t\t\t\t\t\t<img decoding=\"async\" loading=\"lazy\" width=\"640\" height=\"265\" src=\"https:\/\/ednc.secteur-palaiseau.fr\/wp-content\/uploads\/2022\/11\/Portons-ensemble-la-mission-de-lEglise-1024x424.png\" class=\"attachment-large size-large wp-image-4037\" alt=\"\" srcset=\"https:\/\/ednc.secteur-palaiseau.fr\/wp-content\/uploads\/2022\/11\/Portons-ensemble-la-mission-de-lEglise-1024x424.png 1024w, https:\/\/ednc.secteur-palaiseau.fr\/wp-content\/uploads\/2022\/11\/Portons-ensemble-la-mission-de-lEglise-300x124.png 300w, https:\/\/ednc.secteur-palaiseau.fr\/wp-content\/uploads\/2022\/11\/Portons-ensemble-la-mission-de-lEglise-768x318.png 768w, https:\/\/ednc.secteur-palaiseau.fr\/wp-content\/uploads\/2022\/11\/Portons-ensemble-la-mission-de-lEglise.png 1083w\" sizes=\"(max-width: 640px) 100vw, 640px\" \/>\t\t\t\t\t\t\t\t\t\t\t\t\t\t\t<\/div>\n\t\t\t\t<\/div>\n\t\t\t\t\t<\/div>\n\t\t<\/div>\n\t\t\t\t\t\t\t<\/div>\n\t\t<\/section>\n\t\t\t\t<section class=\"elementor-section elementor-top-section elementor-element elementor-element-f01a9f0 elementor-section-boxed elementor-section-height-default elementor-section-height-default\" data-id=\"f01a9f0\" data-element_type=\"section\">\n\t\t\t\t\t\t<div class=\"elementor-container elementor-column-gap-default\">\n\t\t\t\t\t<div class=\"elementor-column elementor-col-100 elementor-top-column elementor-element elementor-element-0679463\" data-id=\"0679463\" data-element_type=\"column\">\n\t\t\t<div class=\"elementor-widget-wrap elementor-element-populated\">\n\t\t\t\t\t\t\t\t<div class=\"elementor-element elementor-element-3127c7e elementor-widget elementor-widget-text-editor\" data-id=\"3127c7e\" data-element_type=\"widget\" data-widget_type=\"text-editor.default\">\n\t\t\t\t<div class=\"elementor-widget-container\">\n\t\t\t\t\t\t\t<h5 style=\"text-align: center;\"><em>\u00ab\u00a0Chacun re\u00e7oit le don de manifester l&rsquo;Esprit en vue du bien de tous.\u00a0\u00bb <\/em>I Cor. 12,7<\/h5>\t\t\t\t\t\t<\/div>\n\t\t\t\t<\/div>\n\t\t\t\t\t<\/div>\n\t\t<\/div>\n\t\t\t\t\t\t\t<\/div>\n\t\t<\/section>\n\t\t\t\t\t\t\t<\/div>\n\t\t","protected":false},"excerpt":{"rendered":"<p>Anne Dup\u00e9<\/p>\n<p>Le 4\u00e8me synode de notre dioc\u00e8se s&rsquo;est cl\u00f4tur\u00e9 le 8 octobre 2022 avec la promulgation des d\u00e9crets par Mgr Michel Pansard \u00e0 la cath\u00e9drale d&rsquo;Evry. Deux ann\u00e9es de r\u00e9flexion, d&rsquo;\u00e9changes, 1 200 propositions&#8230;<\/p>\n","protected":false},"author":2,"featured_media":4050,"comment_status":"closed","ping_status":"closed","sticky":false,"template":"","format":"standard","meta":{"footnotes":""},"categories":[4],"tags":[],"_links":{"self":[{"href":"https:\/\/ednc.secteur-palaiseau.fr\/index.php?rest_route=\/wp\/v2\/posts\/3998"}],"collection":[{"href":"https:\/\/ednc.secteur-palaiseau.fr\/index.php?rest_route=\/wp\/v2\/posts"}],"about":[{"href":"https:\/\/ednc.secteur-palaiseau.fr\/index.php?rest_route=\/wp\/v2\/types\/post"}],"author":[{"embeddable":true,"href":"https:\/\/ednc.secteur-palaiseau.fr\/index.php?rest_route=\/wp\/v2\/users\/2"}],"replies":[{"embeddable":true,"href":"https:\/\/ednc.secteur-palaiseau.fr\/index.php?rest_route=%2Fwp%2Fv2%2Fcomments&post=3998"}],"version-history":[{"count":96,"href":"https:\/\/ednc.secteur-palaiseau.fr\/index.php?rest_route=\/wp\/v2\/posts\/3998\/revisions"}],"predecessor-version":[{"id":4403,"href":"https:\/\/ednc.secteur-palaiseau.fr\/index.php?rest_route=\/wp\/v2\/posts\/3998\/revisions\/4403"}],"wp:featuredmedia":[{"embeddable":true,"href":"https:\/\/ednc.secteur-palaiseau.fr\/index.php?rest_route=\/wp\/v2\/media\/4050"}],"wp:attachment":[{"href":"https:\/\/ednc.secteur-palaiseau.fr\/index.php?rest_route=%2Fwp%2Fv2%2Fmedia&parent=3998"}],"wp:term":[{"taxonomy":"category","embeddable":true,"href":"https:\/\/ednc.secteur-palaiseau.fr\/index.php?rest_route=%2Fwp%2Fv2%2Fcategories&post=3998"},{"taxonomy":"post_tag","embeddable":true,"href":"https:\/\/ednc.secteur-palaiseau.fr\/index.php?rest_route=%2Fwp%2Fv2%2Ftags&post=3998"}],"curies":[{"name":"wp","href":"https:\/\/api.w.org\/{rel}","templated":true}]}}