{"id":3944,"date":"2022-11-23T17:30:25","date_gmt":"2022-11-23T16:30:25","guid":{"rendered":"https:\/\/ednc.secteur-palaiseau.fr\/?p=3944"},"modified":"2022-11-24T22:24:24","modified_gmt":"2022-11-24T21:24:24","slug":"le-gouter-des-anciens-une-lecon-de-serenite","status":"publish","type":"post","link":"https:\/\/ednc.secteur-palaiseau.fr\/?p=3944","title":{"rendered":"Le go\u00fbter des anciens: une le\u00e7on de s\u00e9r\u00e9nit\u00e9 ?"},"content":{"rendered":"\n<p>Jeudi 20 Octobre 2022, l\u2019\u00e9quipe \u201cArc en Ciel\u2019\u201d de LVV avait pr\u00e9par\u00e9 un apr\u00e8s midi \u00e0 l\u2019intention des anciens paroissiens.&nbsp; 13 anciens, plus 14 aidants (pas toujours beaucoup plus jeunes que les \u00ab&nbsp;anciens&nbsp;\u00bb) plus notre fr\u00e8re Jean-Marie et notre pasteur Jean-Luc, se sont retrouv\u00e9s au Centre Pastoral de Loz\u00e8re gr\u00e2ce aux b\u00e9n\u00e9voles de l\u2019\u00e9quipe Arc en Ciel.<\/p>\n\n\n\n<p>Une belle messe co-anim\u00e9e par Serge et Yvonne, pr\u00e9sid\u00e9e par Jean-Marie avec une forte hom\u00e9lie qui a beaucoup touch\u00e9,&nbsp; puis un go\u00fbter o\u00f9 les sourires \u00e9taient en permanence accroch\u00e9s aux l\u00e8vres des uns et des autres. Beaucoup de parlottes, de souvenirs \u00e9voqu\u00e9s, quelques jambes pas toujours tr\u00e8s s\u00fbres, mais l\u2019\u00e9motion des retrouvailles \u00e9tait bien l\u00e0!<\/p>\n\n\n\n<p>Pour les personnes int\u00e9ress\u00e9es pour participer aux activit\u00e9s de solidarit\u00e9 du groupe Arc en Ciel, vous pouvez contacter Nadine Lamarche&nbsp;<a href=\"mailto:nad.lamarche@aol.com\">nadlamarche@aol.com<\/a>, ou notre diacre Fran\u00e7ois au 06 03 28 66 71 ou&nbsp;<a href=\"mailto:fb.favitski@gmail.com\">fb.favitski@gmail.com<\/a><\/p>\n\n\n\n<figure class=\"wp-block-gallery has-nested-images columns-default is-cropped wp-block-gallery-1 is-layout-flex wp-block-gallery-is-layout-flex\">\n<figure class=\"wp-block-image size-large\"><img decoding=\"async\" loading=\"lazy\" width=\"1024\" height=\"576\" data-id=\"3945\" src=\"https:\/\/ednc.secteur-palaiseau.fr\/wp-content\/uploads\/2022\/11\/gouter-1-1024x576.jpeg\" alt=\"\" class=\"wp-image-3945\" srcset=\"https:\/\/ednc.secteur-palaiseau.fr\/wp-content\/uploads\/2022\/11\/gouter-1-1024x576.jpeg 1024w, https:\/\/ednc.secteur-palaiseau.fr\/wp-content\/uploads\/2022\/11\/gouter-1-300x169.jpeg 300w, https:\/\/ednc.secteur-palaiseau.fr\/wp-content\/uploads\/2022\/11\/gouter-1-768x432.jpeg 768w, https:\/\/ednc.secteur-palaiseau.fr\/wp-content\/uploads\/2022\/11\/gouter-1-1536x864.jpeg 1536w, https:\/\/ednc.secteur-palaiseau.fr\/wp-content\/uploads\/2022\/11\/gouter-1-2048x1152.jpeg 2048w\" sizes=\"(max-width: 1024px) 100vw, 1024px\" \/><\/figure>\n\n\n\n<figure class=\"wp-block-image size-large\"><img decoding=\"async\" loading=\"lazy\" width=\"1024\" height=\"576\" data-id=\"3946\" src=\"https:\/\/ednc.secteur-palaiseau.fr\/wp-content\/uploads\/2022\/11\/gouter-anciens-2-1024x576.jpeg\" alt=\"\" class=\"wp-image-3946\" srcset=\"https:\/\/ednc.secteur-palaiseau.fr\/wp-content\/uploads\/2022\/11\/gouter-anciens-2-1024x576.jpeg 1024w, https:\/\/ednc.secteur-palaiseau.fr\/wp-content\/uploads\/2022\/11\/gouter-anciens-2-300x169.jpeg 300w, https:\/\/ednc.secteur-palaiseau.fr\/wp-content\/uploads\/2022\/11\/gouter-anciens-2-768x432.jpeg 768w, https:\/\/ednc.secteur-palaiseau.fr\/wp-content\/uploads\/2022\/11\/gouter-anciens-2-1536x864.jpeg 1536w, https:\/\/ednc.secteur-palaiseau.fr\/wp-content\/uploads\/2022\/11\/gouter-anciens-2-2048x1152.jpeg 2048w\" sizes=\"(max-width: 1024px) 100vw, 1024px\" \/><\/figure>\n<\/figure>\n","protected":false},"excerpt":{"rendered":"<p>Groupement LVV<\/p>\n<p>Jeudi 20 Octobre 2022, l\u2019\u00e9quipe \u201cArc en Ciel\u2019\u201d de LVV avait pr\u00e9par\u00e9 un apr\u00e8s midi \u00e0 l\u2019intention des anciens paroissiens.<\/p>\n","protected":false},"author":8,"featured_media":4180,"comment_status":"closed","ping_status":"closed","sticky":false,"template":"","format":"standard","meta":{"footnotes":""},"categories":[8,4],"tags":[],"_links":{"self":[{"href":"https:\/\/ednc.secteur-palaiseau.fr\/index.php?rest_route=\/wp\/v2\/posts\/3944"}],"collection":[{"href":"https:\/\/ednc.secteur-palaiseau.fr\/index.php?rest_route=\/wp\/v2\/posts"}],"about":[{"href":"https:\/\/ednc.secteur-palaiseau.fr\/index.php?rest_route=\/wp\/v2\/types\/post"}],"author":[{"embeddable":true,"href":"https:\/\/ednc.secteur-palaiseau.fr\/index.php?rest_route=\/wp\/v2\/users\/8"}],"replies":[{"embeddable":true,"href":"https:\/\/ednc.secteur-palaiseau.fr\/index.php?rest_route=%2Fwp%2Fv2%2Fcomments&post=3944"}],"version-history":[{"count":3,"href":"https:\/\/ednc.secteur-palaiseau.fr\/index.php?rest_route=\/wp\/v2\/posts\/3944\/revisions"}],"predecessor-version":[{"id":4467,"href":"https:\/\/ednc.secteur-palaiseau.fr\/index.php?rest_route=\/wp\/v2\/posts\/3944\/revisions\/4467"}],"wp:featuredmedia":[{"embeddable":true,"href":"https:\/\/ednc.secteur-palaiseau.fr\/index.php?rest_route=\/wp\/v2\/media\/4180"}],"wp:attachment":[{"href":"https:\/\/ednc.secteur-palaiseau.fr\/index.php?rest_route=%2Fwp%2Fv2%2Fmedia&parent=3944"}],"wp:term":[{"taxonomy":"category","embeddable":true,"href":"https:\/\/ednc.secteur-palaiseau.fr\/index.php?rest_route=%2Fwp%2Fv2%2Fcategories&post=3944"},{"taxonomy":"post_tag","embeddable":true,"href":"https:\/\/ednc.secteur-palaiseau.fr\/index.php?rest_route=%2Fwp%2Fv2%2Ftags&post=3944"}],"curies":[{"name":"wp","href":"https:\/\/api.w.org\/{rel}","templated":true}]}}