{"id":3862,"date":"2022-11-23T20:00:07","date_gmt":"2022-11-23T19:00:07","guid":{"rendered":"https:\/\/ednc.secteur-palaiseau.fr\/?p=3862"},"modified":"2022-11-24T22:24:24","modified_gmt":"2022-11-24T21:24:24","slug":"scouts-unitaires-de-france","status":"publish","type":"post","link":"https:\/\/ednc.secteur-palaiseau.fr\/?p=3862","title":{"rendered":"Scouts Unitaires de France Palaiseau"},"content":{"rendered":"\t\t<div data-elementor-type=\"wp-post\" data-elementor-id=\"3862\" class=\"elementor elementor-3862\">\n\t\t\t\t\t\t\t\t\t<section class=\"elementor-section elementor-top-section elementor-element elementor-element-b819c31 elementor-section-boxed elementor-section-height-default elementor-section-height-default\" data-id=\"b819c31\" data-element_type=\"section\">\n\t\t\t\t\t\t<div class=\"elementor-container elementor-column-gap-default\">\n\t\t\t\t\t<div class=\"elementor-column elementor-col-100 elementor-top-column elementor-element elementor-element-a9f07d0\" data-id=\"a9f07d0\" data-element_type=\"column\">\n\t\t\t<div class=\"elementor-widget-wrap elementor-element-populated\">\n\t\t\t\t\t\t\t\t<div class=\"elementor-element elementor-element-e348e3e elementor-widget elementor-widget-text-editor\" data-id=\"e348e3e\" data-element_type=\"widget\" data-widget_type=\"text-editor.default\">\n\t\t\t\t<div class=\"elementor-widget-container\">\n\t\t\t\t\t\t\t<p><strong><span style=\"color: #000000; font-family: 'times new roman', 'new york', times, serif;\">Beno\u00eet et Isabelle JAMIN<\/span><\/strong><\/p>\t\t\t\t\t\t<\/div>\n\t\t\t\t<\/div>\n\t\t\t\t\t<\/div>\n\t\t<\/div>\n\t\t\t\t\t\t\t<\/div>\n\t\t<\/section>\n\t\t\t\t<section class=\"elementor-section elementor-top-section elementor-element elementor-element-5072d8e elementor-section-boxed elementor-section-height-default elementor-section-height-default\" data-id=\"5072d8e\" data-element_type=\"section\">\n\t\t\t\t\t\t<div class=\"elementor-container elementor-column-gap-default\">\n\t\t\t\t\t<div class=\"elementor-column elementor-col-50 elementor-top-column elementor-element elementor-element-4a493fb\" data-id=\"4a493fb\" data-element_type=\"column\">\n\t\t\t<div class=\"elementor-widget-wrap elementor-element-populated\">\n\t\t\t\t\t\t\t\t<div class=\"elementor-element elementor-element-a65f604 elementor-widget elementor-widget-text-editor\" data-id=\"a65f604\" data-element_type=\"widget\" data-widget_type=\"text-editor.default\">\n\t\t\t\t<div class=\"elementor-widget-container\">\n\t\t\t\t\t\t\t<p style=\"margin: 0in; font-family: Arial; font-size: 10.5pt; color: #333333;\">Notre Groupe compte cette ann\u00e9e 93 jeunes r\u00e9partis entre les jeannettes (7-11 ans), les louveteaux (7-11 ans), les guides (12-17ans),&nbsp;les \u00e9claireurs (12-17ans),&nbsp;les guides a\u00een\u00e9es (17-25 ans) et les routiers (17-25 ans) et&nbsp; 20 chefs et cheftaines.<\/p>\n<p style=\"margin: 0in; font-family: Arial; font-size: 10.5pt; color: #333333;\">Nous sommes tr\u00e8s heureux de voir le groupe s&rsquo;agrandir chaque&nbsp;ann\u00e9e un peu plus!<\/p>\n<p style=\"margin: 0in; font-family: Arial; font-size: 10.5pt; color: #333333;\">Nous nous sommes tous retrouv\u00e9s pour un week-end de rentr\u00e9e le 24-25 septembre au ch\u00e2teau&nbsp;de Saint Vrain.&nbsp;<\/p>\n<p style=\"margin: 0in; font-family: Arial; font-size: 10.5pt; color: #333333;\">Au programme de ce week-end, messe en plein air c\u00e9l\u00e9br\u00e9e par le p\u00e8re Jean-Fran\u00e7ois, rassemblement de groupe, jeux, diner tr\u00e8s convivial autour du feu de camp, projection des diaporamas des camps&nbsp;lors de la veill\u00e9e et bien s\u00fbr,&nbsp; nuit sous tente!<\/p>\n<p style=\"margin: 0in; font-family: Arial; font-size: 10.5pt; color: #333333;\">De bons moments partag\u00e9s tous ensemble, l&rsquo;occasion pour les nouveaux de d\u00e9couvrir le scoutisme et pour les anciens de se retrouver et d&rsquo;accueillir les nouveaux.&nbsp;<\/p><p style=\"margin: 0in; font-family: Arial; font-size: 10.5pt; color: #333333;\"><br><\/p><p style=\"margin: 0in;\"><font color=\"#333333\" face=\"Arial\"><span style=\"font-size: 14px;\">https:\/\/www.secteur-palaiseau.fr\/jeunesse\/scoutisme\/scouts-unitaires-de-france\/<\/span><\/font><br><\/p>\t\t\t\t\t\t<\/div>\n\t\t\t\t<\/div>\n\t\t\t\t\t<\/div>\n\t\t<\/div>\n\t\t\t\t<div class=\"elementor-column elementor-col-50 elementor-top-column elementor-element elementor-element-c832ada\" data-id=\"c832ada\" data-element_type=\"column\">\n\t\t\t<div class=\"elementor-widget-wrap elementor-element-populated\">\n\t\t\t\t\t\t\t\t<div class=\"elementor-element elementor-element-5406bdd elementor-widget elementor-widget-image\" data-id=\"5406bdd\" data-element_type=\"widget\" data-widget_type=\"image.default\">\n\t\t\t\t<div class=\"elementor-widget-container\">\n\t\t\t\t\t\t\t\t\t\t\t\t\t\t\t<img decoding=\"async\" loading=\"lazy\" width=\"640\" height=\"424\" src=\"https:\/\/ednc.secteur-palaiseau.fr\/wp-content\/uploads\/2022\/11\/Messe-WE-rentree-24-25-sept-22-1024x678.jpg\" class=\"attachment-large size-large wp-image-3895\" alt=\"Messe de rentr\u00e9e en ext\u00e9rieur avec les scouts unitaires de france\" srcset=\"https:\/\/ednc.secteur-palaiseau.fr\/wp-content\/uploads\/2022\/11\/Messe-WE-rentree-24-25-sept-22-1024x678.jpg 1024w, https:\/\/ednc.secteur-palaiseau.fr\/wp-content\/uploads\/2022\/11\/Messe-WE-rentree-24-25-sept-22-300x199.jpg 300w, https:\/\/ednc.secteur-palaiseau.fr\/wp-content\/uploads\/2022\/11\/Messe-WE-rentree-24-25-sept-22-768x509.jpg 768w, https:\/\/ednc.secteur-palaiseau.fr\/wp-content\/uploads\/2022\/11\/Messe-WE-rentree-24-25-sept-22-1536x1017.jpg 1536w, https:\/\/ednc.secteur-palaiseau.fr\/wp-content\/uploads\/2022\/11\/Messe-WE-rentree-24-25-sept-22-2048x1356.jpg 2048w\" sizes=\"(max-width: 640px) 100vw, 640px\" \/>\t\t\t\t\t\t\t\t\t\t\t\t\t\t\t<\/div>\n\t\t\t\t<\/div>\n\t\t\t\t\t<\/div>\n\t\t<\/div>\n\t\t\t\t\t\t\t<\/div>\n\t\t<\/section>\n\t\t\t\t<section class=\"elementor-section elementor-top-section elementor-element elementor-element-f495bfc elementor-section-boxed elementor-section-height-default elementor-section-height-default\" data-id=\"f495bfc\" data-element_type=\"section\">\n\t\t\t\t\t\t<div class=\"elementor-container elementor-column-gap-default\">\n\t\t\t\t\t<div class=\"elementor-column elementor-col-50 elementor-top-column elementor-element elementor-element-15c4662\" data-id=\"15c4662\" data-element_type=\"column\">\n\t\t\t<div class=\"elementor-widget-wrap elementor-element-populated\">\n\t\t\t\t\t\t\t\t<div class=\"elementor-element elementor-element-55e86ad elementor-widget elementor-widget-image\" data-id=\"55e86ad\" data-element_type=\"widget\" data-widget_type=\"image.default\">\n\t\t\t\t<div class=\"elementor-widget-container\">\n\t\t\t\t\t\t\t\t\t\t\t\t\t\t\t<img decoding=\"async\" loading=\"lazy\" width=\"640\" height=\"360\" src=\"https:\/\/ednc.secteur-palaiseau.fr\/wp-content\/uploads\/2022\/11\/Groupe-WE-rentree-24-25-sept-22-1024x576.jpg\" class=\"attachment-large size-large wp-image-3925\" alt=\"Groupes des Scouts Unitaires de France lors du WE du 24-25 Sept\" srcset=\"https:\/\/ednc.secteur-palaiseau.fr\/wp-content\/uploads\/2022\/11\/Groupe-WE-rentree-24-25-sept-22-1024x576.jpg 1024w, https:\/\/ednc.secteur-palaiseau.fr\/wp-content\/uploads\/2022\/11\/Groupe-WE-rentree-24-25-sept-22-300x169.jpg 300w, https:\/\/ednc.secteur-palaiseau.fr\/wp-content\/uploads\/2022\/11\/Groupe-WE-rentree-24-25-sept-22-768x432.jpg 768w, https:\/\/ednc.secteur-palaiseau.fr\/wp-content\/uploads\/2022\/11\/Groupe-WE-rentree-24-25-sept-22-1536x864.jpg 1536w, https:\/\/ednc.secteur-palaiseau.fr\/wp-content\/uploads\/2022\/11\/Groupe-WE-rentree-24-25-sept-22-2048x1152.jpg 2048w\" sizes=\"(max-width: 640px) 100vw, 640px\" \/>\t\t\t\t\t\t\t\t\t\t\t\t\t\t\t<\/div>\n\t\t\t\t<\/div>\n\t\t\t\t\t<\/div>\n\t\t<\/div>\n\t\t\t\t<div class=\"elementor-column elementor-col-50 elementor-top-column elementor-element elementor-element-aef4f2f\" data-id=\"aef4f2f\" data-element_type=\"column\">\n\t\t\t<div class=\"elementor-widget-wrap elementor-element-populated\">\n\t\t\t\t\t\t\t\t<div class=\"elementor-element elementor-element-ea52f08 elementor-widget elementor-widget-image\" data-id=\"ea52f08\" data-element_type=\"widget\" data-widget_type=\"image.default\">\n\t\t\t\t<div class=\"elementor-widget-container\">\n\t\t\t\t\t\t\t\t\t\t\t\t\t\t\t<img decoding=\"async\" loading=\"lazy\" width=\"640\" height=\"360\" src=\"https:\/\/ednc.secteur-palaiseau.fr\/wp-content\/uploads\/2022\/11\/Diner-WE-rentree-24-25-sept-22-1024x576.jpg\" class=\"attachment-large size-large wp-image-3924\" alt=\"Diner des scouts unitaires de France le WE du 24-25 Sept\" srcset=\"https:\/\/ednc.secteur-palaiseau.fr\/wp-content\/uploads\/2022\/11\/Diner-WE-rentree-24-25-sept-22-1024x576.jpg 1024w, https:\/\/ednc.secteur-palaiseau.fr\/wp-content\/uploads\/2022\/11\/Diner-WE-rentree-24-25-sept-22-300x169.jpg 300w, https:\/\/ednc.secteur-palaiseau.fr\/wp-content\/uploads\/2022\/11\/Diner-WE-rentree-24-25-sept-22-768x432.jpg 768w, https:\/\/ednc.secteur-palaiseau.fr\/wp-content\/uploads\/2022\/11\/Diner-WE-rentree-24-25-sept-22-1536x864.jpg 1536w, https:\/\/ednc.secteur-palaiseau.fr\/wp-content\/uploads\/2022\/11\/Diner-WE-rentree-24-25-sept-22-2048x1152.jpg 2048w\" sizes=\"(max-width: 640px) 100vw, 640px\" \/>\t\t\t\t\t\t\t\t\t\t\t\t\t\t\t<\/div>\n\t\t\t\t<\/div>\n\t\t\t\t\t<\/div>\n\t\t<\/div>\n\t\t\t\t\t\t\t<\/div>\n\t\t<\/section>\n\t\t\t\t<section class=\"elementor-section elementor-top-section elementor-element elementor-element-1729a71 elementor-section-boxed elementor-section-height-default elementor-section-height-default\" data-id=\"1729a71\" data-element_type=\"section\">\n\t\t\t\t\t\t<div class=\"elementor-container elementor-column-gap-default\">\n\t\t\t\t\t<div class=\"elementor-column elementor-col-50 elementor-top-column elementor-element elementor-element-c66fc83\" data-id=\"c66fc83\" data-element_type=\"column\">\n\t\t\t<div class=\"elementor-widget-wrap elementor-element-populated\">\n\t\t\t\t\t\t\t\t<div class=\"elementor-element elementor-element-6a31667 elementor-widget elementor-widget-image\" data-id=\"6a31667\" data-element_type=\"widget\" data-widget_type=\"image.default\">\n\t\t\t\t<div class=\"elementor-widget-container\">\n\t\t\t\t\t\t\t\t\t\t\t\t\t\t\t<img decoding=\"async\" loading=\"lazy\" width=\"640\" height=\"360\" src=\"https:\/\/ednc.secteur-palaiseau.fr\/wp-content\/uploads\/2022\/11\/tentes-WE-rentree-24-25-sept-22-1024x576.jpg\" class=\"attachment-large size-large wp-image-3927\" alt=\"\" srcset=\"https:\/\/ednc.secteur-palaiseau.fr\/wp-content\/uploads\/2022\/11\/tentes-WE-rentree-24-25-sept-22-1024x576.jpg 1024w, https:\/\/ednc.secteur-palaiseau.fr\/wp-content\/uploads\/2022\/11\/tentes-WE-rentree-24-25-sept-22-300x169.jpg 300w, https:\/\/ednc.secteur-palaiseau.fr\/wp-content\/uploads\/2022\/11\/tentes-WE-rentree-24-25-sept-22-768x432.jpg 768w, https:\/\/ednc.secteur-palaiseau.fr\/wp-content\/uploads\/2022\/11\/tentes-WE-rentree-24-25-sept-22-1536x864.jpg 1536w, https:\/\/ednc.secteur-palaiseau.fr\/wp-content\/uploads\/2022\/11\/tentes-WE-rentree-24-25-sept-22.jpg 2016w\" sizes=\"(max-width: 640px) 100vw, 640px\" \/>\t\t\t\t\t\t\t\t\t\t\t\t\t\t\t<\/div>\n\t\t\t\t<\/div>\n\t\t\t\t\t<\/div>\n\t\t<\/div>\n\t\t\t\t<div class=\"elementor-column elementor-col-50 elementor-top-column elementor-element elementor-element-4b6b7f3\" data-id=\"4b6b7f3\" data-element_type=\"column\">\n\t\t\t<div class=\"elementor-widget-wrap elementor-element-populated\">\n\t\t\t\t\t\t\t\t<div class=\"elementor-element elementor-element-b6bc712 elementor-widget elementor-widget-image\" data-id=\"b6bc712\" data-element_type=\"widget\" data-widget_type=\"image.default\">\n\t\t\t\t<div class=\"elementor-widget-container\">\n\t\t\t\t\t\t\t\t\t\t\t\t\t\t\t<img decoding=\"async\" loading=\"lazy\" width=\"640\" height=\"424\" src=\"https:\/\/ednc.secteur-palaiseau.fr\/wp-content\/uploads\/2022\/11\/Rasso-groupe-24-25-sept-2022-1024x678.jpg\" class=\"attachment-large size-large wp-image-3926\" alt=\"scouts sur terrain lors du rassemblement du 25 et 25 Sept\" srcset=\"https:\/\/ednc.secteur-palaiseau.fr\/wp-content\/uploads\/2022\/11\/Rasso-groupe-24-25-sept-2022-1024x678.jpg 1024w, https:\/\/ednc.secteur-palaiseau.fr\/wp-content\/uploads\/2022\/11\/Rasso-groupe-24-25-sept-2022-300x199.jpg 300w, https:\/\/ednc.secteur-palaiseau.fr\/wp-content\/uploads\/2022\/11\/Rasso-groupe-24-25-sept-2022-768x509.jpg 768w, https:\/\/ednc.secteur-palaiseau.fr\/wp-content\/uploads\/2022\/11\/Rasso-groupe-24-25-sept-2022-1536x1017.jpg 1536w, https:\/\/ednc.secteur-palaiseau.fr\/wp-content\/uploads\/2022\/11\/Rasso-groupe-24-25-sept-2022-2048x1356.jpg 2048w\" sizes=\"(max-width: 640px) 100vw, 640px\" \/>\t\t\t\t\t\t\t\t\t\t\t\t\t\t\t<\/div>\n\t\t\t\t<\/div>\n\t\t\t\t\t<\/div>\n\t\t<\/div>\n\t\t\t\t\t\t\t<\/div>\n\t\t<\/section>\n\t\t\t\t<section class=\"elementor-section elementor-top-section elementor-element elementor-element-e82e742 elementor-section-boxed elementor-section-height-default elementor-section-height-default\" data-id=\"e82e742\" data-element_type=\"section\">\n\t\t\t\t\t\t<div class=\"elementor-container elementor-column-gap-default\">\n\t\t\t\t\t<div class=\"elementor-column elementor-col-100 elementor-top-column elementor-element elementor-element-75a78d3\" data-id=\"75a78d3\" data-element_type=\"column\">\n\t\t\t<div class=\"elementor-widget-wrap elementor-element-populated\">\n\t\t\t\t\t\t\t\t<div class=\"elementor-element elementor-element-50801ba elementor-widget elementor-widget-heading\" data-id=\"50801ba\" data-element_type=\"widget\" data-widget_type=\"heading.default\">\n\t\t\t\t<div class=\"elementor-widget-container\">\n\t\t\t<h2 class=\"elementor-heading-title elementor-size-default\">Vente de sapins de No\u00ebl au profit des Scouts Unitaires de France<\/h2>\t\t<\/div>\n\t\t\t\t<\/div>\n\t\t\t\t\t<\/div>\n\t\t<\/div>\n\t\t\t\t\t\t\t<\/div>\n\t\t<\/section>\n\t\t\t\t<section class=\"elementor-section elementor-top-section elementor-element elementor-element-b428171 elementor-section-boxed elementor-section-height-default elementor-section-height-default\" data-id=\"b428171\" data-element_type=\"section\">\n\t\t\t\t\t\t<div class=\"elementor-container elementor-column-gap-default\">\n\t\t\t\t\t<div class=\"elementor-column elementor-col-100 elementor-top-column elementor-element elementor-element-9120fe0\" data-id=\"9120fe0\" data-element_type=\"column\">\n\t\t\t<div class=\"elementor-widget-wrap elementor-element-populated\">\n\t\t\t\t\t\t\t\t<div class=\"elementor-element elementor-element-35492a2 elementor-widget elementor-widget-text-editor\" data-id=\"35492a2\" data-element_type=\"widget\" data-widget_type=\"text-editor.default\">\n\t\t\t\t<div class=\"elementor-widget-container\">\n\t\t\t\t\t\t\t<div dir=\"ltr\">Cette ann\u00e9e,\u00a0<strong>achetez votre sapin de No\u00ebl aupr\u00e8s des Scouts Unitaires de France de Palaiseau !<\/strong><\/div><div dir=\"ltr\">Nous nous fournissons aupr\u00e8s d\u2019un p\u00e9pini\u00e9riste breton qui nous livrera des sapins nordmann et \u00e9pic\u00e9a de premier choix.<\/div><div>Les sapins seront \u00e0 r\u00e9cup\u00e9rer\u00a0<strong>le samedi 10 d\u00e9cembre \u00e0 St Michel du Pileu<\/strong>\u00a0(Palaiseau)<\/div><div><div dir=\"ltr\">Vous trouverez diff\u00e9rentes tailles de sapin et leurs tarifs ci-apr\u00e8s. Nous vous proposons \u00e9galement de commander des boules de No\u00ebl personnalis\u00e9es avec les pr\u00e9noms de votre choix. C\u2019est une excellente id\u00e9e de cadeau pour les grands-parents, amis et familles !<\/div><div dir=\"ltr\">\u00a0<\/div><div dir=\"ltr\">N\u2019h\u00e9sitez pas \u00e0 en parler autour de vous pour que cette op\u00e9ration soit une r\u00e9ussite !<\/div><div dir=\"ltr\">L\u2019argent r\u00e9colt\u00e9 permettra de financer l\u2019achat de mat\u00e9riel et de nouvelles tentes pour les camps !<\/div><div dir=\"ltr\">\u00a0<\/div><div dir=\"ltr\">Merci de revenir vers nous avec les d\u00e9tails de votre commande\u00a0<strong>avant le 3 d\u00e9cembre.<\/strong><\/div><div dir=\"ltr\"><p><strong>Ci-dessous les co\u00fbts par article et un bon de commande \u00e0 transmettre \u00e0<br \/><\/strong><strong><a href=\"mailto:palaiseauchristiandecherge@scouts-unitaires.org\">palaiseauchristiandecherge@scouts-unitaires.org<\/a><\/strong><\/p><p><b>Beno\u00eet et Isabelle Jamin<br \/><\/b><span style=\"font-family: var( --e-global-typography-text-font-family ), Sans-serif; font-weight: var( --e-global-typography-text-font-weight ); font-size: 1rem;\">Chefs de groupe P\u00e8re Christian de Cherg\u00e9 \u2013 Palaiseau<\/span><\/p><\/div><\/div>\t\t\t\t\t\t<\/div>\n\t\t\t\t<\/div>\n\t\t\t\t\t<\/div>\n\t\t<\/div>\n\t\t\t\t\t\t\t<\/div>\n\t\t<\/section>\n\t\t\t\t<section class=\"elementor-section elementor-top-section elementor-element elementor-element-00a249d elementor-section-boxed elementor-section-height-default elementor-section-height-default\" data-id=\"00a249d\" data-element_type=\"section\">\n\t\t\t\t\t\t<div class=\"elementor-container elementor-column-gap-default\">\n\t\t\t\t\t<div class=\"elementor-column elementor-col-50 elementor-top-column elementor-element elementor-element-fabb565\" data-id=\"fabb565\" data-element_type=\"column\">\n\t\t\t<div class=\"elementor-widget-wrap elementor-element-populated\">\n\t\t\t\t\t\t\t\t<div class=\"elementor-element elementor-element-92d9346 elementor-widget elementor-widget-image\" data-id=\"92d9346\" data-element_type=\"widget\" data-widget_type=\"image.default\">\n\t\t\t\t<div class=\"elementor-widget-container\">\n\t\t\t\t\t\t\t\t\t\t\t\t\t\t\t<img decoding=\"async\" loading=\"lazy\" width=\"540\" height=\"750\" src=\"https:\/\/ednc.secteur-palaiseau.fr\/wp-content\/uploads\/2022\/11\/Affiche-sapins-boules.jpg\" class=\"attachment-large size-large wp-image-4087\" alt=\"Affiche pour la vente de sapins et boules de No\u00ebl\" srcset=\"https:\/\/ednc.secteur-palaiseau.fr\/wp-content\/uploads\/2022\/11\/Affiche-sapins-boules.jpg 540w, https:\/\/ednc.secteur-palaiseau.fr\/wp-content\/uploads\/2022\/11\/Affiche-sapins-boules-216x300.jpg 216w\" sizes=\"(max-width: 540px) 100vw, 540px\" \/>\t\t\t\t\t\t\t\t\t\t\t\t\t\t\t<\/div>\n\t\t\t\t<\/div>\n\t\t\t\t\t<\/div>\n\t\t<\/div>\n\t\t\t\t<div class=\"elementor-column elementor-col-50 elementor-top-column elementor-element elementor-element-00768ff\" data-id=\"00768ff\" data-element_type=\"column\">\n\t\t\t<div class=\"elementor-widget-wrap elementor-element-populated\">\n\t\t\t\t\t\t\t\t<div class=\"elementor-element elementor-element-8e0f620 elementor-widget elementor-widget-image\" data-id=\"8e0f620\" data-element_type=\"widget\" data-widget_type=\"image.default\">\n\t\t\t\t<div class=\"elementor-widget-container\">\n\t\t\t\t\t\t\t\t\t\t\t\t\t\t\t<img decoding=\"async\" loading=\"lazy\" width=\"556\" height=\"771\" src=\"https:\/\/ednc.secteur-palaiseau.fr\/wp-content\/uploads\/2022\/11\/Tarif-des-sapins-et-boules.jpg\" class=\"attachment-large size-large wp-image-4091\" alt=\"tarif des sapins et boules de Noel\" srcset=\"https:\/\/ednc.secteur-palaiseau.fr\/wp-content\/uploads\/2022\/11\/Tarif-des-sapins-et-boules.jpg 556w, https:\/\/ednc.secteur-palaiseau.fr\/wp-content\/uploads\/2022\/11\/Tarif-des-sapins-et-boules-216x300.jpg 216w\" sizes=\"(max-width: 556px) 100vw, 556px\" \/>\t\t\t\t\t\t\t\t\t\t\t\t\t\t\t<\/div>\n\t\t\t\t<\/div>\n\t\t\t\t\t<\/div>\n\t\t<\/div>\n\t\t\t\t\t\t\t<\/div>\n\t\t<\/section>\n\t\t\t\t<section class=\"elementor-section elementor-top-section elementor-element elementor-element-df1d110 elementor-section-boxed elementor-section-height-default elementor-section-height-default\" data-id=\"df1d110\" data-element_type=\"section\">\n\t\t\t\t\t\t<div class=\"elementor-container elementor-column-gap-default\">\n\t\t\t\t\t<div class=\"elementor-column elementor-col-100 elementor-top-column elementor-element elementor-element-ce47b5c\" data-id=\"ce47b5c\" data-element_type=\"column\">\n\t\t\t<div class=\"elementor-widget-wrap elementor-element-populated\">\n\t\t\t\t\t\t\t\t<div class=\"elementor-element elementor-element-d2f4021 elementor-widget elementor-widget-text-editor\" data-id=\"d2f4021\" data-element_type=\"widget\" data-widget_type=\"text-editor.default\">\n\t\t\t\t<div class=\"elementor-widget-container\">\n\t\t\t\t\t\t\t<p><a href=\"https:\/\/ednc.secteur-palaiseau.fr\/wp-content\/uploads\/2022\/11\/bon-de-commande-Sapins-boules-Noel.xlsx\">bon de commande Sapins &amp; boules No\u00ebl<\/a> \u00a0\u00e0 t\u00e9l\u00e9charger ici , \u00e0 remplir et envoyer \u00e0\u00a0<a style=\"background-image: initial; background-position: initial; background-size: initial; background-repeat: initial; background-attachment: initial; background-origin: initial; background-clip: initial; font-weight: bold; font-family: Barlow, Helvetica, Arial, Lucida, sans-serif; text-align: justify; font-size: 1rem; margin: 0px; padding: 0px; border: 0px; outline: 0px; text-size-adjust: 100%; vertical-align: baseline; color: #366a6b;\" href=\"mailto:palaiseauchristiandecherge@scouts-unitaires.org\">palaiseauchristiandecherge@scouts-unitaires.org<\/a><\/p>\t\t\t\t\t\t<\/div>\n\t\t\t\t<\/div>\n\t\t\t\t\t<\/div>\n\t\t<\/div>\n\t\t\t\t\t\t\t<\/div>\n\t\t<\/section>\n\t\t\t\t\t\t\t<\/div>\n\t\t","protected":false},"excerpt":{"rendered":"<p>Beno\u00eet et Isabelle JAMIN<br \/>\nWeek-end de rentr\u00e9e du 24-25 Septembre des Scouts Unitaires de France et Vente de sapins et boules de No\u00ebl pour financer les formations des chefs et cherftaines<\/p>\n","protected":false},"author":6,"featured_media":4272,"comment_status":"closed","ping_status":"closed","sticky":false,"template":"","format":"standard","meta":{"footnotes":""},"categories":[4],"tags":[],"_links":{"self":[{"href":"https:\/\/ednc.secteur-palaiseau.fr\/index.php?rest_route=\/wp\/v2\/posts\/3862"}],"collection":[{"href":"https:\/\/ednc.secteur-palaiseau.fr\/index.php?rest_route=\/wp\/v2\/posts"}],"about":[{"href":"https:\/\/ednc.secteur-palaiseau.fr\/index.php?rest_route=\/wp\/v2\/types\/post"}],"author":[{"embeddable":true,"href":"https:\/\/ednc.secteur-palaiseau.fr\/index.php?rest_route=\/wp\/v2\/users\/6"}],"replies":[{"embeddable":true,"href":"https:\/\/ednc.secteur-palaiseau.fr\/index.php?rest_route=%2Fwp%2Fv2%2Fcomments&post=3862"}],"version-history":[{"count":35,"href":"https:\/\/ednc.secteur-palaiseau.fr\/index.php?rest_route=\/wp\/v2\/posts\/3862\/revisions"}],"predecessor-version":[{"id":4273,"href":"https:\/\/ednc.secteur-palaiseau.fr\/index.php?rest_route=\/wp\/v2\/posts\/3862\/revisions\/4273"}],"wp:featuredmedia":[{"embeddable":true,"href":"https:\/\/ednc.secteur-palaiseau.fr\/index.php?rest_route=\/wp\/v2\/media\/4272"}],"wp:attachment":[{"href":"https:\/\/ednc.secteur-palaiseau.fr\/index.php?rest_route=%2Fwp%2Fv2%2Fmedia&parent=3862"}],"wp:term":[{"taxonomy":"category","embeddable":true,"href":"https:\/\/ednc.secteur-palaiseau.fr\/index.php?rest_route=%2Fwp%2Fv2%2Fcategories&post=3862"},{"taxonomy":"post_tag","embeddable":true,"href":"https:\/\/ednc.secteur-palaiseau.fr\/index.php?rest_route=%2Fwp%2Fv2%2Ftags&post=3862"}],"curies":[{"name":"wp","href":"https:\/\/api.w.org\/{rel}","templated":true}]}}