{"id":3860,"date":"2022-11-23T18:30:13","date_gmt":"2022-11-23T17:30:13","guid":{"rendered":"https:\/\/ednc.secteur-palaiseau.fr\/?p=3860"},"modified":"2022-11-24T22:24:24","modified_gmt":"2022-11-24T21:24:24","slug":"la-paroisse-digny-vauhallan-a-vide-ses-greniers","status":"publish","type":"post","link":"https:\/\/ednc.secteur-palaiseau.fr\/?p=3860","title":{"rendered":"La paroisse d\u2019Igny-Vauhallan a vid\u00e9 ses greniers !"},"content":{"rendered":"\n<h5 class=\"wp-block-heading\"><strong><em>Agn\u00e8s Dumas Sophie de Verclos<\/em><\/strong><\/h5>\n\n\n\n<p>Pour \u00eatre en capacit\u00e9 d&rsquo;accueillir de nouveaux dons, il nous a fallu faire du vide et pour ce faire, quoi de mieux qu&rsquo;un vide grenier ?<br>En profitant de la brocante d&rsquo;automne organis\u00e9e par la ville (l&rsquo;\u00e9glise St Jean Bosco se situant au c\u0153ur de cette grande braderie) nous avons tenu une brocante \u00e9ph\u00e9m\u00e8re sur 2 week end. \u00c9ph\u00e9m\u00e8re certes, mais importante : elle a opportun\u00e9ment rempli les caisses paroissiales alors que le chauffage s&rsquo;appr\u00eate \u00e0 les vider \u2026. <\/p>\n\n\n\n<p>Cet \u00e9v\u00e9nement a \u00e9t\u00e9 un beau succ\u00e8s et n&rsquo;aurait pu se d\u00e9rouler sans l&rsquo;investissement des 30 b\u00e9n\u00e9voles, paroissiens, amis, voisins qui ont transport\u00e9 les cartons (un vrai d\u00e9m\u00e9nagement), d\u00e9ball\u00e9 les objets, les ont mis en valeur et accueillis les badauds venus nombreux pour acheter nos tr\u00e9sors. <\/p>\n\n\n\n<h5 class=\"wp-block-heading\"><strong>Notre dynamique \u00e9quipe ne s&rsquo;arr\u00eate pas en si bon chemin et vous donne rendez-vous pour la d\u00e9sormais traditionnelle exposition des cr\u00e8ches \u00e0 Saint Pierre d&rsquo;Igny le week-end du 10 et 11 d\u00e9cembre \u00e0 l&rsquo;occasion du march\u00e9 de No\u00ebl de la ville.<\/strong><\/h5>\n\n\n\n<p>Nous vous y attendons nombreux !<\/p>\n\n\n\n<figure class=\"wp-block-gallery has-nested-images columns-default is-cropped wp-block-gallery-1 is-layout-flex wp-block-gallery-is-layout-flex\">\n<figure class=\"wp-block-image size-large\"><img decoding=\"async\" loading=\"lazy\" width=\"1024\" height=\"768\" data-id=\"3867\" src=\"https:\/\/ednc.secteur-palaiseau.fr\/wp-content\/uploads\/2022\/11\/vide-grenier-1-1024x768.jpeg\" alt=\"\" class=\"wp-image-3867\" srcset=\"https:\/\/ednc.secteur-palaiseau.fr\/wp-content\/uploads\/2022\/11\/vide-grenier-1-1024x768.jpeg 1024w, https:\/\/ednc.secteur-palaiseau.fr\/wp-content\/uploads\/2022\/11\/vide-grenier-1-300x225.jpeg 300w, https:\/\/ednc.secteur-palaiseau.fr\/wp-content\/uploads\/2022\/11\/vide-grenier-1-768x576.jpeg 768w, https:\/\/ednc.secteur-palaiseau.fr\/wp-content\/uploads\/2022\/11\/vide-grenier-1-1536x1152.jpeg 1536w, https:\/\/ednc.secteur-palaiseau.fr\/wp-content\/uploads\/2022\/11\/vide-grenier-1-2048x1536.jpeg 2048w, https:\/\/ednc.secteur-palaiseau.fr\/wp-content\/uploads\/2022\/11\/vide-grenier-1-800x600.jpeg 800w\" sizes=\"(max-width: 1024px) 100vw, 1024px\" \/><\/figure>\n\n\n\n<figure class=\"wp-block-image size-large\"><img decoding=\"async\" loading=\"lazy\" width=\"1024\" height=\"768\" data-id=\"3902\" src=\"https:\/\/ednc.secteur-palaiseau.fr\/wp-content\/uploads\/2022\/11\/vide-grenier-2-1-1024x768.jpeg\" alt=\"\" class=\"wp-image-3902\" srcset=\"https:\/\/ednc.secteur-palaiseau.fr\/wp-content\/uploads\/2022\/11\/vide-grenier-2-1-1024x768.jpeg 1024w, https:\/\/ednc.secteur-palaiseau.fr\/wp-content\/uploads\/2022\/11\/vide-grenier-2-1-300x225.jpeg 300w, https:\/\/ednc.secteur-palaiseau.fr\/wp-content\/uploads\/2022\/11\/vide-grenier-2-1-768x576.jpeg 768w, https:\/\/ednc.secteur-palaiseau.fr\/wp-content\/uploads\/2022\/11\/vide-grenier-2-1-1536x1152.jpeg 1536w, https:\/\/ednc.secteur-palaiseau.fr\/wp-content\/uploads\/2022\/11\/vide-grenier-2-1-2048x1536.jpeg 2048w, https:\/\/ednc.secteur-palaiseau.fr\/wp-content\/uploads\/2022\/11\/vide-grenier-2-1-800x600.jpeg 800w\" sizes=\"(max-width: 1024px) 100vw, 1024px\" \/><\/figure>\n<\/figure>\n","protected":false},"excerpt":{"rendered":"<p>Agn\u00e8s Dumas Sophie de Verclos<\/p>\n<p>Pour \u00eatre en capacit\u00e9 d&rsquo;accueillir de nouveaux dons, il nous a fallu faire du vide et pour ce faire, quoi de mieux qu&rsquo;un vide grenier ?<\/p>\n","protected":false},"author":8,"featured_media":4231,"comment_status":"closed","ping_status":"closed","sticky":false,"template":"","format":"standard","meta":{"footnotes":""},"categories":[9,4],"tags":[],"_links":{"self":[{"href":"https:\/\/ednc.secteur-palaiseau.fr\/index.php?rest_route=\/wp\/v2\/posts\/3860"}],"collection":[{"href":"https:\/\/ednc.secteur-palaiseau.fr\/index.php?rest_route=\/wp\/v2\/posts"}],"about":[{"href":"https:\/\/ednc.secteur-palaiseau.fr\/index.php?rest_route=\/wp\/v2\/types\/post"}],"author":[{"embeddable":true,"href":"https:\/\/ednc.secteur-palaiseau.fr\/index.php?rest_route=\/wp\/v2\/users\/8"}],"replies":[{"embeddable":true,"href":"https:\/\/ednc.secteur-palaiseau.fr\/index.php?rest_route=%2Fwp%2Fv2%2Fcomments&post=3860"}],"version-history":[{"count":9,"href":"https:\/\/ednc.secteur-palaiseau.fr\/index.php?rest_route=\/wp\/v2\/posts\/3860\/revisions"}],"predecessor-version":[{"id":4468,"href":"https:\/\/ednc.secteur-palaiseau.fr\/index.php?rest_route=\/wp\/v2\/posts\/3860\/revisions\/4468"}],"wp:featuredmedia":[{"embeddable":true,"href":"https:\/\/ednc.secteur-palaiseau.fr\/index.php?rest_route=\/wp\/v2\/media\/4231"}],"wp:attachment":[{"href":"https:\/\/ednc.secteur-palaiseau.fr\/index.php?rest_route=%2Fwp%2Fv2%2Fmedia&parent=3860"}],"wp:term":[{"taxonomy":"category","embeddable":true,"href":"https:\/\/ednc.secteur-palaiseau.fr\/index.php?rest_route=%2Fwp%2Fv2%2Fcategories&post=3860"},{"taxonomy":"post_tag","embeddable":true,"href":"https:\/\/ednc.secteur-palaiseau.fr\/index.php?rest_route=%2Fwp%2Fv2%2Ftags&post=3860"}],"curies":[{"name":"wp","href":"https:\/\/api.w.org\/{rel}","templated":true}]}}