{"id":3843,"date":"2022-11-23T15:00:14","date_gmt":"2022-11-23T14:00:14","guid":{"rendered":"https:\/\/ednc.secteur-palaiseau.fr\/?p=3843"},"modified":"2022-11-24T22:24:24","modified_gmt":"2022-11-24T21:24:24","slug":"soiree-de-louange-a-biv","status":"publish","type":"post","link":"https:\/\/ednc.secteur-palaiseau.fr\/?p=3843","title":{"rendered":"Soir\u00e9e de chants avec Patrick Richard \u00e0 Bi\u00e8vres"},"content":{"rendered":"\n<h5 class=\"wp-block-heading\"><em><strong>Patrick Baudin<\/strong><\/em><\/h5>\n\n\n\n<figure class=\"wp-block-image size-large\"><img decoding=\"async\" loading=\"lazy\" width=\"1024\" height=\"768\" src=\"https:\/\/ednc.secteur-palaiseau.fr\/wp-content\/uploads\/2022\/11\/Patr-RI-1.jpeg\" alt=\"\" class=\"wp-image-3851\" srcset=\"https:\/\/ednc.secteur-palaiseau.fr\/wp-content\/uploads\/2022\/11\/Patr-RI-1.jpeg 1024w, https:\/\/ednc.secteur-palaiseau.fr\/wp-content\/uploads\/2022\/11\/Patr-RI-1-300x225.jpeg 300w, https:\/\/ednc.secteur-palaiseau.fr\/wp-content\/uploads\/2022\/11\/Patr-RI-1-768x576.jpeg 768w, https:\/\/ednc.secteur-palaiseau.fr\/wp-content\/uploads\/2022\/11\/Patr-RI-1-800x600.jpeg 800w\" sizes=\"(max-width: 1024px) 100vw, 1024px\" \/><\/figure>\n\n\n\n<p>Le 20 Octobre, dans l\u2019\u00e9glise Saint Martin de Bi\u00e8vres, nous avons eu le plaisir de partager une soir\u00e9e de chants avec Patrick Richard pour sa derni\u00e8re tourn\u00e9e. C\u2019est sans doute l\u2019auteur-compositeur chr\u00e9tien le plus connu en langue fran\u00e7aise. Devant 4000 personnes \u00e0 Lourdes, en septembre, ou dans notre \u00e9glise ce jeudi soir, il d\u00e9borde d\u2019enthousiasme et de bonne humeur. D\u00e8s la premi\u00e8re chanson tout le monde chantait. <\/p>\n\n\n\n<p>Il y a eu bien s\u00fbr son <em>Cantique de le Cr\u00e9ation<\/em>, son <em>Gloire \u00e0 Dieu<\/em>, mais aussi des nouveaux titres de son dernier album <em>\u00ab&nbsp;Vis, comme si, ici, c\u2019\u00e9tait le Paradis sur terre&nbsp;\u00bb<\/em> dont le magnifique <em>\u00ab&nbsp;Laudato Si&nbsp;\u00bb<\/em>.<\/p>\n\n\n\n<p>Son message : <em>\u00ab&nbsp;Chante ce qui rend heureux&nbsp;\u00bb<\/em>,&nbsp;<em>\u00ab&nbsp;Tout nous parle de Toi&nbsp;\u00bb&nbsp;<\/em>, <em>\u00ab&nbsp;Il y a toujours une route&nbsp;\u00bb<\/em>, c\u2019est un message d\u2019union, de respect et d\u2019espoir. \u00c7a a \u00e9t\u00e9 un grand moment de joie, de pri\u00e8re partag\u00e9 par notre communaut\u00e9.<\/p>\n\n\n\n<figure class=\"wp-block-gallery has-nested-images columns-default is-cropped wp-block-gallery-1 is-layout-flex wp-block-gallery-is-layout-flex\">\n<figure class=\"wp-block-image size-large\"><img decoding=\"async\" loading=\"lazy\" width=\"1024\" height=\"768\" data-id=\"3855\" src=\"https:\/\/ednc.secteur-palaiseau.fr\/wp-content\/uploads\/2022\/11\/3-Patri-Ri.jpeg\" alt=\"\" class=\"wp-image-3855\" srcset=\"https:\/\/ednc.secteur-palaiseau.fr\/wp-content\/uploads\/2022\/11\/3-Patri-Ri.jpeg 1024w, https:\/\/ednc.secteur-palaiseau.fr\/wp-content\/uploads\/2022\/11\/3-Patri-Ri-300x225.jpeg 300w, https:\/\/ednc.secteur-palaiseau.fr\/wp-content\/uploads\/2022\/11\/3-Patri-Ri-768x576.jpeg 768w, https:\/\/ednc.secteur-palaiseau.fr\/wp-content\/uploads\/2022\/11\/3-Patri-Ri-800x600.jpeg 800w\" sizes=\"(max-width: 1024px) 100vw, 1024px\" \/><\/figure>\n\n\n\n<figure class=\"wp-block-image size-large\"><img decoding=\"async\" loading=\"lazy\" width=\"1024\" height=\"768\" data-id=\"3856\" src=\"https:\/\/ednc.secteur-palaiseau.fr\/wp-content\/uploads\/2022\/11\/Patr-RI-4-1024x768.jpeg\" alt=\"\" class=\"wp-image-3856\" srcset=\"https:\/\/ednc.secteur-palaiseau.fr\/wp-content\/uploads\/2022\/11\/Patr-RI-4-1024x768.jpeg 1024w, https:\/\/ednc.secteur-palaiseau.fr\/wp-content\/uploads\/2022\/11\/Patr-RI-4-300x225.jpeg 300w, https:\/\/ednc.secteur-palaiseau.fr\/wp-content\/uploads\/2022\/11\/Patr-RI-4-768x576.jpeg 768w, https:\/\/ednc.secteur-palaiseau.fr\/wp-content\/uploads\/2022\/11\/Patr-RI-4-1536x1152.jpeg 1536w, https:\/\/ednc.secteur-palaiseau.fr\/wp-content\/uploads\/2022\/11\/Patr-RI-4-2048x1536.jpeg 2048w, https:\/\/ednc.secteur-palaiseau.fr\/wp-content\/uploads\/2022\/11\/Patr-RI-4-800x600.jpeg 800w\" sizes=\"(max-width: 1024px) 100vw, 1024px\" \/><\/figure>\n<\/figure>\n","protected":false},"excerpt":{"rendered":"<p>Patrick Baudin<\/p>\n<p>Le 20 Octobre, dans l\u2019\u00e9glise Saint Martin de Bi\u00e8vres, nous avons eu le plaisir de partager une soir\u00e9e de chants avec Patrick Richard pour sa derni\u00e8re tourn\u00e9e. <\/p>\n","protected":false},"author":8,"featured_media":4229,"comment_status":"closed","ping_status":"closed","sticky":false,"template":"","format":"standard","meta":{"footnotes":""},"categories":[9,4],"tags":[],"_links":{"self":[{"href":"https:\/\/ednc.secteur-palaiseau.fr\/index.php?rest_route=\/wp\/v2\/posts\/3843"}],"collection":[{"href":"https:\/\/ednc.secteur-palaiseau.fr\/index.php?rest_route=\/wp\/v2\/posts"}],"about":[{"href":"https:\/\/ednc.secteur-palaiseau.fr\/index.php?rest_route=\/wp\/v2\/types\/post"}],"author":[{"embeddable":true,"href":"https:\/\/ednc.secteur-palaiseau.fr\/index.php?rest_route=\/wp\/v2\/users\/8"}],"replies":[{"embeddable":true,"href":"https:\/\/ednc.secteur-palaiseau.fr\/index.php?rest_route=%2Fwp%2Fv2%2Fcomments&post=3843"}],"version-history":[{"count":9,"href":"https:\/\/ednc.secteur-palaiseau.fr\/index.php?rest_route=\/wp\/v2\/posts\/3843\/revisions"}],"predecessor-version":[{"id":4464,"href":"https:\/\/ednc.secteur-palaiseau.fr\/index.php?rest_route=\/wp\/v2\/posts\/3843\/revisions\/4464"}],"wp:featuredmedia":[{"embeddable":true,"href":"https:\/\/ednc.secteur-palaiseau.fr\/index.php?rest_route=\/wp\/v2\/media\/4229"}],"wp:attachment":[{"href":"https:\/\/ednc.secteur-palaiseau.fr\/index.php?rest_route=%2Fwp%2Fv2%2Fmedia&parent=3843"}],"wp:term":[{"taxonomy":"category","embeddable":true,"href":"https:\/\/ednc.secteur-palaiseau.fr\/index.php?rest_route=%2Fwp%2Fv2%2Fcategories&post=3843"},{"taxonomy":"post_tag","embeddable":true,"href":"https:\/\/ednc.secteur-palaiseau.fr\/index.php?rest_route=%2Fwp%2Fv2%2Ftags&post=3843"}],"curies":[{"name":"wp","href":"https:\/\/api.w.org\/{rel}","templated":true}]}}