{"id":3814,"date":"2022-11-23T22:00:46","date_gmt":"2022-11-23T21:00:46","guid":{"rendered":"https:\/\/ednc.secteur-palaiseau.fr\/?p=3814"},"modified":"2022-11-24T22:24:24","modified_gmt":"2022-11-24T21:24:24","slug":"kt-biv-une-premiere","status":"publish","type":"post","link":"https:\/\/ednc.secteur-palaiseau.fr\/?p=3814","title":{"rendered":"Premi\u00e8re messe en Famille de l\u2019ann\u00e9e \u00e0 Bi\u00e8vres-Igny-Vauhallan"},"content":{"rendered":"\n<h5 class=\"wp-block-heading\"><strong><em>Nathalie Ahr<\/em><\/strong><\/h5>\n\n\n\n<figure class=\"wp-block-image size-large\"><img decoding=\"async\" loading=\"lazy\" width=\"1024\" height=\"576\" src=\"https:\/\/ednc.secteur-palaiseau.fr\/wp-content\/uploads\/2022\/11\/1-kt-BIV-1024x576.jpeg\" alt=\"\" class=\"wp-image-3815\" srcset=\"https:\/\/ednc.secteur-palaiseau.fr\/wp-content\/uploads\/2022\/11\/1-kt-BIV-1024x576.jpeg 1024w, https:\/\/ednc.secteur-palaiseau.fr\/wp-content\/uploads\/2022\/11\/1-kt-BIV-300x169.jpeg 300w, https:\/\/ednc.secteur-palaiseau.fr\/wp-content\/uploads\/2022\/11\/1-kt-BIV-768x432.jpeg 768w, https:\/\/ednc.secteur-palaiseau.fr\/wp-content\/uploads\/2022\/11\/1-kt-BIV-1536x865.jpeg 1536w, https:\/\/ednc.secteur-palaiseau.fr\/wp-content\/uploads\/2022\/11\/1-kt-BIV.jpeg 1929w\" sizes=\"(max-width: 1024px) 100vw, 1024px\" \/><\/figure>\n\n\n\n<p>Ce 9 Octobre avait lieu notre premi\u00e8re messe en Famille de l\u2019ann\u00e9e&nbsp;!<br>Nouveau jour, nouvel horaire et nouvelle organisation&nbsp;!<br>C\u2019\u00e9tait notre premi\u00e8re messe en familles qui regroupait nos trois paroisses le dimanche \u00e0 11h00&nbsp;!<\/p>\n\n\n\n<p>Merci aux \u00e9quipes animatrice, liturgique et cat\u00e9chistes de BIV qui ont pr\u00e9par\u00e9 de concert cette belle messe.<br>Le MEJ (Mouvement Eucharistique des Jeunes) a anim\u00e9 magnifiquement et nous les en remercions vivement.<\/p>\n\n\n\n<p><br>Merci \u00e0 vous d\u2019avoir r\u00e9pondu nombreux \u00e0 cette invitation.<\/p>\n\n\n\n<figure class=\"wp-block-image size-large\"><img decoding=\"async\" loading=\"lazy\" width=\"1024\" height=\"576\" src=\"https:\/\/ednc.secteur-palaiseau.fr\/wp-content\/uploads\/2022\/11\/2-KT-BIV-1024x576.jpeg\" alt=\"\" class=\"wp-image-3816\" srcset=\"https:\/\/ednc.secteur-palaiseau.fr\/wp-content\/uploads\/2022\/11\/2-KT-BIV-1024x576.jpeg 1024w, https:\/\/ednc.secteur-palaiseau.fr\/wp-content\/uploads\/2022\/11\/2-KT-BIV-300x169.jpeg 300w, https:\/\/ednc.secteur-palaiseau.fr\/wp-content\/uploads\/2022\/11\/2-KT-BIV-768x432.jpeg 768w, https:\/\/ednc.secteur-palaiseau.fr\/wp-content\/uploads\/2022\/11\/2-KT-BIV-1536x865.jpeg 1536w, https:\/\/ednc.secteur-palaiseau.fr\/wp-content\/uploads\/2022\/11\/2-KT-BIV.jpeg 1929w\" sizes=\"(max-width: 1024px) 100vw, 1024px\" \/><\/figure>\n\n\n\n<p>A l\u2019issue de la messe, nous avons pu partager et accueillir les nouvelles familles autour d\u2019un moment convivial.<\/p>\n\n\n\n<figure class=\"wp-block-image size-large\"><img decoding=\"async\" loading=\"lazy\" width=\"1024\" height=\"576\" src=\"https:\/\/ednc.secteur-palaiseau.fr\/wp-content\/uploads\/2022\/11\/3-KT-BIV-1024x576.jpeg\" alt=\"\" class=\"wp-image-3817\" srcset=\"https:\/\/ednc.secteur-palaiseau.fr\/wp-content\/uploads\/2022\/11\/3-KT-BIV-1024x576.jpeg 1024w, https:\/\/ednc.secteur-palaiseau.fr\/wp-content\/uploads\/2022\/11\/3-KT-BIV-300x169.jpeg 300w, https:\/\/ednc.secteur-palaiseau.fr\/wp-content\/uploads\/2022\/11\/3-KT-BIV-768x432.jpeg 768w, https:\/\/ednc.secteur-palaiseau.fr\/wp-content\/uploads\/2022\/11\/3-KT-BIV-1536x865.jpeg 1536w, https:\/\/ednc.secteur-palaiseau.fr\/wp-content\/uploads\/2022\/11\/3-KT-BIV.jpeg 1929w\" sizes=\"(max-width: 1024px) 100vw, 1024px\" \/><\/figure>\n\n\n\n<p>Merci aux scouts d\u2019avoir r\u00e9pondu pr\u00e9sents en aidant \u00e0 l\u2019installation des tables. Le vide grenier install\u00e9 dans la salle paroissiale a eu un grand succ\u00e8s.<\/p>\n","protected":false},"excerpt":{"rendered":"<p>Nathalie Ahr<\/p>\n<p>Ce 9 Octobre avait lieu notre premi\u00e8re messe en Famille de l\u2019ann\u00e9e\u00a0pour le groupement \u00e0 Bi\u00e8vres-Igny-Vauhallan.<\/p>\n","protected":false},"author":8,"featured_media":4233,"comment_status":"closed","ping_status":"closed","sticky":false,"template":"","format":"standard","meta":{"footnotes":""},"categories":[9,4],"tags":[],"_links":{"self":[{"href":"https:\/\/ednc.secteur-palaiseau.fr\/index.php?rest_route=\/wp\/v2\/posts\/3814"}],"collection":[{"href":"https:\/\/ednc.secteur-palaiseau.fr\/index.php?rest_route=\/wp\/v2\/posts"}],"about":[{"href":"https:\/\/ednc.secteur-palaiseau.fr\/index.php?rest_route=\/wp\/v2\/types\/post"}],"author":[{"embeddable":true,"href":"https:\/\/ednc.secteur-palaiseau.fr\/index.php?rest_route=\/wp\/v2\/users\/8"}],"replies":[{"embeddable":true,"href":"https:\/\/ednc.secteur-palaiseau.fr\/index.php?rest_route=%2Fwp%2Fv2%2Fcomments&post=3814"}],"version-history":[{"count":10,"href":"https:\/\/ednc.secteur-palaiseau.fr\/index.php?rest_route=\/wp\/v2\/posts\/3814\/revisions"}],"predecessor-version":[{"id":4469,"href":"https:\/\/ednc.secteur-palaiseau.fr\/index.php?rest_route=\/wp\/v2\/posts\/3814\/revisions\/4469"}],"wp:featuredmedia":[{"embeddable":true,"href":"https:\/\/ednc.secteur-palaiseau.fr\/index.php?rest_route=\/wp\/v2\/media\/4233"}],"wp:attachment":[{"href":"https:\/\/ednc.secteur-palaiseau.fr\/index.php?rest_route=%2Fwp%2Fv2%2Fmedia&parent=3814"}],"wp:term":[{"taxonomy":"category","embeddable":true,"href":"https:\/\/ednc.secteur-palaiseau.fr\/index.php?rest_route=%2Fwp%2Fv2%2Fcategories&post=3814"},{"taxonomy":"post_tag","embeddable":true,"href":"https:\/\/ednc.secteur-palaiseau.fr\/index.php?rest_route=%2Fwp%2Fv2%2Ftags&post=3814"}],"curies":[{"name":"wp","href":"https:\/\/api.w.org\/{rel}","templated":true}]}}