{"id":3808,"date":"2022-11-23T16:30:53","date_gmt":"2022-11-23T15:30:53","guid":{"rendered":"https:\/\/ednc.secteur-palaiseau.fr\/?p=3808"},"modified":"2022-11-24T22:24:24","modified_gmt":"2022-11-24T21:24:24","slug":"la-nouvelle-organisation-sur-bievres-igny-vauhallan","status":"publish","type":"post","link":"https:\/\/ednc.secteur-palaiseau.fr\/?p=3808","title":{"rendered":"La nouvelle organisation sur Bi\u00e8vres-Igny-Vauhallan"},"content":{"rendered":"\n<h5 class=\"wp-block-heading\"><strong><em>Marie Pierre Ogheard<\/em><\/strong><\/h5>\n\n\n\n<p>Le groupement BIV&nbsp;en r\u00e9sonance avec le th\u00e8me de l\u2019ann\u00e9e pastorale \u00ab&nbsp;prenons soin de vivre ensemble la communion&nbsp;\u00bb a souhait\u00e9&nbsp;multiplier ses actions pour vivre&nbsp;la fraternit\u00e9&nbsp;entre les&nbsp;services et avec les paroissiens.<\/p>\n\n\n\n<p>C\u2019est ainsi que&nbsp;suite \u00e0 une journ\u00e9e de pri\u00e8re et de r\u00e9flexion de l&rsquo;\u00e9quipe animatrice en juillet, la rentr\u00e9e s&rsquo;est pr\u00e9par\u00e9e \u00e0 cette d\u00e9marche par la mise en place&nbsp;:<\/p>\n\n\n\n<ul>\n<li>D\u2019une <strong>\u00e9quipe liturgique commune<\/strong> au groupement paroissial, avec un seul responsable et des animateurs qui interviennent sur les 2 clochers selon les disponibilit\u00e9s. L\u2019\u00e9quipe liturgique propose de se retrouver une matin\u00e9e par mois pour chanter ensemble&nbsp;: chanteurs et musiciens pour le plaisir d&rsquo;\u00eatre ensemble.<\/li>\n\n\n\n<li>Des temps de rencontre et de partage une fois par mois \u00e0 la sortie de la messe autour d\u2019un caf\u00e9, ou d\u2019un&nbsp;\u00ab&nbsp;verre de l\u2019amiti\u00e9&nbsp;\u00bb.<\/li>\n\n\n\n<li>&nbsp;D\u2019une messe des familles commune au groupement BIV et non plus dans chaque paroisse.&nbsp;Les messes seront pr\u00e9par\u00e9es conjointement avec l\u2019\u00e9quipe liturgique et les cat\u00e9chistes en pr\u00e9sence du P\u00e8re Luc. Notre r\u00e9flexion commune se porte d\u00e9sormais sur la place des familles des enfants du KT dans la communaut\u00e9.<\/li>\n\n\n\n<li>De rencontres, organis\u00e9es par l\u2019\u00e9quipe animatrice avec l\u2019\u00e9quipe des cat\u00e9chistes et prochainement avec l&rsquo;\u00e9quipe liturgique, dans le souci de rep\u00e9rer les besoins et les attentes de chacun et de faciliter ainsi les liens entre les services.&nbsp;<\/li>\n\n\n\n<li>De deux \u00ab&nbsp;fraternit\u00e9s&nbsp;\u00bb de 4 couples dans le parcours \u00ab&nbsp;Cana Welcome&nbsp;\u00bb<\/li>\n\n\n\n<li>Un temps de r\u00e9collection pour le groupement le 7 janvier&nbsp;pour favoriser rencontre et pri\u00e8re pour la nouvelle ann\u00e9e.<\/li>\n<\/ul>\n\n\n\n<p>Les fondations sont pos\u00e9es, mais chemin faisant, ensemble tout au long de cette ann\u00e9e nous allons apprendre \u00e0 nous conna\u00eetre, pour toujours plus partager et servir. Le t\u00e9moignage de chacun est pr\u00e9cieux pour nous enraciner les uns et les autres avec le Christ.<\/p>\n\n\n\n<figure class=\"wp-block-image size-large\"><img decoding=\"async\" loading=\"lazy\" width=\"1024\" height=\"771\" src=\"https:\/\/ednc.secteur-palaiseau.fr\/wp-content\/uploads\/2022\/11\/PHOTO-2022-09-18-17-14-28-1024x771.jpeg\" alt=\"\" class=\"wp-image-3812\" srcset=\"https:\/\/ednc.secteur-palaiseau.fr\/wp-content\/uploads\/2022\/11\/PHOTO-2022-09-18-17-14-28-1024x771.jpeg 1024w, https:\/\/ednc.secteur-palaiseau.fr\/wp-content\/uploads\/2022\/11\/PHOTO-2022-09-18-17-14-28-300x226.jpeg 300w, https:\/\/ednc.secteur-palaiseau.fr\/wp-content\/uploads\/2022\/11\/PHOTO-2022-09-18-17-14-28-768x578.jpeg 768w, https:\/\/ednc.secteur-palaiseau.fr\/wp-content\/uploads\/2022\/11\/PHOTO-2022-09-18-17-14-28-1536x1157.jpeg 1536w, https:\/\/ednc.secteur-palaiseau.fr\/wp-content\/uploads\/2022\/11\/PHOTO-2022-09-18-17-14-28.jpeg 2040w\" sizes=\"(max-width: 1024px) 100vw, 1024px\" \/><\/figure>\n","protected":false},"excerpt":{"rendered":"<p>Marie Pierre Ogheard<\/p>\n<p>Le groupement BIV\u00a0en r\u00e9sonance avec le th\u00e8me de l\u2019ann\u00e9e pastorale \u00ab\u00a0prenons soin de vivre ensemble la communion\u00a0\u00bb a souhait\u00e9\u00a0multiplier ses actions pour vivre\u00a0la fraternit\u00e9\u00a0entre les\u00a0services et avec les paroissiens.<\/p>\n","protected":false},"author":8,"featured_media":4225,"comment_status":"closed","ping_status":"closed","sticky":false,"template":"","format":"standard","meta":{"footnotes":""},"categories":[9,4],"tags":[],"_links":{"self":[{"href":"https:\/\/ednc.secteur-palaiseau.fr\/index.php?rest_route=\/wp\/v2\/posts\/3808"}],"collection":[{"href":"https:\/\/ednc.secteur-palaiseau.fr\/index.php?rest_route=\/wp\/v2\/posts"}],"about":[{"href":"https:\/\/ednc.secteur-palaiseau.fr\/index.php?rest_route=\/wp\/v2\/types\/post"}],"author":[{"embeddable":true,"href":"https:\/\/ednc.secteur-palaiseau.fr\/index.php?rest_route=\/wp\/v2\/users\/8"}],"replies":[{"embeddable":true,"href":"https:\/\/ednc.secteur-palaiseau.fr\/index.php?rest_route=%2Fwp%2Fv2%2Fcomments&post=3808"}],"version-history":[{"count":7,"href":"https:\/\/ednc.secteur-palaiseau.fr\/index.php?rest_route=\/wp\/v2\/posts\/3808\/revisions"}],"predecessor-version":[{"id":4466,"href":"https:\/\/ednc.secteur-palaiseau.fr\/index.php?rest_route=\/wp\/v2\/posts\/3808\/revisions\/4466"}],"wp:featuredmedia":[{"embeddable":true,"href":"https:\/\/ednc.secteur-palaiseau.fr\/index.php?rest_route=\/wp\/v2\/media\/4225"}],"wp:attachment":[{"href":"https:\/\/ednc.secteur-palaiseau.fr\/index.php?rest_route=%2Fwp%2Fv2%2Fmedia&parent=3808"}],"wp:term":[{"taxonomy":"category","embeddable":true,"href":"https:\/\/ednc.secteur-palaiseau.fr\/index.php?rest_route=%2Fwp%2Fv2%2Fcategories&post=3808"},{"taxonomy":"post_tag","embeddable":true,"href":"https:\/\/ednc.secteur-palaiseau.fr\/index.php?rest_route=%2Fwp%2Fv2%2Ftags&post=3808"}],"curies":[{"name":"wp","href":"https:\/\/api.w.org\/{rel}","templated":true}]}}