{"id":3802,"date":"2022-11-23T19:30:44","date_gmt":"2022-11-23T18:30:44","guid":{"rendered":"https:\/\/ednc.secteur-palaiseau.fr\/?p=3802"},"modified":"2022-11-24T22:24:24","modified_gmt":"2022-11-24T21:24:24","slug":"jmj-2023-lisbonne","status":"publish","type":"post","link":"https:\/\/ednc.secteur-palaiseau.fr\/?p=3802","title":{"rendered":"JMJ 2023 &#8211; Lisbonne"},"content":{"rendered":"\t\t<div data-elementor-type=\"wp-post\" data-elementor-id=\"3802\" class=\"elementor elementor-3802\">\n\t\t\t\t\t\t\t\t\t<section class=\"elementor-section elementor-top-section elementor-element elementor-element-51162a5c elementor-section-boxed elementor-section-height-default elementor-section-height-default\" data-id=\"51162a5c\" data-element_type=\"section\">\n\t\t\t\t\t\t<div class=\"elementor-container elementor-column-gap-default\">\n\t\t\t\t\t<div class=\"elementor-column elementor-col-100 elementor-top-column elementor-element elementor-element-1b8a4a8c\" data-id=\"1b8a4a8c\" data-element_type=\"column\">\n\t\t\t<div class=\"elementor-widget-wrap elementor-element-populated\">\n\t\t\t\t\t\t\t\t<div class=\"elementor-element elementor-element-71f8c088 elementor-widget elementor-widget-text-editor\" data-id=\"71f8c088\" data-element_type=\"widget\" data-widget_type=\"text-editor.default\">\n\t\t\t\t<div class=\"elementor-widget-container\">\n\t\t\t\t\t\t\t<p><em><strong>Alice Gardes<br \/><\/strong><\/em><\/p><p>L\u2019\u00e9t\u00e9 2023 va \u00eatre marqu\u00e9 par un \u00e9v\u00e9nement important pour les jeunes catholiques du monde entier. En effet, <b>\u00e0 Lisbonne se tiendra l\u2019\u00e9dition 2023 des Journ\u00e9es Mondiales de la Jeunesse, JMJ.<\/b> <\/p><p>Cet \u00e9v\u00e9nement mondial se vit aussi ant\u00e9rieurement en secteur. Le dioc\u00e8se d\u2019Evry-Courcouronnes part accompagn\u00e9 des jeunes adultes essonniens, d\u00e9couvrir le Portugal, \u00e9panouir notre foi, <b>du 24 juillet au 6 ao\u00fbt 2023<\/b>. Premi\u00e8rement dans le dioc\u00e8se de Lamego dans le nord du pays, puis ils se dirigeront vers la capitale portugaise, pour vivre le rassemblement des JMJ de Lisbonne 2023, <b>en communion avec le Pape, et des jeunes du monde entier. <\/b><\/p>\t\t\t\t\t\t<\/div>\n\t\t\t\t<\/div>\n\t\t\t\t\t<\/div>\n\t\t<\/div>\n\t\t\t\t\t\t\t<\/div>\n\t\t<\/section>\n\t\t\t\t<section class=\"elementor-section elementor-top-section elementor-element elementor-element-0ce9223 elementor-section-boxed elementor-section-height-default elementor-section-height-default\" data-id=\"0ce9223\" data-element_type=\"section\">\n\t\t\t\t\t\t<div class=\"elementor-container elementor-column-gap-default\">\n\t\t\t\t\t<div class=\"elementor-column elementor-col-100 elementor-top-column elementor-element elementor-element-8785cd7\" data-id=\"8785cd7\" data-element_type=\"column\">\n\t\t\t<div class=\"elementor-widget-wrap elementor-element-populated\">\n\t\t\t\t\t\t\t\t<div class=\"elementor-element elementor-element-d050247 elementor-widget elementor-widget-text-editor\" data-id=\"d050247\" data-element_type=\"widget\" data-widget_type=\"text-editor.default\">\n\t\t\t\t<div class=\"elementor-widget-container\">\n\t\t\t\t\t\t\t<div dir=\"ltr\"><p class=\"gmail_default_sandBox \">Le rassemblement des JMJ commence \u00e0 se pr\u00e9parer d\u00e8s maintenant au niveau local. En effet, cet \u00e9v\u00e9nement a un co\u00fbt important. C\u2019est pourquoi, le dioc\u00e8se et les participants aux JMJ, organiseront toute l\u2019ann\u00e9e diff\u00e9rentes actions et \u00e9v\u00e9nements, pour r\u00e9duire le prix de ce voyage unique.<\/p><p>Le deuxi\u00e8me enjeu de ses actions qui se d\u00e9rouleront sur toute l\u2019Essonne est de nous rencontrer avant ce p\u00e8lerinage \u00e0 Lisbonne, et cr\u00e9er un v\u00e9ritable groupe essonnien.<\/p><p>Le dioc\u00e8se organise des actions, mais le secteur de Palaiseau en organise aussi. La pr\u00e9paration en secteur \u00e0 plusieurs objectifs: organiser des \u00e9v\u00e9nements, faciliter la communication, et se rencontrer r\u00e9guli\u00e8rement autour de moments conviviaux.<\/p><\/div>\t\t\t\t\t\t<\/div>\n\t\t\t\t<\/div>\n\t\t\t\t\t<\/div>\n\t\t<\/div>\n\t\t\t\t\t\t\t<\/div>\n\t\t<\/section>\n\t\t\t\t<section class=\"elementor-section elementor-top-section elementor-element elementor-element-82330db elementor-section-boxed elementor-section-height-default elementor-section-height-default\" data-id=\"82330db\" data-element_type=\"section\">\n\t\t\t\t\t\t<div class=\"elementor-container elementor-column-gap-default\">\n\t\t\t\t\t<div class=\"elementor-column elementor-col-50 elementor-top-column elementor-element elementor-element-29376aa\" data-id=\"29376aa\" data-element_type=\"column\">\n\t\t\t<div class=\"elementor-widget-wrap elementor-element-populated\">\n\t\t\t\t\t\t\t\t<div class=\"elementor-element elementor-element-2d977b4 elementor-widget elementor-widget-text-editor\" data-id=\"2d977b4\" data-element_type=\"widget\" data-widget_type=\"text-editor.default\">\n\t\t\t\t<div class=\"elementor-widget-container\">\n\t\t\t\t\t\t\t<div dir=\"ltr\"><h4>Les contacts r\u00e9f\u00e9rents sur le secteur<\/h4><div style=\"padding-left: 40px;\"><p>Sur le secteur de Palaiseau le contact avec l\u2019\u00e9quipe JMJ du dioc\u00e8se est assur\u00e9 par :<\/p><p>Alice GARDES (<a>alice.gardes@gmail.com<\/a> ; 06 74 61 91 27 )<\/p><p>N\u2019h\u00e9sitez pas \u00e0 nous contacter si vous \u00eates int\u00e9ress\u00e9, souhaitez des informations et\/ou vous inscrire.<\/p><\/div><\/div>\t\t\t\t\t\t<\/div>\n\t\t\t\t<\/div>\n\t\t\t\t\t<\/div>\n\t\t<\/div>\n\t\t\t\t<div class=\"elementor-column elementor-col-50 elementor-top-column elementor-element elementor-element-cf681ae\" data-id=\"cf681ae\" data-element_type=\"column\">\n\t\t\t<div class=\"elementor-widget-wrap elementor-element-populated\">\n\t\t\t\t\t\t\t\t<div class=\"elementor-element elementor-element-2cca7f3 elementor-widget elementor-widget-image\" data-id=\"2cca7f3\" data-element_type=\"widget\" data-widget_type=\"image.default\">\n\t\t\t\t<div class=\"elementor-widget-container\">\n\t\t\t\t\t\t\t\t\t\t\t\t\t\t\t<img decoding=\"async\" loading=\"lazy\" width=\"424\" height=\"600\" src=\"https:\/\/ednc.secteur-palaiseau.fr\/wp-content\/uploads\/2022\/11\/Affiche-du-secteur-JMJ-2023-.jpg\" class=\"attachment-large size-large wp-image-3966\" alt=\"\" srcset=\"https:\/\/ednc.secteur-palaiseau.fr\/wp-content\/uploads\/2022\/11\/Affiche-du-secteur-JMJ-2023-.jpg 424w, https:\/\/ednc.secteur-palaiseau.fr\/wp-content\/uploads\/2022\/11\/Affiche-du-secteur-JMJ-2023--212x300.jpg 212w\" sizes=\"(max-width: 424px) 100vw, 424px\" \/>\t\t\t\t\t\t\t\t\t\t\t\t\t\t\t<\/div>\n\t\t\t\t<\/div>\n\t\t\t\t\t<\/div>\n\t\t<\/div>\n\t\t\t\t\t\t\t<\/div>\n\t\t<\/section>\n\t\t\t\t<section class=\"elementor-section elementor-top-section elementor-element elementor-element-0110572 elementor-section-boxed elementor-section-height-default elementor-section-height-default\" data-id=\"0110572\" data-element_type=\"section\">\n\t\t\t\t\t\t<div class=\"elementor-container elementor-column-gap-default\">\n\t\t\t\t\t<div class=\"elementor-column elementor-col-100 elementor-top-column elementor-element elementor-element-48cefdc\" data-id=\"48cefdc\" data-element_type=\"column\">\n\t\t\t<div class=\"elementor-widget-wrap elementor-element-populated\">\n\t\t\t\t\t\t\t\t<div class=\"elementor-element elementor-element-85a2902 elementor-widget elementor-widget-text-editor\" data-id=\"85a2902\" data-element_type=\"widget\" data-widget_type=\"text-editor.default\">\n\t\t\t\t<div class=\"elementor-widget-container\">\n\t\t\t\t\t\t\t<div dir=\"ltr\"><h4>Les inscriptions sont ouvertes depuis le 20 novembre<\/h4><p style=\"padding-left: 40px;\">Quatre formules sont propos\u00e9es par le dioc\u00e8se:<\/p><ul><li style=\"list-style-type: none;\"><ul><li><b>Formule compl\u00e8te + <\/b>: du 20 juillet au 8 ao\u00fbt comportant le voyage Evry \u2013 Lourdes \u2013 Lamego \u2013 Lisbonne \u2013 Saint-Vincent-de-Paul \u2013 Evry + jumelage avec un jeune polonais (du 20 au 23 juillet sur Paris)<\/li><li><b>Formule compl\u00e8te<\/b> : Evry \u2013 Lourdes \u2013 Lamego \u2013 Lisbonne \u2013 Saint-Vincent-de-Paul \u2013 Evry<\/li><li><b>Formule compl\u00e8te sans le voyage en bus<\/b><\/li><li><b>Formule Lisbonne <\/b>: uniquement la semaine \u00e0 Lisbonne,<b> voyage \u00e0 la charge du participant<\/b><\/li><\/ul><\/li><\/ul><\/div>\t\t\t\t\t\t<\/div>\n\t\t\t\t<\/div>\n\t\t\t\t\t<\/div>\n\t\t<\/div>\n\t\t\t\t\t\t\t<\/div>\n\t\t<\/section>\n\t\t\t\t<section class=\"elementor-section elementor-top-section elementor-element elementor-element-7024ea6 elementor-section-boxed elementor-section-height-default elementor-section-height-default\" data-id=\"7024ea6\" data-element_type=\"section\">\n\t\t\t\t\t\t<div class=\"elementor-container elementor-column-gap-default\">\n\t\t\t\t\t<div class=\"elementor-column elementor-col-100 elementor-top-column elementor-element elementor-element-89a10bd\" data-id=\"89a10bd\" data-element_type=\"column\">\n\t\t\t<div class=\"elementor-widget-wrap elementor-element-populated\">\n\t\t\t\t\t\t\t\t<div class=\"elementor-element elementor-element-814a94a elementor-widget elementor-widget-text-editor\" data-id=\"814a94a\" data-element_type=\"widget\" data-widget_type=\"text-editor.default\">\n\t\t\t\t<div class=\"elementor-widget-container\">\n\t\t\t\t\t\t\t<div dir=\"ltr\"><h4>L&rsquo;avancement sur notre secteur<\/h4><div style=\"padding-left: 40px;\">Depuis le d\u00e9but de cette pr\u00e9paration, le dioc\u00e8se \u00e0 organis\u00e9 deux r\u00e9unions d\u2019information. La premi\u00e8re au mois de juin \u00e9tait celle de lancement. En effet, elle avait pour but les informations administratives du voyage. D\u00e8s cette premi\u00e8re rencontre, nous avons r\u00e9fl\u00e9chi \u00e0 des actions et des \u00e9v\u00e9nements pour r\u00e9duire le co\u00fbt du voyage, nous rencontrer pendant cette ann\u00e9e, et comment partager notre foi, et la culture portugaise aux dioc\u00e9sains. Pour cela, nous nous sommes attribu\u00e9s des r\u00f4les pour pr\u00e9parer par exemple la f\u00eate de Fatima, beaucoup f\u00eat\u00e9 au Portugal, ou encore s\u2019occuper de la communication de notre p\u00e8lerinage aux habitants de l\u2019Essonne. La deuxi\u00e8me rencontre \u00e9tait sur le th\u00e8me de la protection de la maison commune, un point important du \u201cLaudato Si\u201d du Pape Fran\u00e7ois. Sur le secteur, nous avons tenu, le 1er octobre dernier un stand dans une brocante sur Igny visant \u00e0 r\u00e9duire le prix du voyage, mais aussi faire une action concr\u00e8te pour la protection de la maison commune, par la vente d\u2019objets de seconde main. Courant novembre, nous nous r\u00e9unirons sur le\u00a0 secteur pour partager une messe et un repas festif \u00e0 l&rsquo;issue de la c\u00e9l\u00e9bration.<p>N\u2019h\u00e9sitez pas si vous avez des questions.<\/p><\/div><\/div>\t\t\t\t\t\t<\/div>\n\t\t\t\t<\/div>\n\t\t\t\t\t<\/div>\n\t\t<\/div>\n\t\t\t\t\t\t\t<\/div>\n\t\t<\/section>\n\t\t\t\t<section class=\"elementor-section elementor-top-section elementor-element elementor-element-0796468 elementor-section-boxed elementor-section-height-default elementor-section-height-default\" data-id=\"0796468\" data-element_type=\"section\">\n\t\t\t\t\t\t<div class=\"elementor-container elementor-column-gap-default\">\n\t\t\t\t\t<div class=\"elementor-column elementor-col-50 elementor-top-column elementor-element elementor-element-f1eb969\" data-id=\"f1eb969\" data-element_type=\"column\">\n\t\t\t<div class=\"elementor-widget-wrap elementor-element-populated\">\n\t\t\t\t\t\t\t\t<div class=\"elementor-element elementor-element-dff689a elementor-widget elementor-widget-text-editor\" data-id=\"dff689a\" data-element_type=\"widget\" data-widget_type=\"text-editor.default\">\n\t\t\t\t<div class=\"elementor-widget-container\">\n\t\t\t\t\t\t\t<div dir=\"ltr\"><h4>Les contacts sur les r\u00e9seaux sociaux<\/h4><div style=\"padding-left: 40px;\"><p>Enfin, voici les diff\u00e9rents r\u00e9seaux sociaux des JMJ nationaux et dioc\u00e9sain. Instagram: <a href=\"https:\/\/www.instagram.com\/jmjlisboa_91\/\" target=\"_blank\" rel=\"noopener\">https:\/\/www.instagram.com\/jmjlisboa_91\/<\/a>\u00a0 Facebook: <a href=\"https:\/\/www.facebook.com\/groups\/276884600961146\/\" target=\"_blank\" rel=\"noopener\">https:\/\/www.facebook.com\/groups\/276884600961146\/<\/a><\/p><\/div><\/div>\t\t\t\t\t\t<\/div>\n\t\t\t\t<\/div>\n\t\t\t\t<div class=\"elementor-element elementor-element-8ba4d91 elementor-widget elementor-widget-text-editor\" data-id=\"8ba4d91\" data-element_type=\"widget\" data-widget_type=\"text-editor.default\">\n\t\t\t\t<div class=\"elementor-widget-container\">\n\t\t\t\t\t\t\t<div dir=\"ltr\"><h4>L&rsquo;adresse du site officiel des JMJ France<\/h4><div style=\"padding-left: 40px;\"><p><a href=\"https:\/\/eglise.catholique.fr\/jmj-journees-mondiales-jeunesse\/jmj-2023-lisbonne\/\" target=\"_blank\" rel=\"noopener\">https:\/\/eglise.catholique.fr\/jmj-journees-mondiales-jeunesse\/jmj-2023-lisbonne\/<\/a><\/p><\/div><\/div>\t\t\t\t\t\t<\/div>\n\t\t\t\t<\/div>\n\t\t\t\t\t<\/div>\n\t\t<\/div>\n\t\t\t\t<div class=\"elementor-column elementor-col-50 elementor-top-column elementor-element elementor-element-7967457\" data-id=\"7967457\" data-element_type=\"column\">\n\t\t\t<div class=\"elementor-widget-wrap elementor-element-populated\">\n\t\t\t\t\t\t\t\t<div class=\"elementor-element elementor-element-cd4a027 elementor-widget elementor-widget-image\" data-id=\"cd4a027\" data-element_type=\"widget\" data-widget_type=\"image.default\">\n\t\t\t\t<div class=\"elementor-widget-container\">\n\t\t\t\t\t\t\t\t\t\t\t\t\t\t\t<img decoding=\"async\" loading=\"lazy\" width=\"560\" height=\"315\" src=\"https:\/\/ednc.secteur-palaiseau.fr\/wp-content\/uploads\/2022\/11\/JMJ_2023.png\" class=\"attachment-large size-large wp-image-3982\" alt=\"\" srcset=\"https:\/\/ednc.secteur-palaiseau.fr\/wp-content\/uploads\/2022\/11\/JMJ_2023.png 560w, https:\/\/ednc.secteur-palaiseau.fr\/wp-content\/uploads\/2022\/11\/JMJ_2023-300x169.png 300w\" sizes=\"(max-width: 560px) 100vw, 560px\" \/>\t\t\t\t\t\t\t\t\t\t\t\t\t\t\t<\/div>\n\t\t\t\t<\/div>\n\t\t\t\t\t<\/div>\n\t\t<\/div>\n\t\t\t\t\t\t\t<\/div>\n\t\t<\/section>\n\t\t\t\t<section class=\"elementor-section elementor-top-section elementor-element elementor-element-01912fe elementor-section-boxed elementor-section-height-default elementor-section-height-default\" data-id=\"01912fe\" data-element_type=\"section\">\n\t\t\t\t\t\t<div class=\"elementor-container elementor-column-gap-default\">\n\t\t\t\t\t<div class=\"elementor-column elementor-col-100 elementor-top-column elementor-element elementor-element-64d124b\" data-id=\"64d124b\" data-element_type=\"column\">\n\t\t\t<div class=\"elementor-widget-wrap\">\n\t\t\t\t\t\t\t\t\t<\/div>\n\t\t<\/div>\n\t\t\t\t\t\t\t<\/div>\n\t\t<\/section>\n\t\t\t\t<section class=\"elementor-section elementor-top-section elementor-element elementor-element-ce77f1b elementor-section-boxed elementor-section-height-default elementor-section-height-default\" data-id=\"ce77f1b\" data-element_type=\"section\">\n\t\t\t\t\t\t<div class=\"elementor-container elementor-column-gap-default\">\n\t\t\t\t\t<div class=\"elementor-column elementor-col-33 elementor-top-column elementor-element elementor-element-5c19266\" data-id=\"5c19266\" data-element_type=\"column\">\n\t\t\t<div class=\"elementor-widget-wrap elementor-element-populated\">\n\t\t\t\t\t\t\t\t<div class=\"elementor-element elementor-element-7f0b45f elementor-widget elementor-widget-text-editor\" data-id=\"7f0b45f\" data-element_type=\"widget\" data-widget_type=\"text-editor.default\">\n\t\t\t\t<div class=\"elementor-widget-container\">\n\t\t\t\t\t\t\t<h4>La vid\u00e9o officielle des JMJ<\/h4>\t\t\t\t\t\t<\/div>\n\t\t\t\t<\/div>\n\t\t\t\t\t<\/div>\n\t\t<\/div>\n\t\t\t\t<div class=\"elementor-column elementor-col-33 elementor-top-column elementor-element elementor-element-68cc683\" data-id=\"68cc683\" data-element_type=\"column\">\n\t\t\t<div class=\"elementor-widget-wrap elementor-element-populated\">\n\t\t\t\t\t\t\t\t<div class=\"elementor-element elementor-element-39bbb40 elementor-widget elementor-widget-video\" data-id=\"39bbb40\" data-element_type=\"widget\" data-settings=\"{&quot;youtube_url&quot;:&quot;https:\\\/\\\/youtu.be\\\/hIxh5odiI8M&quot;,&quot;video_type&quot;:&quot;youtube&quot;,&quot;controls&quot;:&quot;yes&quot;}\" data-widget_type=\"video.default\">\n\t\t\t\t<div class=\"elementor-widget-container\">\n\t\t\t\t\t<div class=\"elementor-wrapper elementor-open-inline\">\n\t\t\t<div class=\"elementor-video\"><\/div>\t\t<\/div>\n\t\t\t\t<\/div>\n\t\t\t\t<\/div>\n\t\t\t\t\t<\/div>\n\t\t<\/div>\n\t\t\t\t<div class=\"elementor-column elementor-col-33 elementor-top-column elementor-element elementor-element-be5525e\" data-id=\"be5525e\" data-element_type=\"column\">\n\t\t\t<div class=\"elementor-widget-wrap\">\n\t\t\t\t\t\t\t\t\t<\/div>\n\t\t<\/div>\n\t\t\t\t\t\t\t<\/div>\n\t\t<\/section>\n\t\t\t\t\t\t\t<\/div>\n\t\t","protected":false},"excerpt":{"rendered":"<p>Alice Gardes<\/p>\n<p>Enfin le retour des JMJ ! Apr\u00e8s 2019 au Panama, retrouvons nous \u00e0 Lisbonne du 24 juillet au 6 ao\u00fbt. Rejoignez le groupe du secteur qui est d\u00e9j\u00e0  en marche. Aidez les jeunes \u00e0 financer leur voyage.<\/p>\n","protected":false},"author":7,"featured_media":3810,"comment_status":"closed","ping_status":"closed","sticky":false,"template":"","format":"standard","meta":{"footnotes":""},"categories":[20,5,4],"tags":[],"_links":{"self":[{"href":"https:\/\/ednc.secteur-palaiseau.fr\/index.php?rest_route=\/wp\/v2\/posts\/3802"}],"collection":[{"href":"https:\/\/ednc.secteur-palaiseau.fr\/index.php?rest_route=\/wp\/v2\/posts"}],"about":[{"href":"https:\/\/ednc.secteur-palaiseau.fr\/index.php?rest_route=\/wp\/v2\/types\/post"}],"author":[{"embeddable":true,"href":"https:\/\/ednc.secteur-palaiseau.fr\/index.php?rest_route=\/wp\/v2\/users\/7"}],"replies":[{"embeddable":true,"href":"https:\/\/ednc.secteur-palaiseau.fr\/index.php?rest_route=%2Fwp%2Fv2%2Fcomments&post=3802"}],"version-history":[{"count":35,"href":"https:\/\/ednc.secteur-palaiseau.fr\/index.php?rest_route=\/wp\/v2\/posts\/3802\/revisions"}],"predecessor-version":[{"id":4360,"href":"https:\/\/ednc.secteur-palaiseau.fr\/index.php?rest_route=\/wp\/v2\/posts\/3802\/revisions\/4360"}],"wp:featuredmedia":[{"embeddable":true,"href":"https:\/\/ednc.secteur-palaiseau.fr\/index.php?rest_route=\/wp\/v2\/media\/3810"}],"wp:attachment":[{"href":"https:\/\/ednc.secteur-palaiseau.fr\/index.php?rest_route=%2Fwp%2Fv2%2Fmedia&parent=3802"}],"wp:term":[{"taxonomy":"category","embeddable":true,"href":"https:\/\/ednc.secteur-palaiseau.fr\/index.php?rest_route=%2Fwp%2Fv2%2Fcategories&post=3802"},{"taxonomy":"post_tag","embeddable":true,"href":"https:\/\/ednc.secteur-palaiseau.fr\/index.php?rest_route=%2Fwp%2Fv2%2Ftags&post=3802"}],"curies":[{"name":"wp","href":"https:\/\/api.w.org\/{rel}","templated":true}]}}