{"id":3778,"date":"2022-11-23T18:00:12","date_gmt":"2022-11-23T17:00:12","guid":{"rendered":"https:\/\/ednc.secteur-palaiseau.fr\/?p=3778"},"modified":"2022-11-24T22:24:24","modified_gmt":"2022-11-24T21:24:24","slug":"votre-mission-si-vous-lacceptez-solidarite","status":"publish","type":"post","link":"https:\/\/ednc.secteur-palaiseau.fr\/?p=3778","title":{"rendered":"Votre Mission : Solidarit\u00e9 ! (si vous l&rsquo;acceptez)"},"content":{"rendered":"\t\t<div data-elementor-type=\"wp-post\" data-elementor-id=\"3778\" class=\"elementor elementor-3778\">\n\t\t\t\t\t\t\t\t\t<section class=\"elementor-section elementor-top-section elementor-element elementor-element-3d7383c2 elementor-section-boxed elementor-section-height-default elementor-section-height-default\" data-id=\"3d7383c2\" data-element_type=\"section\">\n\t\t\t\t\t\t<div class=\"elementor-container elementor-column-gap-default\">\n\t\t\t\t\t<div class=\"elementor-column elementor-col-100 elementor-top-column elementor-element elementor-element-7a976c15\" data-id=\"7a976c15\" data-element_type=\"column\">\n\t\t\t<div class=\"elementor-widget-wrap elementor-element-populated\">\n\t\t\t\t\t\t\t\t<div class=\"elementor-element elementor-element-3bf050e5 elementor-widget elementor-widget-text-editor\" data-id=\"3bf050e5\" data-element_type=\"widget\" data-widget_type=\"text-editor.default\">\n\t\t\t\t<div class=\"elementor-widget-container\">\n\t\t\t\t\t\t\t<p><em><strong>Jean-Louis Coullon<\/strong><\/em><\/p><p><b style=\"font-family: var( --e-global-typography-text-font-family ), Sans-serif; font-size: 1rem;\"><span style=\"font-family: 'Arial',sans-serif; mso-fareast-font-family: 'Times New Roman'; color: black; mso-fareast-language: FR;\">Solidarit\u00e9 &#8211; Charit\u00e9\u00a0: urgence<\/span><\/b><\/p><p style=\"margin-bottom: .0001pt; line-height: normal;\"><span style=\"font-family: 'Arial',sans-serif; mso-fareast-font-family: 'Times New Roman'; color: black; mso-fareast-language: FR;\">\u00a0<\/span><span style=\"color: black; font-family: Arial, sans-serif; font-weight: var( --e-global-typography-text-font-weight ); font-size: 1rem;\">Cette ann\u00e9e, les actes du synode 2022 nous appellent sans ambig\u00fcit\u00e9 aux fondamentaux de notre mission de Chr\u00e9tien. Dans la synth\u00e8se des grands th\u00e8mes retenus, on retrouve en particulier \u00ab\u00a0Vivre la Fraternit\u00e9\u00a0\u00bb, \u00ab\u00a0Faire de la Solidarit\u00e9 l\u2019affaire de tous\u00a0\u00bb, qui sont des reformulations modernis\u00e9es de la vertu de Charit\u00e9, dont St Paul parle avec autant de force\u00a0:<\/span><\/p><p style=\"margin-bottom: .0001pt; line-height: normal;\"><span style=\"font-family: 'Arial',sans-serif; mso-fareast-font-family: 'Times New Roman'; color: black; mso-fareast-language: FR;\">\u00a0<\/span><\/p><p style=\"margin-bottom: .0001pt; line-height: normal;\"><span style=\"font-family: 'Arial',sans-serif; mso-fareast-font-family: 'Times New Roman'; color: black; mso-fareast-language: FR;\">\u00ab\u00a0Si je n\u2019ai pas la charit\u00e9, s\u2019il me manque l\u2019amour, je ne suis qu\u2019un cuivre qui r\u00e9sonne, une cymbale retentissante.\u00a0\u00bb<\/span><\/p><p style=\"margin-bottom: .0001pt; line-height: normal;\"><span style=\"font-family: 'Arial',sans-serif; mso-fareast-font-family: 'Times New Roman'; color: black; mso-fareast-language: FR;\">\u00a0<\/span><\/p><p style=\"margin-bottom: .0001pt; line-height: normal;\"><span style=\"font-family: 'Arial',sans-serif; mso-fareast-font-family: 'Times New Roman'; color: black; mso-fareast-language: FR;\">\u00ab Ce qui demeure aujourd&rsquo;hui,\u00a0c&rsquo;est\u00a0la\u00a0foi, l&rsquo;esp\u00e9rance\u00a0et la\u00a0charit\u00e9\u00a0; mais la plus grande des trois,\u00a0c&rsquo;est la charit\u00e9\u00a0\u00bb (1 Co 13,13)<\/span><\/p><p style=\"margin-bottom: .0001pt; line-height: normal;\"><span style=\"font-family: 'Arial',sans-serif; mso-fareast-font-family: 'Times New Roman'; color: black; mso-fareast-language: FR;\">\u00a0<\/span><\/p><p style=\"margin-bottom: .0001pt; line-height: normal;\"><span style=\"font-family: 'Arial',sans-serif; mso-fareast-font-family: 'Times New Roman'; color: black; mso-fareast-language: FR;\">Dans le d\u00e9cret D22 du Synode dioc\u00e9sain, on trouve\u00a0: <i>Les structures dioc\u00e9saines, de secteur, de paroisses, veilleront \u00e0 passer de \u00ab\u00a0la d\u00e9l\u00e9gation \u00e0 des sp\u00e9cialistes des solidarit\u00e9s-\u00e9cologie\u00a0\u00bb \u00e0 \u00ab\u00a0une responsabilit\u00e9 personnelle de chaque baptis\u00e9\u00a0\u00bb<\/i>. <\/span><\/p><p style=\"margin-bottom: .0001pt; line-height: normal;\"><span style=\"font-family: 'Arial',sans-serif; mso-fareast-font-family: 'Times New Roman'; color: black; mso-fareast-language: FR;\">\u00a0<\/span><\/p><p style=\"margin-bottom: .0001pt; line-height: normal;\"><span style=\"font-family: 'Arial',sans-serif; mso-fareast-font-family: 'Times New Roman'; color: black; mso-fareast-language: FR;\">C\u2019est donc bien d\u2019une action de conversion personnelle dont il est question. Le pauvre n\u2019est pas l\u2019objet de ma g\u00e9n\u00e9rosit\u00e9, mais celui qui me parle de J\u00e9sus.<\/span><\/p><p style=\"margin-bottom: .0001pt; line-height: normal;\"><span style=\"font-family: 'Arial',sans-serif; mso-fareast-font-family: 'Times New Roman'; color: black; mso-fareast-language: FR;\">\u00a0<\/span><\/p><p style=\"margin-bottom: .0001pt; line-height: normal;\"><span style=\"font-family: 'Arial',sans-serif; mso-fareast-font-family: 'Times New Roman'; color: black; mso-fareast-language: FR;\">\u00a0<\/span><\/p><p style=\"margin-bottom: .0001pt; line-height: normal;\"><b><span style=\"font-family: 'Arial',sans-serif; mso-fareast-font-family: 'Times New Roman'; color: black; mso-fareast-language: FR;\">La Mission Solidarit\u00e9\u00a0du Secteur <\/span><\/b><\/p><p style=\"margin-bottom: .0001pt; line-height: normal;\"><span style=\"font-family: 'Arial',sans-serif; mso-fareast-font-family: 'Times New Roman'; color: black; mso-fareast-language: FR;\">\u00a0<\/span><\/p><p style=\"margin-bottom: .0001pt; line-height: normal;\"><span style=\"font-family: 'Arial',sans-serif; mso-fareast-font-family: 'Times New Roman'; color: black; mso-fareast-language: FR;\">Pour nous aider \u00e0 vivifier cette charit\u00e9 dans nos paroisses, le Conseil Solidarit\u00e9 du secteur de Palaiseau existe depuis 2010 comme \u00ab\u00a0<\/span><i><span style=\"font-family: Arial, sans-serif; color: #202124; background-image: initial; background-position: initial; background-size: initial; background-repeat: initial; background-attachment: initial; background-origin: initial; background-clip: initial;\">moteur qui invite les chr\u00e9tiens \u00e0 \u00eatre \u00e0 l\u2019\u00e9coute de la pauvret\u00e9 et des isol\u00e9s du monde<\/span><\/i><span style=\"font-family: Arial, sans-serif; color: #202124; background-image: initial; background-position: initial; background-size: initial; background-repeat: initial; background-attachment: initial; background-origin: initial; background-clip: initial;\">\u00a0\u00bb, comme le dit Marie-Claude Chesneau la co-responsable du Conseil. <\/span><\/p><p style=\"margin-bottom: .0001pt; line-height: normal;\"><span style=\"font-family: 'Arial',sans-serif; mso-fareast-font-family: 'Times New Roman'; color: black; mso-fareast-language: FR;\">Le Conseil comprend 18 membres qui agissent ici dans nos quartiers, aupr\u00e8s des plus fragiles de nos fr\u00e8res, dans des structures d&rsquo;\u00c9glise ou dans des associations non confessionnelles.<\/span><\/p><p style=\"margin-bottom: .0001pt; line-height: normal;\"><span style=\"font-family: 'Arial',sans-serif; mso-fareast-font-family: 'Times New Roman'; color: black; mso-fareast-language: FR;\">\u00a0<\/span><\/p><p style=\"margin-bottom: .0001pt; line-height: normal;\"><span style=\"font-family: 'Arial',sans-serif; mso-fareast-font-family: 'Times New Roman'; color: black; mso-fareast-language: FR;\">Pour nous aider \u00e0 r\u00e9pondre \u00e0 cette urgence de l\u2019engagement, le Conseil profite de ce contexte de synode pour rappeler toutes les propositions d\u2019actions qui sont offertes sur le secteur\u00a0:<\/span><\/p><p style=\"mso-add-space: auto; text-indent: -18.0pt; line-height: normal; mso-list: l0 level1 lfo1; margin: 0cm 0cm .0001pt 53.4pt;\"><!-- [if !supportLists]--><span style=\"font-size: 12.0pt; font-family: 'Arial',sans-serif; mso-fareast-font-family: Arial; mso-fareast-language: FR;\">&#8211;<span style=\"font-variant-numeric: normal; font-variant-east-asian: normal; font-stretch: normal; font-size: 7pt; line-height: normal; font-family: 'Times New Roman';\">\u00a0\u00a0\u00a0\u00a0\u00a0\u00a0 <\/span><\/span><!--[endif]--><span style=\"font-family: 'Arial',sans-serif; mso-fareast-font-family: 'Times New Roman'; color: black; mso-fareast-language: FR;\">Secours Catholique, avec une \u00e9quipe dans chaque groupement paroissial\u00a0: accueil, aide alimentaire, soutien scolaire etc \u2026<\/span><\/p><p style=\"mso-add-space: auto; text-indent: -18.0pt; line-height: normal; mso-list: l0 level1 lfo1; margin: 0cm 0cm .0001pt 53.4pt;\"><!-- [if !supportLists]--><span style=\"font-size: 12.0pt; font-family: 'Arial',sans-serif; mso-fareast-font-family: Arial; mso-fareast-language: FR;\">&#8211;<span style=\"font-variant-numeric: normal; font-variant-east-asian: normal; font-stretch: normal; font-size: 7pt; line-height: normal; font-family: 'Times New Roman';\">\u00a0\u00a0\u00a0\u00a0\u00a0\u00a0 <\/span><\/span><!--[endif]--><span style=\"font-family: 'Arial',sans-serif; mso-fareast-font-family: 'Times New Roman'; color: black; mso-fareast-language: FR;\">Soci\u00e9t\u00e9 Saint Vincent de Paul (SSVP)\u00a0: visite aux malades, personnes seules et aide mat\u00e9rielle si besoin<\/span><\/p><p style=\"mso-add-space: auto; text-indent: -18.0pt; line-height: normal; mso-list: l0 level1 lfo1; margin: 0cm 0cm .0001pt 53.4pt;\"><!-- [if !supportLists]--><span style=\"font-size: 12.0pt; font-family: 'Arial',sans-serif; mso-fareast-font-family: Arial; mso-fareast-language: FR;\">&#8211;<span style=\"font-variant-numeric: normal; font-variant-east-asian: normal; font-stretch: normal; font-size: 7pt; line-height: normal; font-family: 'Times New Roman';\">\u00a0\u00a0\u00a0\u00a0\u00a0\u00a0 <\/span><\/span><!--[endif]--><span style=\"font-family: 'Arial',sans-serif; mso-fareast-font-family: 'Times New Roman'; color: black; mso-fareast-language: FR;\">Petits fr\u00e8res des pauvres (m\u00eame action que SSVP)<\/span><\/p><p style=\"mso-add-space: auto; text-indent: -18.0pt; line-height: normal; mso-list: l0 level1 lfo1; margin: 0cm 0cm .0001pt 53.4pt;\"><!-- [if !supportLists]--><span style=\"font-size: 12.0pt; font-family: 'Arial',sans-serif; mso-fareast-font-family: Arial; mso-fareast-language: FR;\">&#8211;<span style=\"font-variant-numeric: normal; font-variant-east-asian: normal; font-stretch: normal; font-size: 7pt; line-height: normal; font-family: 'Times New Roman';\">\u00a0\u00a0\u00a0\u00a0\u00a0\u00a0 <\/span><\/span><!--[endif]--><span style=\"font-family: 'Arial',sans-serif; mso-fareast-font-family: 'Times New Roman'; color: black; mso-fareast-language: FR;\">Solidarit\u00e9s Nouvelles pour le Logement (SNL)<\/span><\/p><p style=\"mso-add-space: auto; text-indent: -18.0pt; line-height: normal; mso-list: l0 level1 lfo1; margin: 0cm 0cm .0001pt 53.4pt;\"><!-- [if !supportLists]--><span style=\"font-size: 12.0pt; font-family: 'Arial',sans-serif; mso-fareast-font-family: Arial; mso-fareast-language: FR;\">&#8211;<span style=\"font-variant-numeric: normal; font-variant-east-asian: normal; font-stretch: normal; font-size: 7pt; line-height: normal; font-family: 'Times New Roman';\">\u00a0\u00a0\u00a0\u00a0\u00a0\u00a0 <\/span><\/span><!--[endif]--><span style=\"font-family: 'Arial',sans-serif; mso-fareast-font-family: 'Times New Roman'; color: black; mso-fareast-language: FR;\">Comit\u00e9 d\u2019Entraide de Villebon-Palaiseau\u00a0: accueil et accompagnement des r\u00e9fugi\u00e9s et migrants<\/span><\/p><p style=\"mso-add-space: auto; text-indent: -18.0pt; line-height: normal; mso-list: l0 level1 lfo1; margin: 0cm 0cm .0001pt 53.4pt;\"><!-- [if !supportLists]--><span style=\"font-size: 12.0pt; font-family: 'Arial',sans-serif; mso-fareast-font-family: Arial; mso-fareast-language: FR;\">&#8211;<span style=\"font-variant-numeric: normal; font-variant-east-asian: normal; font-stretch: normal; font-size: 7pt; line-height: normal; font-family: 'Times New Roman';\">\u00a0\u00a0\u00a0\u00a0\u00a0\u00a0 <\/span><\/span><!--[endif]--><span style=\"font-family: 'Arial',sans-serif; mso-fareast-font-family: 'Times New Roman'; color: black; mso-fareast-language: FR;\">Vestiaire d\u2019Igny\u00a0: fourniture de v\u00eatements et chaussures<\/span><\/p><p style=\"mso-add-space: auto; text-indent: -18.0pt; line-height: normal; mso-list: l0 level1 lfo1; margin: 0cm 0cm .0001pt 53.4pt;\"><!-- [if !supportLists]--><span style=\"font-size: 12.0pt; font-family: 'Arial',sans-serif; mso-fareast-font-family: Arial; mso-fareast-language: FR;\">&#8211;<span style=\"font-variant-numeric: normal; font-variant-east-asian: normal; font-stretch: normal; font-size: 7pt; line-height: normal; font-family: 'Times New Roman';\">\u00a0\u00a0\u00a0\u00a0\u00a0\u00a0 <\/span><\/span><!--[endif]--><span style=\"font-family: 'Arial',sans-serif; mso-fareast-font-family: 'Times New Roman'; color: black; mso-fareast-language: FR;\">Territoire \u2018\u20190 ch\u00f4meurs\u201d\u00a0: insertion de demandeurs d\u2019emploi en compl\u00e9ment de P\u00f4le emploi<\/span><\/p><p style=\"mso-add-space: auto; text-indent: -18.0pt; line-height: normal; mso-list: l0 level1 lfo1; margin: 0cm 0cm .0001pt 53.4pt;\"><!-- [if !supportLists]--><span style=\"font-size: 12.0pt; font-family: 'Arial',sans-serif; mso-fareast-font-family: Arial; mso-fareast-language: FR;\">&#8211;<span style=\"font-variant-numeric: normal; font-variant-east-asian: normal; font-stretch: normal; font-size: 7pt; line-height: normal; font-family: 'Times New Roman';\">\u00a0\u00a0\u00a0\u00a0\u00a0\u00a0 <\/span><\/span><!--[endif]--><span style=\"font-family: 'Arial',sans-serif; mso-fareast-font-family: 'Times New Roman'; color: black; mso-fareast-language: FR;\">Satellite\u00a0: soutien scolaire et accompagnement de jeunes en difficult\u00e9<\/span><\/p><p style=\"mso-add-space: auto; text-indent: -18.0pt; line-height: normal; mso-list: l0 level1 lfo1; margin: 0cm 0cm .0001pt 53.4pt;\"><span style=\"color: black; font-family: Arial, sans-serif; text-indent: -18pt; font-weight: var( --e-global-typography-text-font-weight ); font-size: 1rem;\">&#8211;\u00a0 \u00a0 Dire-Lire: cours d&rsquo;alphab\u00e9tisation et de Fran\u00e7ais Langue Etrang\u00e8re (FLE) pour adultes<\/span><\/p><p style=\"mso-add-space: auto; text-indent: -18.0pt; line-height: normal; mso-list: l0 level1 lfo1; margin: 0cm 0cm .0001pt 53.4pt;\"><!-- [if !supportLists]--><span style=\"font-size: 12.0pt; font-family: 'Arial',sans-serif; mso-fareast-font-family: Arial; mso-fareast-language: FR;\">&#8211;<span style=\"font-variant-numeric: normal; font-variant-east-asian: normal; font-stretch: normal; font-size: 7pt; line-height: normal; font-family: 'Times New Roman';\">\u00a0\u00a0\u00a0\u00a0\u00a0\u00a0 <\/span><\/span><!--[endif]--><span style=\"font-family: 'Arial',sans-serif; mso-fareast-font-family: 'Times New Roman'; color: black; mso-fareast-language: FR;\">R\u00e9seau de fraternit\u00e9 Arc en ciel : cr\u00e9er du lien par l\u2019organisation de repas, d\u2019apr\u00e8s midi jeux, go\u00fbters etc. aide ponctuelles pour petits d\u00e9pannages gratuits<\/span><\/p><p style=\"mso-add-space: auto; text-indent: -18.0pt; line-height: normal; mso-list: l0 level1 lfo1; margin: 0cm 0cm .0001pt 53.4pt;\"><!-- [if !supportLists]--><span style=\"font-family: 'Arial',sans-serif; mso-fareast-font-family: Arial; color: black; mso-fareast-language: FR;\">&#8211;<span style=\"font-variant-numeric: normal; font-variant-east-asian: normal; font-stretch: normal; font-size: 7pt; line-height: normal; font-family: 'Times New Roman';\">\u00a0\u00a0\u00a0\u00a0\u00a0\u00a0 <\/span><\/span><!--[endif]--><span style=\"font-family: 'Arial',sans-serif; mso-fareast-font-family: 'Times New Roman'; color: black; mso-fareast-language: FR;\">Equipe d\u2019animation de messe dominicale aupr\u00e8s des chr\u00e9tiens d\u00e9tenus \u00e0 Fleury M\u00e9rogis<\/span><\/p><p style=\"mso-add-space: auto; text-indent: -18.0pt; line-height: normal; mso-list: l0 level1 lfo1; margin: 0cm 0cm .0001pt 53.4pt;\"><!-- [if !supportLists]--><span style=\"font-family: 'Arial',sans-serif; mso-fareast-font-family: Arial; color: black; mso-fareast-language: FR;\">&#8211;<span style=\"font-variant-numeric: normal; font-variant-east-asian: normal; font-stretch: normal; font-size: 7pt; line-height: normal; font-family: 'Times New Roman';\">\u00a0\u00a0\u00a0\u00a0\u00a0\u00a0 <\/span><\/span><!--[endif]--><span style=\"font-family: 'Arial',sans-serif; mso-fareast-font-family: 'Times New Roman'; color: black; mso-fareast-language: FR;\">Emma\u00fcs Connect\u00a0: assistance num\u00e9rique pour les plus d\u00e9munis.<\/span><\/p><p style=\"margin-bottom: .0001pt; line-height: normal;\"><span style=\"font-family: 'Arial',sans-serif; mso-fareast-font-family: 'Times New Roman'; color: black; mso-fareast-language: FR;\">\u00a0<\/span><\/p><p style=\"margin-bottom: .0001pt; line-height: normal;\"><span style=\"font-family: 'Arial',sans-serif; mso-fareast-font-family: 'Times New Roman'; color: black; mso-fareast-language: FR;\">Quelque soit votre niveau de disponibilit\u00e9, il existe une action pour vous \u2026 Contactez <a href=\"mailto:chesneau.mc@gmail.com\">chesneau.mc@gmail.com<\/a> au 06 67 53 51 83 ou <a href=\"mailto:fb.favitski@gmail.com\">fb.favitski@gmail.com<\/a> au 06 03 28 66 71.<\/span><\/p><p style=\"margin-bottom: .0001pt; line-height: normal;\"><span style=\"font-family: 'Arial',sans-serif; mso-fareast-font-family: 'Times New Roman'; color: black; mso-fareast-language: FR;\">\u00a0<\/span><\/p><p style=\"margin-bottom: .0001pt; line-height: normal;\"><span style=\"font-family: 'Arial',sans-serif; mso-fareast-font-family: 'Times New Roman'; color: black; mso-fareast-language: FR;\">Site web\u00a0: <a href=\"https:\/\/www.secteur-palaiseau.fr\/sentraider\/conseil-des-solidarites\/\">R\u00e9sum\u00e9 et actualit\u00e9 du Conseil Solidarit\u00e9<\/a><\/span><\/p><p style=\"margin-bottom: .0001pt; line-height: normal;\"><span style=\"font-family: 'Arial',sans-serif; mso-fareast-font-family: 'Times New Roman'; color: black; mso-fareast-language: FR;\">\u00a0<\/span><\/p><p style=\"margin-bottom: .0001pt; line-height: normal;\"><span style=\"font-family: 'Arial',sans-serif; mso-fareast-font-family: 'Times New Roman'; color: black; mso-fareast-language: FR;\">\u00a0<\/span><\/p><p style=\"margin-bottom: .0001pt; line-height: normal;\"><b><span style=\"font-family: 'Arial',sans-serif; mso-fareast-font-family: 'Times New Roman'; color: black; mso-fareast-language: FR;\">Solidarit\u00e9 et Ecologie<\/span><\/b><\/p><p style=\"margin-bottom: .0001pt; line-height: normal;\"><span style=\"font-family: 'Arial',sans-serif; mso-fareast-font-family: 'Times New Roman'; color: black; mso-fareast-language: FR;\">\u00a0<\/span><\/p><p style=\"margin-bottom: .0001pt; line-height: normal;\"><span style=\"font-family: Arial, sans-serif; color: #202124; background-image: initial; background-position: initial; background-size: initial; background-repeat: initial; background-attachment: initial; background-origin: initial; background-clip: initial;\">Le <\/span><span style=\"font-family: 'Arial',sans-serif; mso-fareast-font-family: 'Times New Roman'; color: black; mso-fareast-language: FR;\">Conseil Solidarit\u00e9 <\/span><span style=\"font-family: Arial, sans-serif; color: #202124; background-image: initial; background-position: initial; background-size: initial; background-repeat: initial; background-attachment: initial; background-origin: initial; background-clip: initial;\">ne nous propose pas seulement de \u00ab\u00a0faire\u00a0\u00bb. La pr\u00e9sence du diacre Fran\u00e7ois, \u00e9galement co-responsable de ce Conseil, est un encouragement \u00e0 m\u00e9diter, donner du sens, et nous convertir \u00e0 cette priorit\u00e9 de charit\u00e9. C\u2019est bien s\u00fbr en droite ligne avec les exhortations du pape Fran\u00e7ois dans son encyclique Fratelli Tutti, mais aussi dans l\u2019encyclique Laudato Si<\/span><span style=\"font-family: 'Arial',sans-serif; mso-fareast-font-family: 'Times New Roman'; color: black; mso-fareast-language: FR;\">, <\/span><span style=\"font-family: Arial, sans-serif; color: #202124; background-image: initial; background-position: initial; background-size: initial; background-repeat: initial; background-attachment: initial; background-origin: initial; background-clip: initial;\">o\u00f9 le souci de la nature et de l\u2019humain se fondent dans ce que le pape Fran\u00e7ois nomme l\u2019\u00e9cologie int\u00e9grale.<\/span><\/p><p style=\"margin-bottom: .0001pt; line-height: normal;\"><span style=\"font-family: 'Arial',sans-serif; mso-fareast-font-family: 'Times New Roman'; color: black; mso-fareast-language: FR;\">De ce fait, le Conseil s\u2019est \u00e9tendu r\u00e9cemment avec une nouvelle appellation \u00ab\u00a0Conseil Solidarit\u00e9 et Ecologie\u00a0\u00bb.<\/span><\/p><p style=\"margin-bottom: .0001pt; line-height: normal;\"><span style=\"font-family: 'Arial',sans-serif; mso-fareast-font-family: 'Times New Roman'; color: black; mso-fareast-language: FR;\">\u00a0<\/span><\/p><p style=\"margin-bottom: .0001pt; line-height: normal;\"><span style=\"font-family: 'Arial',sans-serif; mso-fareast-font-family: 'Times New Roman'; color: black; mso-fareast-language: FR;\">Lors de la derni\u00e8re <a href=\"https:\/\/ednc.secteur-palaiseau.fr\/?p=2904\">F\u00eate de la Nature \u00e0 Loz\u00e8re en mai 2022<\/a>, outre divers ateliers comme \u00ab\u00a0semis\u00a0et plantes \u00bb, une table ronde r\u00e9unissait les repr\u00e9sentants des mouvements pr\u00e9sents sur le groupement et \u0153uvrant dans le domaine de la solidarit\u00e9. Chacun de ces mouvements se pr\u00e9sente en quelques lignes, avec les informations de contact, dans les liens ci-dessous\u00a0:<\/span><\/p><p style=\"margin-bottom: .0001pt; line-height: normal;\"><span style=\"font-family: 'Arial',sans-serif; mso-fareast-font-family: 'Times New Roman'; color: black; mso-fareast-language: FR;\">\u00a0<\/span><\/p><p style=\"margin-bottom: .0001pt; line-height: normal;\">\u00a0<\/p>\t\t\t\t\t\t<\/div>\n\t\t\t\t<\/div>\n\t\t\t\t\t<\/div>\n\t\t<\/div>\n\t\t\t\t\t\t\t<\/div>\n\t\t<\/section>\n\t\t\t\t<section class=\"elementor-section elementor-top-section elementor-element elementor-element-599a8f4 elementor-section-boxed elementor-section-height-default elementor-section-height-default\" data-id=\"599a8f4\" data-element_type=\"section\">\n\t\t\t\t\t\t<div class=\"elementor-container elementor-column-gap-default\">\n\t\t\t\t\t<div class=\"elementor-column elementor-col-50 elementor-top-column elementor-element elementor-element-63574a3\" data-id=\"63574a3\" data-element_type=\"column\">\n\t\t\t<div class=\"elementor-widget-wrap elementor-element-populated\">\n\t\t\t\t\t\t\t\t<div class=\"elementor-element elementor-element-ff8a9cb elementor-widget elementor-widget-text-editor\" data-id=\"ff8a9cb\" data-element_type=\"widget\" data-widget_type=\"text-editor.default\">\n\t\t\t\t<div class=\"elementor-widget-container\">\n\t\t\t\t\t\t\t<p>Document\u00a0:\u00a0<a href=\"https:\/\/www.secteur-palaiseau.fr\/wp-content\/uploads\/2022\/05\/TableRonde_V6.pdf?utm_source=sendinblue&amp;utm_campaign=Lettre%20Hebdo%20LVV%2021-22%20Mai%202022&amp;utm_medium=email\">Pr\u00e9sentations et contacts des mouvements caritatifs locaux<\/a>.<\/p><p>Site web\u00a0:\u00a0<a href=\"https:\/\/www.secteur-palaiseau.fr\/secteur-et-paroisses\/lozere-villebon-villejust\/1732-2-2\/sentraider-ecologie-a-lvv\/\">R\u00e9sum\u00e9 et actualit\u00e9 du groupe Laudato Si<\/a>.<\/p><p>Article EDNC de notre diacre Fran\u00e7ois\u00a0:\u00a0<a href=\"https:\/\/ednc.secteur-palaiseau.fr\/?p=2807\">Un Amour Int\u00e9gral<\/a><\/p>\t\t\t\t\t\t<\/div>\n\t\t\t\t<\/div>\n\t\t\t\t\t<\/div>\n\t\t<\/div>\n\t\t\t\t<div class=\"elementor-column elementor-col-50 elementor-top-column elementor-element elementor-element-c49471f\" data-id=\"c49471f\" data-element_type=\"column\">\n\t\t\t<div class=\"elementor-widget-wrap elementor-element-populated\">\n\t\t\t\t\t\t\t\t<div class=\"elementor-element elementor-element-b49a011 elementor-widget elementor-widget-image\" data-id=\"b49a011\" data-element_type=\"widget\" data-widget_type=\"image.default\">\n\t\t\t\t<div class=\"elementor-widget-container\">\n\t\t\t\t\t\t\t\t\t\t\t\t\t\t\t<img decoding=\"async\" loading=\"lazy\" width=\"290\" height=\"247\" src=\"https:\/\/ednc.secteur-palaiseau.fr\/wp-content\/uploads\/2022\/05\/amour_inegral.jpg\" class=\"attachment-large size-large wp-image-3360\" alt=\"\" \/>\t\t\t\t\t\t\t\t\t\t\t\t\t\t\t<\/div>\n\t\t\t\t<\/div>\n\t\t\t\t\t<\/div>\n\t\t<\/div>\n\t\t\t\t\t\t\t<\/div>\n\t\t<\/section>\n\t\t\t\t\t\t\t<\/div>\n\t\t","protected":false},"excerpt":{"rendered":"<p>Jean-Louis Coullon<br \/>\nDans le d\u00e9cret D22 du Synode dioc\u00e9sain, on lit: Les structures dioc\u00e9saines, de secteur, de paroisses, veilleront \u00e0 passer de \u00ab la d\u00e9l\u00e9gation \u00e0 des sp\u00e9cialistes des solidarit\u00e9s-\u00e9cologie \u00bb \u00e0 \u00ab une responsabilit\u00e9 personnelle de chaque baptis\u00e9 \u00bb.<br \/>\nC\u2019est donc bien d\u2019une action de conversion personnelle dont il est question. Le pauvre n\u2019est pas l\u2019objet de ma g\u00e9n\u00e9rosit\u00e9, mais celui qui me parle de J\u00e9sus.<br \/>\nLe Conseil des Solidarit\u00e9s du secteur vous fait des propositions de missions, pas Impossibles du tout !<\/p>\n","protected":false},"author":9,"featured_media":4178,"comment_status":"closed","ping_status":"closed","sticky":false,"template":"","format":"standard","meta":{"footnotes":""},"categories":[4],"tags":[],"_links":{"self":[{"href":"https:\/\/ednc.secteur-palaiseau.fr\/index.php?rest_route=\/wp\/v2\/posts\/3778"}],"collection":[{"href":"https:\/\/ednc.secteur-palaiseau.fr\/index.php?rest_route=\/wp\/v2\/posts"}],"about":[{"href":"https:\/\/ednc.secteur-palaiseau.fr\/index.php?rest_route=\/wp\/v2\/types\/post"}],"author":[{"embeddable":true,"href":"https:\/\/ednc.secteur-palaiseau.fr\/index.php?rest_route=\/wp\/v2\/users\/9"}],"replies":[{"embeddable":true,"href":"https:\/\/ednc.secteur-palaiseau.fr\/index.php?rest_route=%2Fwp%2Fv2%2Fcomments&post=3778"}],"version-history":[{"count":12,"href":"https:\/\/ednc.secteur-palaiseau.fr\/index.php?rest_route=\/wp\/v2\/posts\/3778\/revisions"}],"predecessor-version":[{"id":4188,"href":"https:\/\/ednc.secteur-palaiseau.fr\/index.php?rest_route=\/wp\/v2\/posts\/3778\/revisions\/4188"}],"wp:featuredmedia":[{"embeddable":true,"href":"https:\/\/ednc.secteur-palaiseau.fr\/index.php?rest_route=\/wp\/v2\/media\/4178"}],"wp:attachment":[{"href":"https:\/\/ednc.secteur-palaiseau.fr\/index.php?rest_route=%2Fwp%2Fv2%2Fmedia&parent=3778"}],"wp:term":[{"taxonomy":"category","embeddable":true,"href":"https:\/\/ednc.secteur-palaiseau.fr\/index.php?rest_route=%2Fwp%2Fv2%2Fcategories&post=3778"},{"taxonomy":"post_tag","embeddable":true,"href":"https:\/\/ednc.secteur-palaiseau.fr\/index.php?rest_route=%2Fwp%2Fv2%2Ftags&post=3778"}],"curies":[{"name":"wp","href":"https:\/\/api.w.org\/{rel}","templated":true}]}}