{"id":3768,"date":"2022-11-23T16:00:11","date_gmt":"2022-11-23T15:00:11","guid":{"rendered":"https:\/\/ednc.secteur-palaiseau.fr\/?p=3768"},"modified":"2022-11-24T22:24:24","modified_gmt":"2022-11-24T21:24:24","slug":"messe-de-rentree-du-groupement-bievres-igny-vauhallan","status":"publish","type":"post","link":"https:\/\/ednc.secteur-palaiseau.fr\/?p=3768","title":{"rendered":"Messe de rentr\u00e9e du groupement Bi\u00e8vres-Igny-Vauhallan"},"content":{"rendered":"\n<h5 class=\"wp-block-heading\"><strong><em>Solange C<\/em><\/strong>ardinal<\/h5>\n\n\n\n<p>En ce d\u00e9but d\u2019ann\u00e9e scolaire, le 18 septembre nous \u00e9tions tous invit\u00e9s \u00e0 St Jean Bosco pour chanter, c\u00e9l\u00e9brer, \u00eatre en communion les uns avec les autres, avec les enfants du cat\u00e9chisme et leurs parents, avec les anciens et les nouveaux paroissiens de nos trois paroisses.<\/p>\n\n\n\n<p>Une \u00e9norme malle remplie des tr\u00e9sors d\u2019une paroisse a capt\u00e9 l\u2019attention de tous au moment de l\u2019hom\u00e9lie. De nombreux objets en sont sortis repr\u00e9sentants les diff\u00e9rents service.<\/p>\n\n\n\n<figure class=\"wp-block-image size-large\"><img decoding=\"async\" loading=\"lazy\" width=\"1024\" height=\"771\" src=\"https:\/\/ednc.secteur-palaiseau.fr\/wp-content\/uploads\/2022\/11\/rentree-1-1024x771.jpeg\" alt=\"\" class=\"wp-image-3840\" srcset=\"https:\/\/ednc.secteur-palaiseau.fr\/wp-content\/uploads\/2022\/11\/rentree-1-1024x771.jpeg 1024w, https:\/\/ednc.secteur-palaiseau.fr\/wp-content\/uploads\/2022\/11\/rentree-1-300x226.jpeg 300w, https:\/\/ednc.secteur-palaiseau.fr\/wp-content\/uploads\/2022\/11\/rentree-1-768x578.jpeg 768w, https:\/\/ednc.secteur-palaiseau.fr\/wp-content\/uploads\/2022\/11\/rentree-1-1536x1157.jpeg 1536w, https:\/\/ednc.secteur-palaiseau.fr\/wp-content\/uploads\/2022\/11\/rentree-1.jpeg 2040w\" sizes=\"(max-width: 1024px) 100vw, 1024px\" \/><\/figure>\n\n\n\n<p>Le Notre P\u00e8re a rassembl\u00e9 tous les enfants autour de l\u2019autel en une joyeuse \u00e9quipe.<\/p>\n\n\n\n<figure class=\"wp-block-image size-large\"><img decoding=\"async\" loading=\"lazy\" width=\"1024\" height=\"768\" src=\"https:\/\/ednc.secteur-palaiseau.fr\/wp-content\/uploads\/2022\/11\/rentree-2-1024x768.jpeg\" alt=\"\" class=\"wp-image-3839\" srcset=\"https:\/\/ednc.secteur-palaiseau.fr\/wp-content\/uploads\/2022\/11\/rentree-2-1024x768.jpeg 1024w, https:\/\/ednc.secteur-palaiseau.fr\/wp-content\/uploads\/2022\/11\/rentree-2-300x225.jpeg 300w, https:\/\/ednc.secteur-palaiseau.fr\/wp-content\/uploads\/2022\/11\/rentree-2-768x576.jpeg 768w, https:\/\/ednc.secteur-palaiseau.fr\/wp-content\/uploads\/2022\/11\/rentree-2-1536x1152.jpeg 1536w, https:\/\/ednc.secteur-palaiseau.fr\/wp-content\/uploads\/2022\/11\/rentree-2-2048x1536.jpeg 2048w, https:\/\/ednc.secteur-palaiseau.fr\/wp-content\/uploads\/2022\/11\/rentree-2-800x600.jpeg 800w\" sizes=\"(max-width: 1024px) 100vw, 1024px\" \/><\/figure>\n\n\n\n<p>La b\u00e9n\u00e9diction finale fut l\u2019occasion pour le p. Luc de b\u00e9nir les cartables et les enfants.<\/p>\n\n\n\n<figure class=\"wp-block-gallery has-nested-images columns-default is-cropped wp-block-gallery-1 is-layout-flex wp-block-gallery-is-layout-flex\">\n<figure class=\"wp-block-image size-large\"><img decoding=\"async\" loading=\"lazy\" width=\"768\" height=\"1024\" data-id=\"3836\" src=\"https:\/\/ednc.secteur-palaiseau.fr\/wp-content\/uploads\/2022\/11\/rentree-3-768x1024.jpeg\" alt=\"\" class=\"wp-image-3836\" srcset=\"https:\/\/ednc.secteur-palaiseau.fr\/wp-content\/uploads\/2022\/11\/rentree-3-768x1024.jpeg 768w, https:\/\/ednc.secteur-palaiseau.fr\/wp-content\/uploads\/2022\/11\/rentree-3-225x300.jpeg 225w, https:\/\/ednc.secteur-palaiseau.fr\/wp-content\/uploads\/2022\/11\/rentree-3-1152x1536.jpeg 1152w, https:\/\/ednc.secteur-palaiseau.fr\/wp-content\/uploads\/2022\/11\/rentree-3-1536x2048.jpeg 1536w, https:\/\/ednc.secteur-palaiseau.fr\/wp-content\/uploads\/2022\/11\/rentree-3-scaled.jpeg 1920w\" sizes=\"(max-width: 768px) 100vw, 768px\" \/><\/figure>\n\n\n\n<figure class=\"wp-block-image size-large\"><img decoding=\"async\" loading=\"lazy\" width=\"1024\" height=\"768\" data-id=\"3837\" src=\"https:\/\/ednc.secteur-palaiseau.fr\/wp-content\/uploads\/2022\/11\/rentree-4-1024x768.jpeg\" alt=\"\" class=\"wp-image-3837\" srcset=\"https:\/\/ednc.secteur-palaiseau.fr\/wp-content\/uploads\/2022\/11\/rentree-4-1024x768.jpeg 1024w, https:\/\/ednc.secteur-palaiseau.fr\/wp-content\/uploads\/2022\/11\/rentree-4-300x225.jpeg 300w, https:\/\/ednc.secteur-palaiseau.fr\/wp-content\/uploads\/2022\/11\/rentree-4-768x576.jpeg 768w, https:\/\/ednc.secteur-palaiseau.fr\/wp-content\/uploads\/2022\/11\/rentree-4-1536x1152.jpeg 1536w, https:\/\/ednc.secteur-palaiseau.fr\/wp-content\/uploads\/2022\/11\/rentree-4-2048x1536.jpeg 2048w, https:\/\/ednc.secteur-palaiseau.fr\/wp-content\/uploads\/2022\/11\/rentree-4-800x600.jpeg 800w\" sizes=\"(max-width: 1024px) 100vw, 1024px\" \/><\/figure>\n<\/figure>\n\n\n\n<p>Pour finir ce temps fraternel et convivial, tous les paroissiens se sont retrouv\u00e9s autour d\u2019un ap\u00e9ritif g\u00e9ant qui a permis des \u00e9changes<\/p>\n\n\n\n<p>Ce fut un joyeux moment festif marquant pour tous.<\/p>\n\n\n\n<figure class=\"wp-block-image size-large\"><img decoding=\"async\" loading=\"lazy\" width=\"1024\" height=\"771\" src=\"https:\/\/ednc.secteur-palaiseau.fr\/wp-content\/uploads\/2022\/11\/PHOTO-2022-09-18-17-14-28-1-1024x771.jpeg\" alt=\"\" class=\"wp-image-3834\" srcset=\"https:\/\/ednc.secteur-palaiseau.fr\/wp-content\/uploads\/2022\/11\/PHOTO-2022-09-18-17-14-28-1-1024x771.jpeg 1024w, https:\/\/ednc.secteur-palaiseau.fr\/wp-content\/uploads\/2022\/11\/PHOTO-2022-09-18-17-14-28-1-300x226.jpeg 300w, https:\/\/ednc.secteur-palaiseau.fr\/wp-content\/uploads\/2022\/11\/PHOTO-2022-09-18-17-14-28-1-768x578.jpeg 768w, https:\/\/ednc.secteur-palaiseau.fr\/wp-content\/uploads\/2022\/11\/PHOTO-2022-09-18-17-14-28-1-1536x1157.jpeg 1536w, https:\/\/ednc.secteur-palaiseau.fr\/wp-content\/uploads\/2022\/11\/PHOTO-2022-09-18-17-14-28-1.jpeg 2040w\" sizes=\"(max-width: 1024px) 100vw, 1024px\" \/><\/figure>\n","protected":false},"excerpt":{"rendered":"<p>Solange Cardinal<\/p>\n<p>En ce d\u00e9but d\u2019ann\u00e9e scolaire, le 18 septembre nous \u00e9tions tous invit\u00e9s \u00e0 St Jean Bosco pour chanter, c\u00e9l\u00e9brer, \u00eatre en communion les uns avec les autres, avec les enfants du cat\u00e9chisme et leurs parents, avec les anciens et les nouveaux paroissiens de nos trois paroisses.<\/p>\n","protected":false},"author":8,"featured_media":4223,"comment_status":"closed","ping_status":"closed","sticky":false,"template":"","format":"standard","meta":{"footnotes":""},"categories":[9,4],"tags":[],"_links":{"self":[{"href":"https:\/\/ednc.secteur-palaiseau.fr\/index.php?rest_route=\/wp\/v2\/posts\/3768"}],"collection":[{"href":"https:\/\/ednc.secteur-palaiseau.fr\/index.php?rest_route=\/wp\/v2\/posts"}],"about":[{"href":"https:\/\/ednc.secteur-palaiseau.fr\/index.php?rest_route=\/wp\/v2\/types\/post"}],"author":[{"embeddable":true,"href":"https:\/\/ednc.secteur-palaiseau.fr\/index.php?rest_route=\/wp\/v2\/users\/8"}],"replies":[{"embeddable":true,"href":"https:\/\/ednc.secteur-palaiseau.fr\/index.php?rest_route=%2Fwp%2Fv2%2Fcomments&post=3768"}],"version-history":[{"count":7,"href":"https:\/\/ednc.secteur-palaiseau.fr\/index.php?rest_route=\/wp\/v2\/posts\/3768\/revisions"}],"predecessor-version":[{"id":4465,"href":"https:\/\/ednc.secteur-palaiseau.fr\/index.php?rest_route=\/wp\/v2\/posts\/3768\/revisions\/4465"}],"wp:featuredmedia":[{"embeddable":true,"href":"https:\/\/ednc.secteur-palaiseau.fr\/index.php?rest_route=\/wp\/v2\/media\/4223"}],"wp:attachment":[{"href":"https:\/\/ednc.secteur-palaiseau.fr\/index.php?rest_route=%2Fwp%2Fv2%2Fmedia&parent=3768"}],"wp:term":[{"taxonomy":"category","embeddable":true,"href":"https:\/\/ednc.secteur-palaiseau.fr\/index.php?rest_route=%2Fwp%2Fv2%2Fcategories&post=3768"},{"taxonomy":"post_tag","embeddable":true,"href":"https:\/\/ednc.secteur-palaiseau.fr\/index.php?rest_route=%2Fwp%2Fv2%2Ftags&post=3768"}],"curies":[{"name":"wp","href":"https:\/\/api.w.org\/{rel}","templated":true}]}}