{"id":3758,"date":"2022-11-23T15:30:57","date_gmt":"2022-11-23T14:30:57","guid":{"rendered":"https:\/\/ednc.secteur-palaiseau.fr\/?p=3758"},"modified":"2022-11-24T22:24:24","modified_gmt":"2022-11-24T21:24:24","slug":"bilan-de-notre-premiere","status":"publish","type":"post","link":"https:\/\/ednc.secteur-palaiseau.fr\/?p=3758","title":{"rendered":"Saint-Michel et Saint-Martin, la nouvelle \u00e9quipe"},"content":{"rendered":"\t\t<div data-elementor-type=\"wp-post\" data-elementor-id=\"3758\" class=\"elementor elementor-3758\">\n\t\t\t\t\t\t\t\t\t<section class=\"elementor-section elementor-top-section elementor-element elementor-element-c3a2796 elementor-section-boxed elementor-section-height-default elementor-section-height-default\" data-id=\"c3a2796\" data-element_type=\"section\">\n\t\t\t\t\t\t<div class=\"elementor-container elementor-column-gap-default\">\n\t\t\t\t\t<div class=\"elementor-column elementor-col-50 elementor-top-column elementor-element elementor-element-66b23a5c\" data-id=\"66b23a5c\" data-element_type=\"column\">\n\t\t\t<div class=\"elementor-widget-wrap\">\n\t\t\t\t\t\t\t\t\t<\/div>\n\t\t<\/div>\n\t\t\t\t<div class=\"elementor-column elementor-col-50 elementor-top-column elementor-element elementor-element-41fdb369\" data-id=\"41fdb369\" data-element_type=\"column\">\n\t\t\t<div class=\"elementor-widget-wrap\">\n\t\t\t\t\t\t\t\t\t<\/div>\n\t\t<\/div>\n\t\t\t\t\t\t\t<\/div>\n\t\t<\/section>\n\t\t\t\t<section class=\"elementor-section elementor-top-section elementor-element elementor-element-6ac47059 elementor-section-boxed elementor-section-height-default elementor-section-height-default\" data-id=\"6ac47059\" data-element_type=\"section\">\n\t\t\t\t\t\t<div class=\"elementor-container elementor-column-gap-default\">\n\t\t\t\t\t<div class=\"elementor-column elementor-col-100 elementor-top-column elementor-element elementor-element-52a7c660\" data-id=\"52a7c660\" data-element_type=\"column\">\n\t\t\t<div class=\"elementor-widget-wrap elementor-element-populated\">\n\t\t\t\t\t\t\t\t<div class=\"elementor-element elementor-element-44d724b0 elementor-widget elementor-widget-text-editor\" data-id=\"44d724b0\" data-element_type=\"widget\" data-widget_type=\"text-editor.default\">\n\t\t\t\t<div class=\"elementor-widget-container\">\n\t\t\t\t\t\t\t<p><em><strong>Xavier Bertho<\/strong><\/em><\/p>\n<p><em><strong>&nbsp;<\/strong><\/em><span style=\"font-family: var( --e-global-typography-text-font-family ), Sans-serif; font-weight: var( --e-global-typography-text-font-weight ); font-size: 1rem;\">L&rsquo;\u00e9quipe animatrice nouvelle formule partage sa premi\u00e8re ann\u00e9e de fonctionnement.<\/span><\/p>\n<p><span style=\"font-family: var( --e-global-typography-text-font-family ), Sans-serif; font-weight: var( --e-global-typography-text-font-weight ); font-size: 1rem;\">En effet, depuis septembre 2021, l&rsquo;\u00e9quipe animatrice regroupe les clochers de St Martin et de St Michel. Nous avons relu notre ann\u00e9e \u00e0 la lumi\u00e8re de notre mission : animer la communaut\u00e9 avec le th\u00e8me de l&rsquo;ann\u00e9e : Vivre ensemble la communion.&nbsp;<\/span><\/p>\n<p>Le fonctionnement interne de notre \u00e9quipe est ressenti positivement avec des r\u00e9unions r\u00e9guli\u00e8res et une r\u00e9partition des t\u00e2ches \u00e9quilibr\u00e9es en fonction des talents de chacun. Notre premi\u00e8re ann\u00e9e a permis de prendre nos marques de nous conna\u00eetre et de mettre en \u0153uvre un fonctionnement mutualis\u00e9 entre nos deux clochers. Nous avons eu a c\u0153ur de proposer des temps forts pour la communaut\u00e9 lors des diff\u00e9rentes p\u00e9riodes liturgiques <span style=\"font-family: Arial, sans-serif; font-size: 12pt; font-weight: var( --e-global-typography-text-font-weight );\">(soir\u00e9e de t\u00e9moignage&nbsp;pendant l\u2019Avent 2021, soir\u00e9e de lecture biblique en car\u00eame 2022)\u2026 accueil des&nbsp;nouveaux \u00e0 l\u2019occasion des messes de rentr\u00e9e, apr\u00e8s-midi jeux avec les nouveaux&nbsp;en janvier 2022 et plus r\u00e9guli\u00e8rement prise en charge des annonces, lien avec&nbsp;les nombreux mouvements actifs sur la paroisse et le secteur.<\/span><span style=\"font-family: var( --e-global-typography-text-font-family ), Sans-serif; font-size: 1rem; font-weight: var( --e-global-typography-text-font-weight );\">&nbsp;La f\u00eate de la fraternit\u00e9 a \u00e9t\u00e9 le point d&rsquo;orgue de l&rsquo;ann\u00e9e avec une tr\u00e8s belle journ\u00e9e de partage et de communion.<\/span><\/p>\n<p><span style=\"font-family: var( --e-global-typography-text-font-family ), Sans-serif; font-weight: var( --e-global-typography-text-font-weight ); font-size: 1rem;\">Nous avons relev\u00e9 des points d&rsquo;am\u00e9liorations, en premier nous nous sommes rendus compte que nous ne sommes pas assez nombreux,&nbsp;<\/span><span style=\"font-family: Arial, sans-serif; font-size: 12pt; font-weight: var( --e-global-typography-text-font-weight );\">ce qui ne facilite pas l\u2019attention \u00e0 apporter aux nouveaux venus ou \u00e0 toutes les belles propositions que vous pouvez nous faire&nbsp;! N\u2019h\u00e9siter pas \u00e0 nous interpeller&nbsp;: nous sommes au service de la communaut\u00e9, \u00e0 votre service&nbsp;!&nbsp;<\/span><span style=\"font-family: var( --e-global-typography-text-font-family ), Sans-serif; font-size: 1rem; font-weight: var( --e-global-typography-text-font-weight );\">En cons\u00e9quence, Isabelle Levif a \u00e9t\u00e9 appel\u00e9e pour rejoindre l&rsquo;\u00e9quipe.&nbsp;<\/span><\/p>\n<p><span style=\"font-family: var( --e-global-typography-text-font-family ), Sans-serif; font-weight: var( --e-global-typography-text-font-weight ); font-size: 1rem;\">L&rsquo;autre priorit\u00e9 que nous souhaitons donner, est inscrite dans notre lettre de mission ainsi que dans les cahiers du synode : aller vers les personnes \u00e0 la porte de l&rsquo;\u00e9glise.<\/span><\/p>\t\t\t\t\t\t<\/div>\n\t\t\t\t<\/div>\n\t\t\t\t\t<\/div>\n\t\t<\/div>\n\t\t\t\t\t\t\t<\/div>\n\t\t<\/section>\n\t\t\t\t<section class=\"elementor-section elementor-top-section elementor-element elementor-element-30e1ea9e elementor-section-boxed elementor-section-height-default elementor-section-height-default\" data-id=\"30e1ea9e\" data-element_type=\"section\">\n\t\t\t\t\t\t<div class=\"elementor-container elementor-column-gap-default\">\n\t\t\t\t\t<div class=\"elementor-column elementor-col-100 elementor-top-column elementor-element elementor-element-1a3a9510\" data-id=\"1a3a9510\" data-element_type=\"column\">\n\t\t\t<div class=\"elementor-widget-wrap elementor-element-populated\">\n\t\t\t\t\t\t\t\t<section class=\"elementor-section elementor-inner-section elementor-element elementor-element-5d7ceed elementor-section-boxed elementor-section-height-default elementor-section-height-default\" data-id=\"5d7ceed\" data-element_type=\"section\">\n\t\t\t\t\t\t<div class=\"elementor-container elementor-column-gap-default\">\n\t\t\t\t\t<div class=\"elementor-column elementor-col-50 elementor-inner-column elementor-element elementor-element-b2aed82\" data-id=\"b2aed82\" data-element_type=\"column\">\n\t\t\t<div class=\"elementor-widget-wrap elementor-element-populated\">\n\t\t\t\t\t\t\t\t<div class=\"elementor-element elementor-element-0b8e515 elementor-widget elementor-widget-image\" data-id=\"0b8e515\" data-element_type=\"widget\" data-widget_type=\"image.default\">\n\t\t\t\t<div class=\"elementor-widget-container\">\n\t\t\t\t\t\t\t\t\t\t\t\t\t\t\t<img decoding=\"async\" src=\"https:\/\/ednc.secteur-palaiseau.fr\/wp-content\/uploads\/elementor\/thumbs\/EA_studieuse-v2-pxn583vmcmja5m31kilt2bn7y28t5eww0zgycfyrr4.jpg\" title=\"EA_studieuse v2\" alt=\"EA_studieuse v2\" loading=\"lazy\" \/>\t\t\t\t\t\t\t\t\t\t\t\t\t\t\t<\/div>\n\t\t\t\t<\/div>\n\t\t\t\t\t<\/div>\n\t\t<\/div>\n\t\t\t\t<div class=\"elementor-column elementor-col-50 elementor-inner-column elementor-element elementor-element-fb16562\" data-id=\"fb16562\" data-element_type=\"column\">\n\t\t\t<div class=\"elementor-widget-wrap elementor-element-populated\">\n\t\t\t\t\t\t\t\t<div class=\"elementor-element elementor-element-23f6dc2 elementor-widget elementor-widget-image\" data-id=\"23f6dc2\" data-element_type=\"widget\" data-widget_type=\"image.default\">\n\t\t\t\t<div class=\"elementor-widget-container\">\n\t\t\t\t\t\t\t\t\t\t\t\t\t\t\t<img decoding=\"async\" loading=\"lazy\" width=\"605\" height=\"490\" src=\"https:\/\/ednc.secteur-palaiseau.fr\/wp-content\/uploads\/2022\/11\/Isabelle-3.jpg\" class=\"attachment-large size-large wp-image-3811\" alt=\"\" srcset=\"https:\/\/ednc.secteur-palaiseau.fr\/wp-content\/uploads\/2022\/11\/Isabelle-3.jpg 605w, https:\/\/ednc.secteur-palaiseau.fr\/wp-content\/uploads\/2022\/11\/Isabelle-3-300x243.jpg 300w\" sizes=\"(max-width: 605px) 100vw, 605px\" \/>\t\t\t\t\t\t\t\t\t\t\t\t\t\t\t<\/div>\n\t\t\t\t<\/div>\n\t\t\t\t\t<\/div>\n\t\t<\/div>\n\t\t\t\t\t\t\t<\/div>\n\t\t<\/section>\n\t\t\t\t<section class=\"elementor-section elementor-inner-section elementor-element elementor-element-eed1ac6 elementor-section-boxed elementor-section-height-default elementor-section-height-default\" data-id=\"eed1ac6\" data-element_type=\"section\">\n\t\t\t\t\t\t<div class=\"elementor-container elementor-column-gap-default\">\n\t\t\t\t\t<div class=\"elementor-column elementor-col-50 elementor-inner-column elementor-element elementor-element-561f638\" data-id=\"561f638\" data-element_type=\"column\">\n\t\t\t<div class=\"elementor-widget-wrap elementor-element-populated\">\n\t\t\t\t\t\t\t\t<div class=\"elementor-element elementor-element-707d4da elementor-widget elementor-widget-text-editor\" data-id=\"707d4da\" data-element_type=\"widget\" data-widget_type=\"text-editor.default\">\n\t\t\t\t<div class=\"elementor-widget-container\">\n\t\t\t\t\t\t\t<p>Equipe animatrice :\u00a0<span style=\"font-family: var( --e-global-typography-text-font-family ), Sans-serif; font-size: 1rem; font-weight: var( --e-global-typography-text-font-weight );\">\u00a0<\/span><span style=\"font-family: var( --e-global-typography-text-font-family ), Sans-serif; font-size: 1rem; font-weight: var( --e-global-typography-text-font-weight );\">Claire B\u00e9nard, Jean-Fran\u00e7ois Zakarian,\u00a0<\/span><span style=\"font-family: var( --e-global-typography-text-font-family ), Sans-serif; font-size: 1rem; font-weight: var( --e-global-typography-text-font-weight );\">Anne-Laure Doireau,\u00a0<\/span><span style=\"font-family: var( --e-global-typography-text-font-family ), Sans-serif; font-size: 1rem; font-weight: var( --e-global-typography-text-font-weight );\">Fr\u00e9d\u00e9ric Hollebeke,<\/span><span style=\"font-family: var( --e-global-typography-text-font-family ), Sans-serif; font-size: 1rem; font-weight: var( --e-global-typography-text-font-weight );\">\u00a0Marie-Th\u00e9r\u00e8se Goudiaby,\u00a0<\/span><span style=\"font-family: var( --e-global-typography-text-font-family ), Sans-serif; font-size: 1rem; font-weight: var( --e-global-typography-text-font-weight );\">\u00a0<\/span><span style=\"font-family: var( --e-global-typography-text-font-family ), Sans-serif; font-size: 1rem; font-weight: var( --e-global-typography-text-font-weight );\">Xavier Bertho,\u00a0 Philippe Rolland,<\/span><span style=\"font-family: var( --e-global-typography-text-font-family ), Sans-serif; font-size: 1rem; font-weight: var( --e-global-typography-text-font-weight );\">\u00a0<\/span><span style=\"font-family: var( --e-global-typography-text-font-family ), Sans-serif; font-size: 1rem; font-weight: var( --e-global-typography-text-font-weight );\">Judith Ninvil,<\/span><span style=\"font-family: var( --e-global-typography-text-font-family ), Sans-serif; font-size: 1rem; font-weight: var( --e-global-typography-text-font-weight );\">\u00a0<\/span><span style=\"font-family: var( --e-global-typography-text-font-family ), Sans-serif; font-size: 1rem; font-weight: var( --e-global-typography-text-font-weight );\">\u00a0Monique Boudet.<\/span><\/p>\t\t\t\t\t\t<\/div>\n\t\t\t\t<\/div>\n\t\t\t\t\t<\/div>\n\t\t<\/div>\n\t\t\t\t<div class=\"elementor-column elementor-col-50 elementor-inner-column elementor-element elementor-element-dee9f4c\" data-id=\"dee9f4c\" data-element_type=\"column\">\n\t\t\t<div class=\"elementor-widget-wrap elementor-element-populated\">\n\t\t\t\t\t\t\t\t<div class=\"elementor-element elementor-element-191449b elementor-widget elementor-widget-text-editor\" data-id=\"191449b\" data-element_type=\"widget\" data-widget_type=\"text-editor.default\">\n\t\t\t\t<div class=\"elementor-widget-container\">\n\t\t\t\t\t\t\t<p>\u00a0 \u00a0 \u00a0 \u00a0 \u00a0 \u00a0 \u00a0 \u00a0 \u00a0 \u00a0 \u00a0 \u00a0 \u00a0 \u00a0Isabelle Levif<\/p>\t\t\t\t\t\t<\/div>\n\t\t\t\t<\/div>\n\t\t\t\t\t<\/div>\n\t\t<\/div>\n\t\t\t\t\t\t\t<\/div>\n\t\t<\/section>\n\t\t\t\t\t<\/div>\n\t\t<\/div>\n\t\t\t\t\t\t\t<\/div>\n\t\t<\/section>\n\t\t\t\t<section class=\"elementor-section elementor-top-section elementor-element elementor-element-54283cd elementor-section-boxed elementor-section-height-default elementor-section-height-default\" data-id=\"54283cd\" data-element_type=\"section\">\n\t\t\t\t\t\t<div class=\"elementor-container elementor-column-gap-default\">\n\t\t\t\t\t\t\t\t<\/div>\n\t\t<\/section>\n\t\t\t\t\t\t\t<\/div>\n\t\t","protected":false},"excerpt":{"rendered":"<p>Xavier Bertho<br \/>\nL&rsquo;\u00e9quipe animatrice St Martin et St Michel fait le bilan de sa premi\u00e8re ann\u00e9e de fonctionnement mutualis\u00e9e. <\/p>\n","protected":false},"author":10,"featured_media":3933,"comment_status":"closed","ping_status":"closed","sticky":false,"template":"","format":"standard","meta":{"footnotes":""},"categories":[6,7],"tags":[],"_links":{"self":[{"href":"https:\/\/ednc.secteur-palaiseau.fr\/index.php?rest_route=\/wp\/v2\/posts\/3758"}],"collection":[{"href":"https:\/\/ednc.secteur-palaiseau.fr\/index.php?rest_route=\/wp\/v2\/posts"}],"about":[{"href":"https:\/\/ednc.secteur-palaiseau.fr\/index.php?rest_route=\/wp\/v2\/types\/post"}],"author":[{"embeddable":true,"href":"https:\/\/ednc.secteur-palaiseau.fr\/index.php?rest_route=\/wp\/v2\/users\/10"}],"replies":[{"embeddable":true,"href":"https:\/\/ednc.secteur-palaiseau.fr\/index.php?rest_route=%2Fwp%2Fv2%2Fcomments&post=3758"}],"version-history":[{"count":18,"href":"https:\/\/ednc.secteur-palaiseau.fr\/index.php?rest_route=\/wp\/v2\/posts\/3758\/revisions"}],"predecessor-version":[{"id":4127,"href":"https:\/\/ednc.secteur-palaiseau.fr\/index.php?rest_route=\/wp\/v2\/posts\/3758\/revisions\/4127"}],"wp:featuredmedia":[{"embeddable":true,"href":"https:\/\/ednc.secteur-palaiseau.fr\/index.php?rest_route=\/wp\/v2\/media\/3933"}],"wp:attachment":[{"href":"https:\/\/ednc.secteur-palaiseau.fr\/index.php?rest_route=%2Fwp%2Fv2%2Fmedia&parent=3758"}],"wp:term":[{"taxonomy":"category","embeddable":true,"href":"https:\/\/ednc.secteur-palaiseau.fr\/index.php?rest_route=%2Fwp%2Fv2%2Fcategories&post=3758"},{"taxonomy":"post_tag","embeddable":true,"href":"https:\/\/ednc.secteur-palaiseau.fr\/index.php?rest_route=%2Fwp%2Fv2%2Ftags&post=3758"}],"curies":[{"name":"wp","href":"https:\/\/api.w.org\/{rel}","templated":true}]}}