{"id":3727,"date":"2022-11-23T23:00:20","date_gmt":"2022-11-23T22:00:20","guid":{"rendered":"https:\/\/ednc.secteur-palaiseau.fr\/?p=3727"},"modified":"2022-11-28T20:06:20","modified_gmt":"2022-11-28T19:06:20","slug":"editorial-2","status":"publish","type":"post","link":"https:\/\/ednc.secteur-palaiseau.fr\/?p=3727","title":{"rendered":"Editorial"},"content":{"rendered":"\t\t<div data-elementor-type=\"wp-post\" data-elementor-id=\"3727\" class=\"elementor elementor-3727\">\n\t\t\t\t\t\t\t\t\t<section class=\"elementor-section elementor-top-section elementor-element elementor-element-260a2d3c elementor-section-boxed elementor-section-height-default elementor-section-height-default\" data-id=\"260a2d3c\" data-element_type=\"section\">\n\t\t\t\t\t\t<div class=\"elementor-container elementor-column-gap-default\">\n\t\t\t\t\t<div class=\"elementor-column elementor-col-100 elementor-top-column elementor-element elementor-element-558c184f\" data-id=\"558c184f\" data-element_type=\"column\">\n\t\t\t<div class=\"elementor-widget-wrap elementor-element-populated\">\n\t\t\t\t\t\t\t\t<div class=\"elementor-element elementor-element-79e23c11 elementor-widget elementor-widget-text-editor\" data-id=\"79e23c11\" data-element_type=\"widget\" data-widget_type=\"text-editor.default\">\n\t\t\t\t<div class=\"elementor-widget-container\">\n\t\t\t\t\t\t\t<p><em><strong>P\u00e8re Luc Mazola<\/strong><\/em><\/p><p><b>\u00ab En Avent vers nos fr\u00e8res et s\u0153urs pour vivre la communion \u00bb<\/b>\u00a0<\/p><p>Ch\u00e8res s\u0153urs et fr\u00e8res,<\/p><p>Nous voici dans le temps de l\u2019AVENT qui ouvre la nouvelle ann\u00e9e liturgique A.<\/p><p>Pour nous permettre d&rsquo;ouvrir en secteur cette nouvelle ann\u00e9e liturgique, l&rsquo;\u00e9quipe pastorale du secteur a choisi comme th\u00e8me: <b>\u00ab En Avent vers nos fr\u00e8res et s\u0153urs pour vivre la communion \u00bb<\/b>\u00a0<\/p><p>Ce dernier fait \u00e9cho \u00e0 notre th\u00e8me de l&rsquo;ann\u00e9e pastorale: <i>prenons soins de vivre ensemble la communion fraternelle.<\/i><\/p><p>Ainsi, quatre temps de r\u00e9flexion, de partage et spirituel s\u2019offrent \u00e0 nous :<\/p><p>\u2756 <strong><span style=\"text-decoration: underline;\">Dimanche 27 novembre :<\/span> <\/strong>Nous sommes tous invit\u00e9s \u00e0 entrer \u00e0 cette nouvelle ann\u00e9e liturgique en communaut\u00e9. Pour cela, une seule messe pour tout le secteur aura lieu \u00e0 10h au Groupement Scolaire Lasalle d&rsquo;Igny.\u00a0<\/p><p>\u2756 <span style=\"text-decoration: underline;\"><strong>Jeudi 8 d\u00e9cembre :<\/strong><\/span> A la f\u00eate de l\u2019Immacul\u00e9e conception, une messe pour tout le secteur sera c\u00e9l\u00e9br\u00e9e \u00e0 20h30 \u00e0 l&rsquo;\u00e9glise Notre Dame de la Nativit\u00e9 de Loz\u00e8re.<\/p><p>\u2756 <span style=\"text-decoration: underline;\"><strong>Mercredi 14 d\u00e9cembre :<\/strong><\/span> Un t<span style=\"font-size: 12pt; font-family: 'Arial',sans-serif;\">emps de partage et de pri\u00e8re autour de la Parole de Dieu. (<\/span><b><i>Actes du Synode \u00ab\u00a0D\u00e9ployons la vie spirituelle\u00a0\u00bb)<\/i><\/b><b>,<\/b> nous r\u00e9unira en secteur au centre pastoral Sainte Genevi\u00e8ve \u00e0 Palaiseau ; on partagera \u00e9galement un dessert ensemble.<\/p><p>\u2756 <span style=\"text-decoration: underline;\"><strong>Samedi 17 d\u00e9cembre :<\/strong><\/span> Un moment de renouvellement de notre confiance en Dieu par le <strong>sacrement de r\u00e9conciliation<\/strong> nous sera propos\u00e9 de 9h30 \u00e0 12h \u00e0 l&rsquo;\u00e9glise Saint Martin de Palaiseau.<\/p><p>Fr\u00e8res et s\u0153urs, malgr\u00e9 tous les bouleversements qui peuvent secouer les esprits et perturber notre quotidien, ouvrons nos c\u0153urs pour que la gr\u00e2ce de ce nouvel Avent puisse les p\u00e9n\u00e9trer dans toute sa richesse jusqu\u2019\u00e0 nous rendre disponibles pour accueillir et annoncer le message de paix qui a \u00e9t\u00e9 r\u00e9v\u00e9l\u00e9, une fois pour toutes, dans la nuit de No\u00ebl :<strong> \u00ab&#8230; Paix sur la terre aux hommes qu&rsquo;il aime.\u00bb Lc 2, 14<\/strong><\/p>\t\t\t\t\t\t<\/div>\n\t\t\t\t<\/div>\n\t\t\t\t\t<\/div>\n\t\t<\/div>\n\t\t\t\t\t\t\t<\/div>\n\t\t<\/section>\n\t\t\t\t\t\t\t<\/div>\n\t\t","protected":false},"excerpt":{"rendered":"<p>P\u00e8re Luc Mazola \u00ab En Avent vers nos fr\u00e8res et s\u0153urs pour vivre la communion \u00bb\u00a0 Ch\u00e8res s\u0153urs et fr\u00e8res, Nous voici dans le temps<\/p>\n","protected":false},"author":7,"featured_media":3744,"comment_status":"closed","ping_status":"closed","sticky":false,"template":"","format":"standard","meta":{"footnotes":""},"categories":[14],"tags":[],"_links":{"self":[{"href":"https:\/\/ednc.secteur-palaiseau.fr\/index.php?rest_route=\/wp\/v2\/posts\/3727"}],"collection":[{"href":"https:\/\/ednc.secteur-palaiseau.fr\/index.php?rest_route=\/wp\/v2\/posts"}],"about":[{"href":"https:\/\/ednc.secteur-palaiseau.fr\/index.php?rest_route=\/wp\/v2\/types\/post"}],"author":[{"embeddable":true,"href":"https:\/\/ednc.secteur-palaiseau.fr\/index.php?rest_route=\/wp\/v2\/users\/7"}],"replies":[{"embeddable":true,"href":"https:\/\/ednc.secteur-palaiseau.fr\/index.php?rest_route=%2Fwp%2Fv2%2Fcomments&post=3727"}],"version-history":[{"count":32,"href":"https:\/\/ednc.secteur-palaiseau.fr\/index.php?rest_route=\/wp\/v2\/posts\/3727\/revisions"}],"predecessor-version":[{"id":4494,"href":"https:\/\/ednc.secteur-palaiseau.fr\/index.php?rest_route=\/wp\/v2\/posts\/3727\/revisions\/4494"}],"wp:featuredmedia":[{"embeddable":true,"href":"https:\/\/ednc.secteur-palaiseau.fr\/index.php?rest_route=\/wp\/v2\/media\/3744"}],"wp:attachment":[{"href":"https:\/\/ednc.secteur-palaiseau.fr\/index.php?rest_route=%2Fwp%2Fv2%2Fmedia&parent=3727"}],"wp:term":[{"taxonomy":"category","embeddable":true,"href":"https:\/\/ednc.secteur-palaiseau.fr\/index.php?rest_route=%2Fwp%2Fv2%2Fcategories&post=3727"},{"taxonomy":"post_tag","embeddable":true,"href":"https:\/\/ednc.secteur-palaiseau.fr\/index.php?rest_route=%2Fwp%2Fv2%2Ftags&post=3727"}],"curies":[{"name":"wp","href":"https:\/\/api.w.org\/{rel}","templated":true}]}}