{"id":3694,"date":"2022-11-23T17:00:15","date_gmt":"2022-11-23T16:00:15","guid":{"rendered":"https:\/\/ednc.secteur-palaiseau.fr\/?p=3694"},"modified":"2022-11-24T22:24:24","modified_gmt":"2022-11-24T21:24:24","slug":"2-octobre-2022-la-marche-laudato-si","status":"publish","type":"post","link":"https:\/\/ednc.secteur-palaiseau.fr\/?p=3694","title":{"rendered":"2 Octobre 2022, La Marche Laudato Si"},"content":{"rendered":"\t\t<div data-elementor-type=\"wp-post\" data-elementor-id=\"3694\" class=\"elementor elementor-3694\">\n\t\t\t\t\t\t\t\t\t<section class=\"elementor-section elementor-top-section elementor-element elementor-element-3659ab3a elementor-section-boxed elementor-section-height-default elementor-section-height-default\" data-id=\"3659ab3a\" data-element_type=\"section\">\n\t\t\t\t\t\t<div class=\"elementor-container elementor-column-gap-default\">\n\t\t\t\t\t<div class=\"elementor-column elementor-col-100 elementor-top-column elementor-element elementor-element-75d62d08\" data-id=\"75d62d08\" data-element_type=\"column\">\n\t\t\t<div class=\"elementor-widget-wrap elementor-element-populated\">\n\t\t\t\t\t\t\t\t<div class=\"elementor-element elementor-element-5462c828 elementor-widget elementor-widget-text-editor\" data-id=\"5462c828\" data-element_type=\"widget\" data-widget_type=\"text-editor.default\">\n\t\t\t\t<div class=\"elementor-widget-container\">\n\t\t\t\t\t\t\t<!-- wp:paragraph -->\n<h4><strong>Donner du sens aux engagements \u00e9cologiques<\/strong><\/h4>\n<!-- \/wp:paragraph --><!-- wp:paragraph -->\n<p><em><strong>Jean-Louis Coullon<\/strong><\/em><\/p>\n<!-- \/wp:paragraph --><!-- wp:paragraph -->\n<p>Malgr\u00e9 le temps humide, une trentaine de membres de la communaut\u00e9 se sont retrouv\u00e9s le 2 octobre 2022 pour une marche m\u00e9ditative \u00e0 travers la for\u00eat domaniale de Palaiseau autour de l\u2019encyclique Laudato Si\u2019 du Pape Fran\u00e7ois.<\/p>\n<!-- \/wp:paragraph --><!-- wp:paragraph -->\n<p><strong><u>Le groupe Laudato Si du secteur de Palaiseau<\/u><\/strong><\/p>\n<!-- \/wp:paragraph --><!-- wp:paragraph -->\n<p>A l\u2019appel du pape Fran\u00e7ois, un groupe de paroissiens se retrouve depuis 2 ans environ pour lire, m\u00e9diter et agir dans la ligne de cette encyclique plut\u00f4t visionnaire, l\u2019<a href=\"https:\/\/www.vatican.va\/content\/francesco\/fr\/encyclicals\/documents\/papa-francesco_20150524_enciclica-laudato-si.html\">Encyclique Laudato Si\u2019<\/a>.<\/p>\n<!-- \/wp:paragraph --><!-- wp:paragraph -->\n<p>Initialement d\u00e9sign\u00e9 \u00ab\u00a0Eglise Verte\u00a0\u00bb, le groupe a pr\u00e9f\u00e9r\u00e9 reprendre l\u2019appellation \u00ab\u00a0Laudato Si\u00a0\u00bb, pour une r\u00e9ponse plus globale en phase avec l\u2019initiative mondiale autour de l\u2019encyclique <a href=\"https:\/\/youtu.be\/OhBlsy0e8xM\">https:\/\/youtu.be\/OhBlsy0e8xM<\/a><\/p>\n<!-- \/wp:paragraph --><!-- wp:paragraph -->\n<p>En effet, on ne peut pas limiter le cadre \u00e0 des actions \u00e9cologiques traditionnelles, car il s\u2019agit de r\u00e9pondre \u00e0 l\u2019appel du pape pour une conversion \u00e0 une \u00e9cologie \u00ab\u00a0int\u00e9grale\u00a0\u00bb\u00a0: il ne faut pas seulement regarder la Terre, mais l\u2019ensemble de la Cr\u00e9ation avec toutes ses composantes, y compris l\u2019Humanit\u00e9 souffrante. Pour illustrer\u00a0: avoir le souci du Z\u00e9ro D\u00e9chet c\u2019est bien, mais le Z\u00e9ro D\u00e9chet humain est peut-\u00eatre la 1<sup>\u00e8re<\/sup> priorit\u00e9.<\/p>\n<!-- \/wp:paragraph --><!-- wp:paragraph -->\n<p>Le groupe partage ainsi un certain nombre de convictions\u00a0:<\/p>\n<!-- \/wp:paragraph --><!-- wp:list {\"ordered\":true,\"type\":\"1\"} -->\n<ol type=\"1\">\n<li>Nous voulons prendre soin de notre relation \u00e0 Dieu, \u00e0 sa Cr\u00e9ation et aux Hommes<\/li>\n<li>Une \u00e9cologie int\u00e9grale respectueuse de toutes les composantes de la Cr\u00e9ation est possible<\/li>\n<li>Le d\u00e9r\u00e8glement climatique a des cons\u00e9quences graves sur les pauvret\u00e9s<\/li>\n<li>De nombreuses initiatives existent et nous invitent \u00e0 l\u2019esp\u00e9rance<\/li>\n<li>La conversion \u00e0 l\u2019\u00e9cologie int\u00e9grale prendra du temps et n\u00e9cessitera une \u00e9coute attentive pour comprendre les avis diff\u00e9rents<\/li>\n<\/ol>\n<!-- \/wp:list --><!-- wp:paragraph -->\n<p>Nos r\u00e9flexions nous ont conduits \u00e0 retenir les objectifs suivants\u00a0:<\/p>\n<!-- \/wp:paragraph --><!-- wp:list {\"ordered\":true,\"type\":\"1\"} -->\n<ol type=\"1\">\n<li>Nous informer sur les sujets et les enjeux de l\u2019\u00e9cologie int\u00e9grale<\/li>\n<li>Y sensibiliser le public<\/li>\n<li>Adapter en cons\u00e9quence nos propres modes de vie<\/li>\n<\/ol>\n<!-- \/wp:list --><!-- wp:paragraph -->\n<p>Ces objectifs sont d\u00e9clin\u00e9s en un certain nombre d\u2019actions\u00a0vers l\u2019ext\u00e9rieur\u00a0:<\/p>\n<!-- \/wp:paragraph --><!-- wp:list -->\n<ul>\n<li>Mise en valeur dans le jardin de Loz\u00e8re de la beaut\u00e9 de la cr\u00e9ation<\/li>\n<li>Projection-d\u00e9bats<\/li>\n<li>F\u00eate de la Nature (1\u00e8re en Mai 2022)<\/li>\n<li>Marche \u00ab\u00a0Laudato si\u2019\u00a0\u00bb<\/li>\n<li>\u2026<\/li>\n<\/ul>\n<!-- \/wp:list --><!-- wp:paragraph -->\n<p>Vous pouvez \u00e9galement relire <a href=\"https:\/\/ednc.secteur-palaiseau.fr\/?p=2807\">l\u2019article r\u00e9dig\u00e9 par Fran\u00e7ois de Favitski<\/a> dans le pr\u00e9c\u00e9dent num\u00e9ro EDNC.<\/p>\n<!-- \/wp:paragraph --><!-- wp:paragraph -->\n<p><strong><u>La Marche Laudato Si du 2 octobre<\/u><\/strong><\/p>\n<!-- \/wp:paragraph --><!-- wp:paragraph -->\n<p>Le 2 octobre, un groupe d\u2019une trentaine de marcheurs se donnaient rendez vous au Centre Pastoral de Loz\u00e8re pour parcourir en 6 \u00e9tapes une boucle sur le plateau tout proche. U<a href=\"https:\/\/www.secteur-palaiseau.fr\/wp-content\/uploads\/2022\/10\/Livret-daccompagnement.docx\">n livret \u00e9tait remis aux participants<\/a>, contenant un r\u00e9sum\u00e9 de l\u2019encyclique et une s\u00e9rie de 6 extraits, ponctu\u00e9s de questions soumises \u00e0 la r\u00e9flexion pendant la marche vers chacune des 6 \u00e9tapes, puis d\u00e9battues \u00e0 l\u2019arriv\u00e9e de chaque \u00e9tape.<\/p>\n<!-- \/wp:paragraph --><!-- wp:paragraph -->\n<p>Petite synth\u00e8se des sujets propos\u00e9s\u00a0:<\/p>\n<!-- \/wp:paragraph --><!-- wp:list -->\n<ul>\n<li>Entre le mythe du progr\u00e8s capable de tout r\u00e9soudre, et une vision de l\u2019homme menace \u00e0 l\u2019\u00e9cosyst\u00e8me mondial, comment vous positionnez vous\u00a0?<\/li>\n<li>Comment voyez-vous votre implication pour une \u00e9cologie int\u00e9grale \u00e0 la suite du pape Fran\u00e7ois, avec le souci de la nature et de l\u2019humanit\u00e9 intrins\u00e8quement imbriqu\u00e9es\u00a0?<\/li>\n<li>Quelles conversions restent \u00e0 faire\u00a0?<\/li>\n<li>Quelles d\u00e9cisions prendre dans tous les domaines de notre quotidien\u00a0?<\/li>\n<\/ul>\n<!-- \/wp:list --><!-- wp:paragraph -->\n<p>Prendre conscience de \u00ab\u00a0l\u2019intime relation entre les pauvres et la fragilit\u00e9 de la plan\u00e8te\u00bb, d\u00e9velopper de nouveaux styles de vie comme \u00ab\u00a0la sobri\u00e9t\u00e9 heureuse\u00a0\u00bb, r\u00e9aliser que la foi chr\u00e9tienne offre de profondes motivations \u00ab\u00a0pour alimenter la passion de la pr\u00e9servation du monde\u00a0\u00bb, autant de pistes propos\u00e9es par la vision du pape Fran\u00e7ois pour alimenter une vie chr\u00e9tienne renouvel\u00e9e.<\/p>\n<!-- \/wp:paragraph --><!-- wp:paragraph -->\n<p><strong><u>Quelques t\u00e9moignages<\/u><\/strong><\/p>\n<!-- \/wp:paragraph --><!-- wp:paragraph -->\n<p>\u00ab\u00a0<em>Si les temps de m\u00e9ditation et d&rsquo;\u00e9change ont aussi \u00e9t\u00e9 g\u00ean\u00e9s par la pluie, nous avons appr\u00e9ci\u00e9 de marcher avec d&rsquo;autres dans une m\u00eame direction, et ce faisant de nous inscrire r\u00e9solument dans une dynamique en vue d&rsquo;une r\u00e9elle conversion \u00e9cologique individuelle (et conjugale).<br \/>Les \u00e9changes informels que nous avons pu avoir avec des paroissiens du secteur que nous n&rsquo;avons pas forc\u00e9ment l&rsquo;occasion de rencontrer ont aussi \u00e9t\u00e9 pour nous un point positif.<br \/>Merci pour toute l&rsquo;organisation de cet apr\u00e8s-midi enrichissant.<\/em>\u00a0\u00bb<br \/><br \/>\u00ab\u00a0<em>Nous sommes venus \u00e0 cette marche plus pour faire \u00ab\u00a0\u00e9glise\u00a0\u00bb et encourager les quelques initiatives qu&rsquo;il peut y avoir que pour le th\u00e8me. Mais bravo !!! Elle a \u00e9t\u00e9 tr\u00e8s bien organis\u00e9e et s&rsquo;est tr\u00e8s bien d\u00e9roul\u00e9e.<br \/>Les textes n&rsquo;\u00e9taient pourtant pas si simples, le livret \u00e9crit un peu petit\u200c, et aurions aim\u00e9 qu&rsquo;il y ait quelques chants (spontan\u00e9ment , le psaume de la cr\u00e9ation et autres me sont venus \u00e0 l&rsquo;esprit). En m\u00eame temps, c&rsquo;est appr\u00e9ciable d&rsquo;avoir un livret avec des questions comme fil conducteur. Pour ceux qui n&rsquo;ont pas lu Laudato Si, cela permet d&rsquo;en avoir un aper\u00e7u.<br \/>Notre but a \u00e9t\u00e9 finalement bien atteint : faire \u00ab\u00a0\u00e9glise\u00a0\u00bb.<\/em>\u00a0\u00bb<\/p>\n<!-- \/wp:paragraph --><!-- wp:paragraph -->\n<p><strong><u>Les prochaines \u00e9tapes<\/u><\/strong><\/p>\n<!-- \/wp:paragraph --><!-- wp:paragraph -->\n<p>La prochaine r\u00e9union du groupe Laudato Si\u2019 est pr\u00e9vue le 22 Octobre, les personnes qui souhaitent y assister peuvent appeler Fran\u00e7ois de Favitski au 06 03 28 66 71 ou\u00a0<a href=\"mailto:fb.favitski@gmail.com\">fb.favitski@gmail.com<\/a>.<\/p>\n<!-- \/wp:paragraph --><!-- wp:paragraph -->\n<p>La <a href=\"https:\/\/www.secteur-palaiseau.fr\/secteur-et-paroisses\/lozere-villebon-villejust\/1732-2-2\/sentraider-ecologie-a-lvv\/\">page Solidarit\u00e9\/Ecologie<\/a> du site web vous r\u00e9sume les actions du groupe.<\/p>\n<!-- \/wp:paragraph --><!-- wp:paragraph -->\n<p><strong><u>La marche en photos<\/u><\/strong><\/p>\n<!-- \/wp:paragraph --><!-- wp:paragraph -->\n<p>D\u00e8s la 1<sup>\u00e8re<\/sup> \u00e9tape, on attaque fort avec les escaliers de Polytechnique, mais on se retrouve pour souffler dans un jardin du chemin de la Huni\u00e8re. Et au d\u00e9tour des sentiers de la foret domaniale, les haltes voient se d\u00e9velopper des discussions passionn\u00e9es malgr\u00e9 les gouttes \u2026<\/p>\n<!-- \/wp:paragraph --><!-- wp:gallery {\"ids\":[3695,3696,3697,3698,3699]} -->\n<figure class=\"wp-block-gallery columns-3 is-cropped\">\n<ul class=\"blocks-gallery-grid\">\n<li class=\"blocks-gallery-item\">\n<figure><img decoding=\"async\" loading=\"lazy\" width=\"768\" height=\"1024\" class=\"wp-image-3695\" src=\"https:\/\/ednc.secteur-palaiseau.fr\/wp-content\/uploads\/2022\/10\/IMG_6469-768x1024.jpeg\" alt=\"\" data-id=\"3695\" data-full-url=\"https:\/\/ednc.secteur-palaiseau.fr\/wp-content\/uploads\/2022\/10\/IMG_6469.jpeg\" data-link=\"https:\/\/ednc.secteur-palaiseau.fr\/?attachment_id=3695\" srcset=\"https:\/\/ednc.secteur-palaiseau.fr\/wp-content\/uploads\/2022\/10\/IMG_6469-768x1024.jpeg 768w, https:\/\/ednc.secteur-palaiseau.fr\/wp-content\/uploads\/2022\/10\/IMG_6469-225x300.jpeg 225w, https:\/\/ednc.secteur-palaiseau.fr\/wp-content\/uploads\/2022\/10\/IMG_6469-1152x1536.jpeg 1152w, https:\/\/ednc.secteur-palaiseau.fr\/wp-content\/uploads\/2022\/10\/IMG_6469.jpeg 1537w\" sizes=\"(max-width: 768px) 100vw, 768px\" \/><\/figure>\n<\/li>\n<li class=\"blocks-gallery-item\">\n<figure><img decoding=\"async\" loading=\"lazy\" width=\"1024\" height=\"768\" class=\"wp-image-3696\" src=\"https:\/\/ednc.secteur-palaiseau.fr\/wp-content\/uploads\/2022\/10\/IMG_6470-1024x768.jpeg\" alt=\"\" data-id=\"3696\" data-full-url=\"https:\/\/ednc.secteur-palaiseau.fr\/wp-content\/uploads\/2022\/10\/IMG_6470.jpeg\" data-link=\"https:\/\/ednc.secteur-palaiseau.fr\/?attachment_id=3696\" srcset=\"https:\/\/ednc.secteur-palaiseau.fr\/wp-content\/uploads\/2022\/10\/IMG_6470-1024x768.jpeg 1024w, https:\/\/ednc.secteur-palaiseau.fr\/wp-content\/uploads\/2022\/10\/IMG_6470-300x225.jpeg 300w, https:\/\/ednc.secteur-palaiseau.fr\/wp-content\/uploads\/2022\/10\/IMG_6470-768x576.jpeg 768w, https:\/\/ednc.secteur-palaiseau.fr\/wp-content\/uploads\/2022\/10\/IMG_6470-1536x1152.jpeg 1536w, https:\/\/ednc.secteur-palaiseau.fr\/wp-content\/uploads\/2022\/10\/IMG_6470-800x600.jpeg 800w\" sizes=\"(max-width: 1024px) 100vw, 1024px\" \/><\/figure>\n<\/li>\n<li class=\"blocks-gallery-item\">\n<figure><img decoding=\"async\" loading=\"lazy\" width=\"1024\" height=\"768\" class=\"wp-image-3697\" src=\"https:\/\/ednc.secteur-palaiseau.fr\/wp-content\/uploads\/2022\/10\/IMG_6480-1024x768.jpeg\" alt=\"\" data-id=\"3697\" data-full-url=\"https:\/\/ednc.secteur-palaiseau.fr\/wp-content\/uploads\/2022\/10\/IMG_6480.jpeg\" data-link=\"https:\/\/ednc.secteur-palaiseau.fr\/?attachment_id=3697\" srcset=\"https:\/\/ednc.secteur-palaiseau.fr\/wp-content\/uploads\/2022\/10\/IMG_6480-1024x768.jpeg 1024w, https:\/\/ednc.secteur-palaiseau.fr\/wp-content\/uploads\/2022\/10\/IMG_6480-300x225.jpeg 300w, https:\/\/ednc.secteur-palaiseau.fr\/wp-content\/uploads\/2022\/10\/IMG_6480-768x576.jpeg 768w, https:\/\/ednc.secteur-palaiseau.fr\/wp-content\/uploads\/2022\/10\/IMG_6480-1536x1152.jpeg 1536w, https:\/\/ednc.secteur-palaiseau.fr\/wp-content\/uploads\/2022\/10\/IMG_6480-800x600.jpeg 800w\" sizes=\"(max-width: 1024px) 100vw, 1024px\" \/><\/figure>\n<\/li>\n<li class=\"blocks-gallery-item\">\n<figure><img decoding=\"async\" loading=\"lazy\" width=\"1024\" height=\"768\" class=\"wp-image-3698\" src=\"https:\/\/ednc.secteur-palaiseau.fr\/wp-content\/uploads\/2022\/10\/IMG_6485-1024x768.jpeg\" alt=\"\" data-id=\"3698\" data-full-url=\"https:\/\/ednc.secteur-palaiseau.fr\/wp-content\/uploads\/2022\/10\/IMG_6485.jpeg\" data-link=\"https:\/\/ednc.secteur-palaiseau.fr\/?attachment_id=3698\" srcset=\"https:\/\/ednc.secteur-palaiseau.fr\/wp-content\/uploads\/2022\/10\/IMG_6485-1024x768.jpeg 1024w, https:\/\/ednc.secteur-palaiseau.fr\/wp-content\/uploads\/2022\/10\/IMG_6485-300x225.jpeg 300w, https:\/\/ednc.secteur-palaiseau.fr\/wp-content\/uploads\/2022\/10\/IMG_6485-768x576.jpeg 768w, https:\/\/ednc.secteur-palaiseau.fr\/wp-content\/uploads\/2022\/10\/IMG_6485-1536x1152.jpeg 1536w, https:\/\/ednc.secteur-palaiseau.fr\/wp-content\/uploads\/2022\/10\/IMG_6485-800x600.jpeg 800w\" sizes=\"(max-width: 1024px) 100vw, 1024px\" \/><\/figure>\n<\/li>\n<li class=\"blocks-gallery-item\">\n<figure><img decoding=\"async\" loading=\"lazy\" width=\"1024\" height=\"768\" class=\"wp-image-3699\" src=\"https:\/\/ednc.secteur-palaiseau.fr\/wp-content\/uploads\/2022\/10\/IMG_6491-1024x768.jpeg\" alt=\"\" data-id=\"3699\" data-full-url=\"https:\/\/ednc.secteur-palaiseau.fr\/wp-content\/uploads\/2022\/10\/IMG_6491.jpeg\" data-link=\"https:\/\/ednc.secteur-palaiseau.fr\/?attachment_id=3699\" srcset=\"https:\/\/ednc.secteur-palaiseau.fr\/wp-content\/uploads\/2022\/10\/IMG_6491-1024x768.jpeg 1024w, https:\/\/ednc.secteur-palaiseau.fr\/wp-content\/uploads\/2022\/10\/IMG_6491-300x225.jpeg 300w, https:\/\/ednc.secteur-palaiseau.fr\/wp-content\/uploads\/2022\/10\/IMG_6491-768x576.jpeg 768w, https:\/\/ednc.secteur-palaiseau.fr\/wp-content\/uploads\/2022\/10\/IMG_6491-1536x1152.jpeg 1536w, https:\/\/ednc.secteur-palaiseau.fr\/wp-content\/uploads\/2022\/10\/IMG_6491-800x600.jpeg 800w\" sizes=\"(max-width: 1024px) 100vw, 1024px\" \/><\/figure>\n<\/li>\n<\/ul>\n<\/figure>\n<!-- \/wp:gallery -->\t\t\t\t\t\t<\/div>\n\t\t\t\t<\/div>\n\t\t\t\t\t<\/div>\n\t\t<\/div>\n\t\t\t\t\t\t\t<\/div>\n\t\t<\/section>\n\t\t\t\t\t\t\t<\/div>\n\t\t","protected":false},"excerpt":{"rendered":"<p>Jean-Louis Coullon<br \/>\nMalgr\u00e9 le temps humide, une trentaine de membres de la communaut\u00e9 se sont retrouv\u00e9s le 2 octobre 2022 pour une marche m\u00e9ditative \u00e0 travers la for\u00eat domaniale de Palaiseau autour de l\u2019encyclique Laudato Si\u2019 du Pape Fran\u00e7ois.<br \/>\nUne occasion de r\u00e9flechir pour donner du sens aux engagements \u00e9cologiques<\/p>\n","protected":false},"author":9,"featured_media":4131,"comment_status":"closed","ping_status":"closed","sticky":false,"template":"","format":"standard","meta":{"footnotes":""},"categories":[4],"tags":[],"_links":{"self":[{"href":"https:\/\/ednc.secteur-palaiseau.fr\/index.php?rest_route=\/wp\/v2\/posts\/3694"}],"collection":[{"href":"https:\/\/ednc.secteur-palaiseau.fr\/index.php?rest_route=\/wp\/v2\/posts"}],"about":[{"href":"https:\/\/ednc.secteur-palaiseau.fr\/index.php?rest_route=\/wp\/v2\/types\/post"}],"author":[{"embeddable":true,"href":"https:\/\/ednc.secteur-palaiseau.fr\/index.php?rest_route=\/wp\/v2\/users\/9"}],"replies":[{"embeddable":true,"href":"https:\/\/ednc.secteur-palaiseau.fr\/index.php?rest_route=%2Fwp%2Fv2%2Fcomments&post=3694"}],"version-history":[{"count":12,"href":"https:\/\/ednc.secteur-palaiseau.fr\/index.php?rest_route=\/wp\/v2\/posts\/3694\/revisions"}],"predecessor-version":[{"id":4144,"href":"https:\/\/ednc.secteur-palaiseau.fr\/index.php?rest_route=\/wp\/v2\/posts\/3694\/revisions\/4144"}],"wp:featuredmedia":[{"embeddable":true,"href":"https:\/\/ednc.secteur-palaiseau.fr\/index.php?rest_route=\/wp\/v2\/media\/4131"}],"wp:attachment":[{"href":"https:\/\/ednc.secteur-palaiseau.fr\/index.php?rest_route=%2Fwp%2Fv2%2Fmedia&parent=3694"}],"wp:term":[{"taxonomy":"category","embeddable":true,"href":"https:\/\/ednc.secteur-palaiseau.fr\/index.php?rest_route=%2Fwp%2Fv2%2Fcategories&post=3694"},{"taxonomy":"post_tag","embeddable":true,"href":"https:\/\/ednc.secteur-palaiseau.fr\/index.php?rest_route=%2Fwp%2Fv2%2Ftags&post=3694"}],"curies":[{"name":"wp","href":"https:\/\/api.w.org\/{rel}","templated":true}]}}