{"id":3445,"date":"2022-06-22T15:30:50","date_gmt":"2022-06-22T13:30:50","guid":{"rendered":"https:\/\/ednc.secteur-palaiseau.fr\/?p=3445"},"modified":"2022-06-23T21:42:02","modified_gmt":"2022-06-23T19:42:02","slug":"buen-camino","status":"publish","type":"post","link":"https:\/\/ednc.secteur-palaiseau.fr\/?p=3445","title":{"rendered":"Buen Camino !"},"content":{"rendered":"\t\t<div data-elementor-type=\"wp-post\" data-elementor-id=\"3445\" class=\"elementor elementor-3445\">\n\t\t\t\t\t\t\t\t\t<section class=\"elementor-section elementor-top-section elementor-element elementor-element-4743ebf elementor-section-boxed elementor-section-height-default elementor-section-height-default\" data-id=\"4743ebf\" data-element_type=\"section\">\n\t\t\t\t\t\t<div class=\"elementor-container elementor-column-gap-default\">\n\t\t\t\t\t<div class=\"elementor-column elementor-col-100 elementor-top-column elementor-element elementor-element-579f5df\" data-id=\"579f5df\" data-element_type=\"column\">\n\t\t\t<div class=\"elementor-widget-wrap elementor-element-populated\">\n\t\t\t\t\t\t\t\t<div class=\"elementor-element elementor-element-8ddac73 elementor-widget elementor-widget-text-editor\" data-id=\"8ddac73\" data-element_type=\"widget\" data-widget_type=\"text-editor.default\">\n\t\t\t\t<div class=\"elementor-widget-container\">\n\t\t\t\t\t\t\t<p><em><strong>Michel Siret<\/strong><\/em><\/p>\t\t\t\t\t\t<\/div>\n\t\t\t\t<\/div>\n\t\t\t\t\t<\/div>\n\t\t<\/div>\n\t\t\t\t\t\t\t<\/div>\n\t\t<\/section>\n\t\t\t\t<section class=\"elementor-section elementor-top-section elementor-element elementor-element-e1fa5a2 elementor-section-boxed elementor-section-height-default elementor-section-height-default\" data-id=\"e1fa5a2\" data-element_type=\"section\">\n\t\t\t\t\t\t<div class=\"elementor-container elementor-column-gap-default\">\n\t\t\t\t\t<div class=\"elementor-column elementor-col-100 elementor-top-column elementor-element elementor-element-72cd192\" data-id=\"72cd192\" data-element_type=\"column\">\n\t\t\t<div class=\"elementor-widget-wrap elementor-element-populated\">\n\t\t\t\t\t\t\t\t<section class=\"elementor-section elementor-inner-section elementor-element elementor-element-8cca8e3 elementor-section-boxed elementor-section-height-default elementor-section-height-default\" data-id=\"8cca8e3\" data-element_type=\"section\">\n\t\t\t\t\t\t<div class=\"elementor-container elementor-column-gap-default\">\n\t\t\t\t\t<div class=\"elementor-column elementor-col-50 elementor-inner-column elementor-element elementor-element-328e4f9\" data-id=\"328e4f9\" data-element_type=\"column\">\n\t\t\t<div class=\"elementor-widget-wrap elementor-element-populated\">\n\t\t\t\t\t\t\t\t<div class=\"elementor-element elementor-element-552bffd elementor-widget elementor-widget-image\" data-id=\"552bffd\" data-element_type=\"widget\" data-widget_type=\"image.default\">\n\t\t\t\t<div class=\"elementor-widget-container\">\n\t\t\t\t\t\t\t\t\t\t\t\t\t\t\t<img decoding=\"async\" src=\"https:\/\/ednc.secteur-palaiseau.fr\/wp-content\/uploads\/elementor\/thumbs\/Chemin-de-St-Jacques-pqehqmfpwwmqh56ywtskeduq7q7ses8sjhej4dwotc.jpg\" title=\"Chemin de St Jacques\" alt=\"Chemin de St Jacques\" loading=\"lazy\" \/>\t\t\t\t\t\t\t\t\t\t\t\t\t\t\t<\/div>\n\t\t\t\t<\/div>\n\t\t\t\t\t<\/div>\n\t\t<\/div>\n\t\t\t\t<div class=\"elementor-column elementor-col-50 elementor-inner-column elementor-element elementor-element-8b56d66\" data-id=\"8b56d66\" data-element_type=\"column\">\n\t\t\t<div class=\"elementor-widget-wrap elementor-element-populated\">\n\t\t\t\t\t\t\t\t<div class=\"elementor-element elementor-element-206ee84 elementor-widget elementor-widget-text-editor\" data-id=\"206ee84\" data-element_type=\"widget\" data-widget_type=\"text-editor.default\">\n\t\t\t\t<div class=\"elementor-widget-container\">\n\t\t\t\t\t\t\t<p>\u00a0<\/p><p>Au d\u00e9but, c\u2019est la d\u00e9couverte, la red\u00e9couverte de ses sens. Le marcheur voit la beaut\u00e9 des paysages. \u00a0Les fleurs sur le bord du chemin, les villages aux architectures vari\u00e9es, les \u00e9glises, les croix, les murettes ancestrales qui guident les chemins, les cr\u00eates embrum\u00e9es, le lever du soleil, la profondeur des for\u00eats.<\/p><p>Il entend tout. Les pinsons, les fauvettes, les grives musiciennes, les m\u00e9sanges, les tourterelles des bois, et les merles ; l\u2019aboiement des chiens, le meuglement des vaches, le vent dans les feuilles, le crissement des troncs, le claquement de la pluie, le carillon des clochers, l\u2019\u00e9coulement des ruisseaux, et le silence \u00e0 l\u2019interieur des \u00e9glises.<\/p>\t\t\t\t\t\t<\/div>\n\t\t\t\t<\/div>\n\t\t\t\t\t<\/div>\n\t\t<\/div>\n\t\t\t\t\t\t\t<\/div>\n\t\t<\/section>\n\t\t\t\t\t<\/div>\n\t\t<\/div>\n\t\t\t\t\t\t\t<\/div>\n\t\t<\/section>\n\t\t\t\t<section class=\"elementor-section elementor-top-section elementor-element elementor-element-8b788ac elementor-section-boxed elementor-section-height-default elementor-section-height-default\" data-id=\"8b788ac\" data-element_type=\"section\">\n\t\t\t\t\t\t<div class=\"elementor-container elementor-column-gap-default\">\n\t\t\t\t\t<div class=\"elementor-column elementor-col-100 elementor-top-column elementor-element elementor-element-81625d9\" data-id=\"81625d9\" data-element_type=\"column\">\n\t\t\t<div class=\"elementor-widget-wrap elementor-element-populated\">\n\t\t\t\t\t\t\t\t<section class=\"elementor-section elementor-inner-section elementor-element elementor-element-e0228bd elementor-section-boxed elementor-section-height-default elementor-section-height-default\" data-id=\"e0228bd\" data-element_type=\"section\">\n\t\t\t\t\t\t<div class=\"elementor-container elementor-column-gap-default\">\n\t\t\t\t\t<div class=\"elementor-column elementor-col-50 elementor-inner-column elementor-element elementor-element-b7d397a\" data-id=\"b7d397a\" data-element_type=\"column\">\n\t\t\t<div class=\"elementor-widget-wrap elementor-element-populated\">\n\t\t\t\t\t\t\t\t<div class=\"elementor-element elementor-element-69bf019 elementor-widget elementor-widget-image\" data-id=\"69bf019\" data-element_type=\"widget\" data-widget_type=\"image.default\">\n\t\t\t\t<div class=\"elementor-widget-container\">\n\t\t\t\t\t\t\t\t\t\t\t\t\t\t\t<img decoding=\"async\" loading=\"lazy\" width=\"1390\" height=\"2144\" src=\"https:\/\/ednc.secteur-palaiseau.fr\/wp-content\/uploads\/2022\/06\/Rocamadour-1.jpg\" class=\"attachment-full size-full wp-image-3449\" alt=\"\" srcset=\"https:\/\/ednc.secteur-palaiseau.fr\/wp-content\/uploads\/2022\/06\/Rocamadour-1.jpg 1390w, https:\/\/ednc.secteur-palaiseau.fr\/wp-content\/uploads\/2022\/06\/Rocamadour-1-194x300.jpg 194w, https:\/\/ednc.secteur-palaiseau.fr\/wp-content\/uploads\/2022\/06\/Rocamadour-1-664x1024.jpg 664w, https:\/\/ednc.secteur-palaiseau.fr\/wp-content\/uploads\/2022\/06\/Rocamadour-1-768x1185.jpg 768w, https:\/\/ednc.secteur-palaiseau.fr\/wp-content\/uploads\/2022\/06\/Rocamadour-1-996x1536.jpg 996w, https:\/\/ednc.secteur-palaiseau.fr\/wp-content\/uploads\/2022\/06\/Rocamadour-1-1328x2048.jpg 1328w\" sizes=\"(max-width: 1390px) 100vw, 1390px\" \/>\t\t\t\t\t\t\t\t\t\t\t\t\t\t\t<\/div>\n\t\t\t\t<\/div>\n\t\t\t\t\t<\/div>\n\t\t<\/div>\n\t\t\t\t<div class=\"elementor-column elementor-col-50 elementor-inner-column elementor-element elementor-element-1241c68\" data-id=\"1241c68\" data-element_type=\"column\">\n\t\t\t<div class=\"elementor-widget-wrap elementor-element-populated\">\n\t\t\t\t\t\t\t\t<div class=\"elementor-element elementor-element-67c959f elementor-widget elementor-widget-text-editor\" data-id=\"67c959f\" data-element_type=\"widget\" data-widget_type=\"text-editor.default\">\n\t\t\t\t<div class=\"elementor-widget-container\">\n\t\t\t\t\t\t\t<p>Il hume l\u2019environnement, l\u2019odeur des bois et des for\u00eats de ch\u00eanes, de tilleuls, d\u2019eucalyptus, de ch\u00e8vrefeuilles sauvages, l\u2019herbe s\u00e8che ou mouill\u00e9e, et le passage des troupeaux \u2026 Il go\u00fbte l\u2019eau fraiche des fontaines, la saveur des fruits des bois, les offrandes des donativos.<\/p><p>Le marcheur ressent la terre, la duret\u00e9 du bitume, la l\u00e9g\u00e8ret\u00e9 des chemins sous les bois, la s\u00e9cheresse des sols, la pierre mouill\u00e9e, la douceur de la brise, la violence du vent, la brulure du soleil, la sueur qui coule sur son visage, la fraicheur des matins, l\u2019humidit\u00e9 et la froideur de la pluie.<\/p><p>Et puis, il y a l\u2019autre chemin, celui de la d\u00e9couverte de l\u2019autre, celui de la rencontre. Et pour cela, il faut enlever la cape, poser le sac \u00e0 dos, jeter les b\u00e2tons, marcher pieds nus. Alors tu admets le don d\u2019humilit\u00e9, celui qui grandit au fil du chemin, et tu vois. Tu vois dans les yeux des autres la souffrance, l\u2019esp\u00e9rance, la tristesse et la joie. Tu ressens l\u2019envie de partager, le besoin de l\u2019autre de se confier, la joie d\u2019avoir v\u00e9cu cet \u00e9change. Marcher fait remonter la joie, cette gr\u00e2ce inn\u00e9e qui nous relie et nous renforce les uns les autres. Plus elle rayonne, plus on en donne. C\u2019est peut-\u00eatre \u00e7\u00e0 l\u2019Ultreia.<\/p><p>Quand tu fais le St Jacques, tu comptes les kilom\u00e8tres, quand tu vis le St Jacques, tu t\u2019enrichis de ces moments-l\u00e0.<\/p>\t\t\t\t\t\t<\/div>\n\t\t\t\t<\/div>\n\t\t\t\t\t<\/div>\n\t\t<\/div>\n\t\t\t\t\t\t\t<\/div>\n\t\t<\/section>\n\t\t\t\t\t<\/div>\n\t\t<\/div>\n\t\t\t\t\t\t\t<\/div>\n\t\t<\/section>\n\t\t\t\t<section class=\"elementor-section elementor-top-section elementor-element elementor-element-4563f99 elementor-section-boxed elementor-section-height-default elementor-section-height-default\" data-id=\"4563f99\" data-element_type=\"section\">\n\t\t\t\t\t\t<div class=\"elementor-container elementor-column-gap-default\">\n\t\t\t\t\t<div class=\"elementor-column elementor-col-100 elementor-top-column elementor-element elementor-element-0189ac6\" data-id=\"0189ac6\" data-element_type=\"column\">\n\t\t\t<div class=\"elementor-widget-wrap elementor-element-populated\">\n\t\t\t\t\t\t\t\t<div class=\"elementor-element elementor-element-ac6991d elementor-widget elementor-widget-text-editor\" data-id=\"ac6991d\" data-element_type=\"widget\" data-widget_type=\"text-editor.default\">\n\t\t\t\t<div class=\"elementor-widget-container\">\n\t\t\t\t\t\t\t<p>Je termine par ce merveilleux mot de bienvenue dans l\u2019\u00e9glise Ste Fleur d\u2019un petit village du Quercy, Issendolus.<\/p><p style=\"padding-left: 40px;\"><span style=\"color: #008000;\">Tu chemines vers Rocamadour, St Jacques, Conques ou ailleurs,<\/span><\/p><p style=\"padding-left: 40px;\"><span style=\"color: #008000;\">Tu marches avec tes raisons ou sans, mais tu marches avec une qu\u00eate dans laquelle existe une transcendance que peut \u00eatre tu cherches encore. Tu es croyant ou non, mais tu marches.<\/span><\/p><p style=\"padding-left: 40px;\"><span style=\"color: #008000;\">Tu portes tes souvenirs de paysages et de rencontres qui composent un tr\u00e9sor, mais tu marches pour le faire grandir. Tu portes aussi ton v\u00e9cu avec ses souffrances et ses joies, mais tu marches pour les d\u00e9pouiller et n\u2019en garder que l\u2019essentiel.<\/span><\/p><p style=\"padding-left: 40px;\"><span style=\"color: #008000;\">Si tu es chr\u00e9tien, nous confions notre paroisse \u00e0 tes pri\u00e8res, que tes pas portent nos peines et nos joies pour les pr\u00e9senter \u00e0 Dieu et \u00e0 sa m\u00e8re. De notre c\u00f4t\u00e9, nous t\u2019accompagnons par nos pri\u00e8res et resterons ainsi en communion comme J\u00e9sus nous l\u2019a demand\u00e9.<\/span><\/p><p style=\"padding-left: 40px;\"><span style=\"color: #008000;\">Si tu n\u2019es pas chr\u00e9tien, sois aussi chez toi en ce lieu, n\u2019h\u00e9site pas \u00e0 prendre un temps de silence ou de recueillement. Confie ton chemin \u00e0 Ste Fleur qui d\u00e9j\u00e0 au XIVe si\u00e8cle secourait les p\u00e8lerins qui s\u2019arr\u00eataient dans son h\u00f4pital. Si tu le veux, elle sera \u00e0 tes cot\u00e9s et interc\u00e9dera jusqu\u2019\u00e0 l\u2019aboutissement de ta route.<\/span><\/p>\t\t\t\t\t\t<\/div>\n\t\t\t\t<\/div>\n\t\t\t\t\t<\/div>\n\t\t<\/div>\n\t\t\t\t\t\t\t<\/div>\n\t\t<\/section>\n\t\t\t\t\t\t\t<\/div>\n\t\t","protected":false},"excerpt":{"rendered":"<p>Michel Siret<\/p>\n<p>Ce que j&rsquo;ai retenu de ma petite exp\u00e9rience sur les chemins de St Jacques. Le Puy &#8211; Conques en Septembre dernier et Figeac &#8211; Rocamadour &#8211; St Cirq Lapopie &#8211; Figeac d\u00e9but Juin&#8230;<\/p>\n","protected":false},"author":6,"featured_media":3444,"comment_status":"closed","ping_status":"closed","sticky":false,"template":"","format":"standard","meta":{"footnotes":""},"categories":[4],"tags":[],"_links":{"self":[{"href":"https:\/\/ednc.secteur-palaiseau.fr\/index.php?rest_route=\/wp\/v2\/posts\/3445"}],"collection":[{"href":"https:\/\/ednc.secteur-palaiseau.fr\/index.php?rest_route=\/wp\/v2\/posts"}],"about":[{"href":"https:\/\/ednc.secteur-palaiseau.fr\/index.php?rest_route=\/wp\/v2\/types\/post"}],"author":[{"embeddable":true,"href":"https:\/\/ednc.secteur-palaiseau.fr\/index.php?rest_route=\/wp\/v2\/users\/6"}],"replies":[{"embeddable":true,"href":"https:\/\/ednc.secteur-palaiseau.fr\/index.php?rest_route=%2Fwp%2Fv2%2Fcomments&post=3445"}],"version-history":[{"count":37,"href":"https:\/\/ednc.secteur-palaiseau.fr\/index.php?rest_route=\/wp\/v2\/posts\/3445\/revisions"}],"predecessor-version":[{"id":3629,"href":"https:\/\/ednc.secteur-palaiseau.fr\/index.php?rest_route=\/wp\/v2\/posts\/3445\/revisions\/3629"}],"wp:featuredmedia":[{"embeddable":true,"href":"https:\/\/ednc.secteur-palaiseau.fr\/index.php?rest_route=\/wp\/v2\/media\/3444"}],"wp:attachment":[{"href":"https:\/\/ednc.secteur-palaiseau.fr\/index.php?rest_route=%2Fwp%2Fv2%2Fmedia&parent=3445"}],"wp:term":[{"taxonomy":"category","embeddable":true,"href":"https:\/\/ednc.secteur-palaiseau.fr\/index.php?rest_route=%2Fwp%2Fv2%2Fcategories&post=3445"},{"taxonomy":"post_tag","embeddable":true,"href":"https:\/\/ednc.secteur-palaiseau.fr\/index.php?rest_route=%2Fwp%2Fv2%2Ftags&post=3445"}],"curies":[{"name":"wp","href":"https:\/\/api.w.org\/{rel}","templated":true}]}}