{"id":3379,"date":"2022-06-22T17:00:04","date_gmt":"2022-06-22T15:00:04","guid":{"rendered":"https:\/\/ednc.secteur-palaiseau.fr\/?p=3379"},"modified":"2022-06-23T21:35:32","modified_gmt":"2022-06-23T19:35:32","slug":"canonisation-de-charles-de-foucauld","status":"publish","type":"post","link":"https:\/\/ednc.secteur-palaiseau.fr\/?p=3379","title":{"rendered":"Messe d&rsquo;envoi pour la Canonisation de Charles de Foucauld"},"content":{"rendered":"\t\t<div data-elementor-type=\"wp-post\" data-elementor-id=\"3379\" class=\"elementor elementor-3379\">\n\t\t\t\t\t\t\t\t\t<section class=\"elementor-section elementor-top-section elementor-element elementor-element-868c66e elementor-section-boxed elementor-section-height-default elementor-section-height-default\" data-id=\"868c66e\" data-element_type=\"section\">\n\t\t\t\t\t\t<div class=\"elementor-container elementor-column-gap-default\">\n\t\t\t\t\t<div class=\"elementor-column elementor-col-100 elementor-top-column elementor-element elementor-element-a9cc41e\" data-id=\"a9cc41e\" data-element_type=\"column\">\n\t\t\t<div class=\"elementor-widget-wrap elementor-element-populated\">\n\t\t\t\t\t\t\t\t<div class=\"elementor-element elementor-element-ed6b2f8 elementor-widget elementor-widget-heading\" data-id=\"ed6b2f8\" data-element_type=\"widget\" data-widget_type=\"heading.default\">\n\t\t\t\t<div class=\"elementor-widget-container\">\n\t\t\t<h2 class=\"elementor-heading-title elementor-size-default\">T\u00e9moignage de Monique Potevin<\/h2>\t\t<\/div>\n\t\t\t\t<\/div>\n\t\t\t\t\t<\/div>\n\t\t<\/div>\n\t\t\t\t\t\t\t<\/div>\n\t\t<\/section>\n\t\t\t\t<section class=\"elementor-section elementor-top-section elementor-element elementor-element-18605ab elementor-section-boxed elementor-section-height-default elementor-section-height-default\" data-id=\"18605ab\" data-element_type=\"section\">\n\t\t\t\t\t\t<div class=\"elementor-container elementor-column-gap-default\">\n\t\t\t\t\t<div class=\"elementor-column elementor-col-50 elementor-top-column elementor-element elementor-element-961962c\" data-id=\"961962c\" data-element_type=\"column\">\n\t\t\t<div class=\"elementor-widget-wrap elementor-element-populated\">\n\t\t\t\t\t\t\t\t<div class=\"elementor-element elementor-element-f6f0e08 elementor-widget elementor-widget-image\" data-id=\"f6f0e08\" data-element_type=\"widget\" data-widget_type=\"image.default\">\n\t\t\t\t<div class=\"elementor-widget-container\">\n\t\t\t\t\t\t\t\t\t\t\t\t\t\t\t<img decoding=\"async\" loading=\"lazy\" width=\"640\" height=\"960\" src=\"https:\/\/ednc.secteur-palaiseau.fr\/wp-content\/uploads\/2022\/06\/IMG_5839-768x1152.jpg\" class=\"attachment-medium_large size-medium_large wp-image-3405\" alt=\"\" srcset=\"https:\/\/ednc.secteur-palaiseau.fr\/wp-content\/uploads\/2022\/06\/IMG_5839-768x1152.jpg 768w, https:\/\/ednc.secteur-palaiseau.fr\/wp-content\/uploads\/2022\/06\/IMG_5839-200x300.jpg 200w, https:\/\/ednc.secteur-palaiseau.fr\/wp-content\/uploads\/2022\/06\/IMG_5839-683x1024.jpg 683w, https:\/\/ednc.secteur-palaiseau.fr\/wp-content\/uploads\/2022\/06\/IMG_5839-1024x1536.jpg 1024w, https:\/\/ednc.secteur-palaiseau.fr\/wp-content\/uploads\/2022\/06\/IMG_5839-1365x2048.jpg 1365w, https:\/\/ednc.secteur-palaiseau.fr\/wp-content\/uploads\/2022\/06\/IMG_5839-scaled-e1655321360432.jpg 267w\" sizes=\"(max-width: 640px) 100vw, 640px\" \/>\t\t\t\t\t\t\t\t\t\t\t\t\t\t\t<\/div>\n\t\t\t\t<\/div>\n\t\t\t\t\t<\/div>\n\t\t<\/div>\n\t\t\t\t<div class=\"elementor-column elementor-col-50 elementor-top-column elementor-element elementor-element-27d4b15\" data-id=\"27d4b15\" data-element_type=\"column\">\n\t\t\t<div class=\"elementor-widget-wrap elementor-element-populated\">\n\t\t\t\t\t\t\t\t<div class=\"elementor-element elementor-element-415ee85 elementor-widget elementor-widget-text-editor\" data-id=\"415ee85\" data-element_type=\"widget\" data-widget_type=\"text-editor.default\">\n\t\t\t\t<div class=\"elementor-widget-container\">\n\t\t\t\t\t\t\t<p><span style=\"font-size: 12.0pt; line-height: 115%; font-family: 'Arial',sans-serif;\">Avec Daniel nous partons \u00e0 Rome pour la canonisation de Charles de Foucauld le 15 mai prochain. Je voudrais vous t\u00e9moigner d\u2019o\u00f9 vient mon attachement \u00e0 la spiritualit\u00e9 de Charles de Foucauld depuis plus de 50 ans. Avant de rencontrer Daniel j\u2019ai m\u00eame pens\u00e9 \u00e0 un moment donn\u00e9 devenir petite s\u0153ur de l\u2019Evangile, cela va faire sourire certains qui me connaissent (n\u2019est-ce pas Jean-Fran\u00e7ois\u00a0?).<\/span><\/p><p><span style=\"font-size: 12.0pt; line-height: 115%; font-family: 'Arial',sans-serif;\">Comment mon appartenance \u00e0 une fraternit\u00e9 depuis 35 ans m\u2019a aid\u00e9 \u00e0 mieux vivre ma vie \u00e0 la suite de J\u00e9sus et \u00e0 ne pas quitter l\u2019\u00e9glise.<\/span><\/p><p><span style=\"font-size: 12.0pt; line-height: 115%; font-family: 'Arial',sans-serif;\">Charles de Foucauld redit l\u2019essentiel\u00a0:\u00a0\u00ab\u00a0Revenons \u00e0 l\u2019Evangile, sinon J\u00e9sus ne vit pas en nous.\u00a0\u00bb. Mais seule c\u2019est difficile. Il parle beaucoup de la vie de Nazareth. J\u00e9sus a v\u00e9cu 30 ans \u00e0 Nazareth, sa vie publique n\u2019a dur\u00e9 que trois ans. Il me rappelle qu\u2019il ne s\u2019agit pas forc\u00e9ment de faire de grandes choses mais de mener l\u00e0 o\u00f9 je suis une vie simple\u00a0; essayer d\u2019\u00eatre disponible \u00e0 tous, \u00e0 la derni\u00e8re place, s\u2019ins\u00e9rant dans ce qu\u2019il y a de plus humain.<\/span><\/p><p style=\"text-indent: -18.0pt; mso-list: l0 level1 lfo1;\"><!-- [if !supportLists]--><span style=\"font-size: 12.0pt; line-height: 115%; font-family: Symbol; mso-fareast-font-family: Symbol; mso-bidi-font-family: Symbol;\">\u00b7<span style=\"font-variant-numeric: normal; font-variant-east-asian: normal; font-stretch: normal; font-size: 7pt; line-height: normal; font-family: 'Times New Roman';\">\u00a0\u00a0\u00a0\u00a0\u00a0\u00a0 <\/span><\/span><!--[endif]--><span style=\"font-size: 12.0pt; line-height: 115%; font-family: 'Arial',sans-serif;\">La premi\u00e8re chose qui m\u2019a attir\u00e9e est de choisir J\u00e9sus \u00e0 Nazareth\u00a0: la vie simple, rythm\u00e9e par la pri\u00e8re, le travail, la vie de famille, les relations de voisinage<\/span><\/p>\t\t\t\t\t\t<\/div>\n\t\t\t\t<\/div>\n\t\t\t\t\t<\/div>\n\t\t<\/div>\n\t\t\t\t\t\t\t<\/div>\n\t\t<\/section>\n\t\t\t\t<section class=\"elementor-section elementor-top-section elementor-element elementor-element-54bfc2f elementor-section-boxed elementor-section-height-default elementor-section-height-default\" data-id=\"54bfc2f\" data-element_type=\"section\">\n\t\t\t\t\t\t<div class=\"elementor-container elementor-column-gap-default\">\n\t\t\t\t\t<div class=\"elementor-column elementor-col-50 elementor-top-column elementor-element elementor-element-5db7c29\" data-id=\"5db7c29\" data-element_type=\"column\">\n\t\t\t<div class=\"elementor-widget-wrap elementor-element-populated\">\n\t\t\t\t\t\t\t\t<div class=\"elementor-element elementor-element-0cdd802 elementor-widget elementor-widget-text-editor\" data-id=\"0cdd802\" data-element_type=\"widget\" data-widget_type=\"text-editor.default\">\n\t\t\t\t<div class=\"elementor-widget-container\">\n\t\t\t\t\t\t\t<p><span style=\"font-family: Arial, sans-serif; font-size: 12pt; text-indent: -18pt; font-weight: var( --e-global-typography-text-font-weight );\">Charles de J\u00e9sus d\u00e9nonce l\u2019individualisme en se comportant en fr\u00e8re universel par-del\u00e0 les exclusions\u00a0: j\u2019ai \u00e0 apprendre dans l\u2019\u00e9coute, le dialogue, \u00e0 accepter ceux qui sont diff\u00e9rents de moi dans notre soci\u00e9t\u00e9, notre \u00e9glise ce n\u2019est pas facile, diff\u00e9rents par leur culture, leur religion, leurs id\u00e9es politiques, leurs fa\u00e7ons de vivre comme chr\u00e9tien.<\/span><\/p><p style=\"text-indent: -18pt;\"><span style=\"font-size: 12pt; line-height: 18.4px; font-family: Symbol;\">\u00b7<span style=\"font-variant-numeric: normal; font-variant-east-asian: normal; font-stretch: normal; font-size: 7pt; line-height: normal; font-family: 'Times New Roman';\">\u00a0\u00a0\u00a0\u00a0\u00a0\u00a0\u00a0<\/span><\/span><span style=\"font-size: 12pt; line-height: 18.4px; font-family: Arial, sans-serif;\">Charles dit\u00a0:\u00a0\u00ab\u00a0Mon apostolat doit \u00eatre celui de la bont\u00e9. En me voyant on doit se dire\u00a0: puisque cet homme est si bon, sa religion doit \u00eatre bonne.\u00a0\u00bb. \u00ab\u00a0Je ne suis ici non pas pour convertir les Touaregs mais pour essayer de les comprendre.\u00a0\u00bb \u00ab\u00a0Il est certain qu\u2019\u00e0 c\u00f4t\u00e9 des pr\u00eatres il faut des Priscille et des Aquila voyant ceux que le pr\u00eatre ne voit pas, p\u00e9n\u00e9trant l\u00e0 o\u00f9 il ne peut pas p\u00e9n\u00e9trer, allant \u00e0 ceux qui le fuient, \u00e9vang\u00e9lisant par un contact bienfaisant, une bont\u00e9 d\u00e9bordante sur tous\u2026\u00a0\u00bb Cette vision de l\u2019\u00e9vang\u00e9lisation me s\u00e9duit encore<\/span><\/p><p style=\"text-indent: -18pt;\"><span style=\"font-size: 12pt; line-height: 18.4px; font-family: Symbol;\">\u00b7<span style=\"font-variant-numeric: normal; font-variant-east-asian: normal; font-stretch: normal; font-size: 7pt; line-height: normal; font-family: 'Times New Roman';\">\u00a0\u00a0\u00a0\u00a0\u00a0\u00a0\u00a0<\/span><\/span><span style=\"font-size: 12pt; line-height: 18.4px; font-family: Arial, sans-serif;\">Et plus tard j\u2019ai d\u00e9couvert ce qu\u2019on appelle la seconde conversion de Charles de Foucauld. Il a vu les Touaregs sacrifier pour le soigner un peu de leurs maigres ressources. Et c\u2019est \u00e0 partir de ce moment-l\u00e0 que de vraies amiti\u00e9s entre lui et les Touaregs naissent, une vraie amiti\u00e9 fond\u00e9e sur des pauvret\u00e9s partag\u00e9es.\u00a0<span style=\"font-weight: bold;\">Il faut apprendre non seulement \u00e0 donner mais aussi \u00e0 recevoir, avec humilit\u00e9. Apprendre \u00e0 demander.<\/span><\/span><\/p><p><span style=\"font-size: 12pt; line-height: 18.4px; font-family: Arial, sans-serif;\">Je m\u2019arr\u00eate l\u00e0 m\u00eame si je pourrai en parler longtemps ! Retrouvez des phrases de Charles de Foucauld sur <a href=\"https:\/\/www.secteur-palaiseau.fr\/espace-priere\/\">l&rsquo;espace Pri\u00e8re<\/a> du site du secteur, prenez le temps d\u2019en lire quelques-unes\u2026<\/span><\/p><p><span style=\"font-size: 12pt; line-height: 18.4px; font-family: Arial, sans-serif;\">Je suis heureuse d\u2019aller \u00e0 Rome o\u00f9 je vais retrouver beaucoup d\u2019amis pr\u00eatres, religieux, religieuses, \u00e9v\u00eaques, la\u00efcs du monde entier. Ils sont ma seconde famille.<\/span><\/p>\t\t\t\t\t\t<\/div>\n\t\t\t\t<\/div>\n\t\t\t\t\t<\/div>\n\t\t<\/div>\n\t\t\t\t<div class=\"elementor-column elementor-col-50 elementor-top-column elementor-element elementor-element-47fd3e9\" data-id=\"47fd3e9\" data-element_type=\"column\">\n\t\t\t<div class=\"elementor-widget-wrap elementor-element-populated\">\n\t\t\t\t\t\t\t\t<div class=\"elementor-element elementor-element-16d1a8b elementor-widget elementor-widget-image\" data-id=\"16d1a8b\" data-element_type=\"widget\" data-widget_type=\"image.default\">\n\t\t\t\t<div class=\"elementor-widget-container\">\n\t\t\t\t\t\t\t\t\t\t\t\t\t\t\t<img decoding=\"async\" loading=\"lazy\" width=\"640\" height=\"960\" src=\"https:\/\/ednc.secteur-palaiseau.fr\/wp-content\/uploads\/2022\/06\/IMG_1439-683x1024.jpg\" class=\"attachment-large size-large wp-image-3399\" alt=\"\" srcset=\"https:\/\/ednc.secteur-palaiseau.fr\/wp-content\/uploads\/2022\/06\/IMG_1439-683x1024.jpg 683w, https:\/\/ednc.secteur-palaiseau.fr\/wp-content\/uploads\/2022\/06\/IMG_1439-200x300.jpg 200w, https:\/\/ednc.secteur-palaiseau.fr\/wp-content\/uploads\/2022\/06\/IMG_1439-768x1152.jpg 768w, https:\/\/ednc.secteur-palaiseau.fr\/wp-content\/uploads\/2022\/06\/IMG_1439-1024x1536.jpg 1024w, https:\/\/ednc.secteur-palaiseau.fr\/wp-content\/uploads\/2022\/06\/IMG_1439-1365x2048.jpg 1365w, https:\/\/ednc.secteur-palaiseau.fr\/wp-content\/uploads\/2022\/06\/IMG_1439-scaled-e1655321420328.jpg 267w\" sizes=\"(max-width: 640px) 100vw, 640px\" \/>\t\t\t\t\t\t\t\t\t\t\t\t\t\t\t<\/div>\n\t\t\t\t<\/div>\n\t\t\t\t\t<\/div>\n\t\t<\/div>\n\t\t\t\t\t\t\t<\/div>\n\t\t<\/section>\n\t\t\t\t\t\t\t<\/div>\n\t\t","protected":false},"excerpt":{"rendered":"<p>Monique Potevin<\/p>\n<p>Avec Daniel nous partons \u00e0 Rome pour la canonisation de Charles de Foucauld le 15 mai prochain. Je voudrais vous t\u00e9moigner d\u2019o\u00f9 vient mon attachement \u00e0 la spiritualit\u00e9 de Charles de Foucauld depuis plus de 50 ans&#8230;<\/p>\n","protected":false},"author":10,"featured_media":3527,"comment_status":"closed","ping_status":"closed","sticky":false,"template":"","format":"standard","meta":{"footnotes":""},"categories":[4,6],"tags":[],"_links":{"self":[{"href":"https:\/\/ednc.secteur-palaiseau.fr\/index.php?rest_route=\/wp\/v2\/posts\/3379"}],"collection":[{"href":"https:\/\/ednc.secteur-palaiseau.fr\/index.php?rest_route=\/wp\/v2\/posts"}],"about":[{"href":"https:\/\/ednc.secteur-palaiseau.fr\/index.php?rest_route=\/wp\/v2\/types\/post"}],"author":[{"embeddable":true,"href":"https:\/\/ednc.secteur-palaiseau.fr\/index.php?rest_route=\/wp\/v2\/users\/10"}],"replies":[{"embeddable":true,"href":"https:\/\/ednc.secteur-palaiseau.fr\/index.php?rest_route=%2Fwp%2Fv2%2Fcomments&post=3379"}],"version-history":[{"count":27,"href":"https:\/\/ednc.secteur-palaiseau.fr\/index.php?rest_route=\/wp\/v2\/posts\/3379\/revisions"}],"predecessor-version":[{"id":3620,"href":"https:\/\/ednc.secteur-palaiseau.fr\/index.php?rest_route=\/wp\/v2\/posts\/3379\/revisions\/3620"}],"wp:featuredmedia":[{"embeddable":true,"href":"https:\/\/ednc.secteur-palaiseau.fr\/index.php?rest_route=\/wp\/v2\/media\/3527"}],"wp:attachment":[{"href":"https:\/\/ednc.secteur-palaiseau.fr\/index.php?rest_route=%2Fwp%2Fv2%2Fmedia&parent=3379"}],"wp:term":[{"taxonomy":"category","embeddable":true,"href":"https:\/\/ednc.secteur-palaiseau.fr\/index.php?rest_route=%2Fwp%2Fv2%2Fcategories&post=3379"},{"taxonomy":"post_tag","embeddable":true,"href":"https:\/\/ednc.secteur-palaiseau.fr\/index.php?rest_route=%2Fwp%2Fv2%2Ftags&post=3379"}],"curies":[{"name":"wp","href":"https:\/\/api.w.org\/{rel}","templated":true}]}}