{"id":3196,"date":"2022-06-22T18:00:11","date_gmt":"2022-06-22T16:00:11","guid":{"rendered":"https:\/\/ednc.secteur-palaiseau.fr\/?p=3196"},"modified":"2022-06-23T21:47:21","modified_gmt":"2022-06-23T19:47:21","slug":"la-joie-de-devenir-chretien-pour-adeline-mariella-dylan-yannis-et-chris","status":"publish","type":"post","link":"https:\/\/ednc.secteur-palaiseau.fr\/?p=3196","title":{"rendered":"La joie de devenir chr\u00e9tien pour Adeline, Mariella, Dylan, Yannis et Chris"},"content":{"rendered":"\t\t<div data-elementor-type=\"wp-post\" data-elementor-id=\"3196\" class=\"elementor elementor-3196\">\n\t\t\t\t\t\t\t\t\t<section class=\"elementor-section elementor-top-section elementor-element elementor-element-1eae964 elementor-section-boxed elementor-section-height-default elementor-section-height-default\" data-id=\"1eae964\" data-element_type=\"section\">\n\t\t\t\t\t\t<div class=\"elementor-container elementor-column-gap-default\">\n\t\t\t\t\t<div class=\"elementor-column elementor-col-100 elementor-top-column elementor-element elementor-element-224d30b\" data-id=\"224d30b\" data-element_type=\"column\">\n\t\t\t<div class=\"elementor-widget-wrap elementor-element-populated\">\n\t\t\t\t\t\t\t\t<div class=\"elementor-element elementor-element-eb98af0 elementor-widget elementor-widget-text-editor\" data-id=\"eb98af0\" data-element_type=\"widget\" data-widget_type=\"text-editor.default\">\n\t\t\t\t<div class=\"elementor-widget-container\">\n\t\t\t\t\t\t\t<p><em><strong>Anne Dup\u00e9 pour l&rsquo;\u00e9quipe du Cat\u00e9chum\u00e9nat<\/strong><\/em><\/p>\n<p>Au cours de la veill\u00e9e Pascale, Adeline, Mariella, Dylan, Yannis et Chris ont re\u00e7u les sacrements du bapt\u00eame, de l&rsquo;eucharistie et de la confirmation. Ils ont chemin\u00e9 pendant pr\u00e8s de deux ans avec les accompagnateurs de l&rsquo;\u00e9quipe de cat\u00e9chum\u00e9nat, et soutenus par nos communaut\u00e9s paroissiales. Aujourd&rsquo;hui, ils nous livrent le t\u00e9moignage de leur parcours, de leur foi.. avec les photos de Gilles Chevallier, qui a saisi si bien la joie des baptis\u00e9s !<\/p>\t\t\t\t\t\t<\/div>\n\t\t\t\t<\/div>\n\t\t\t\t\t<\/div>\n\t\t<\/div>\n\t\t\t\t\t\t\t<\/div>\n\t\t<\/section>\n\t\t\t\t<section class=\"elementor-section elementor-top-section elementor-element elementor-element-62f19d3 elementor-section-boxed elementor-section-height-default elementor-section-height-default\" data-id=\"62f19d3\" data-element_type=\"section\">\n\t\t\t\t\t\t<div class=\"elementor-container elementor-column-gap-default\">\n\t\t\t\t\t<div class=\"elementor-column elementor-col-25 elementor-top-column elementor-element elementor-element-eb0fe28\" data-id=\"eb0fe28\" data-element_type=\"column\">\n\t\t\t<div class=\"elementor-widget-wrap elementor-element-populated\">\n\t\t\t\t\t\t\t\t<div class=\"elementor-element elementor-element-c2af07a elementor-widget elementor-widget-image\" data-id=\"c2af07a\" data-element_type=\"widget\" data-widget_type=\"image.default\">\n\t\t\t\t<div class=\"elementor-widget-container\">\n\t\t\t\t\t\t\t\t\t\t\t\t\t\t\t<img decoding=\"async\" loading=\"lazy\" width=\"610\" height=\"814\" src=\"https:\/\/ednc.secteur-palaiseau.fr\/wp-content\/uploads\/2022\/06\/Mariella_bapteme.jpg\" class=\"attachment-large size-large wp-image-3213\" alt=\"\" srcset=\"https:\/\/ednc.secteur-palaiseau.fr\/wp-content\/uploads\/2022\/06\/Mariella_bapteme.jpg 610w, https:\/\/ednc.secteur-palaiseau.fr\/wp-content\/uploads\/2022\/06\/Mariella_bapteme-225x300.jpg 225w\" sizes=\"(max-width: 610px) 100vw, 610px\" \/>\t\t\t\t\t\t\t\t\t\t\t\t\t\t\t<\/div>\n\t\t\t\t<\/div>\n\t\t\t\t\t<\/div>\n\t\t<\/div>\n\t\t\t\t<div class=\"elementor-column elementor-col-50 elementor-top-column elementor-element elementor-element-1e916fd\" data-id=\"1e916fd\" data-element_type=\"column\">\n\t\t\t<div class=\"elementor-widget-wrap elementor-element-populated\">\n\t\t\t\t\t\t\t\t<div class=\"elementor-element elementor-element-399509c elementor-widget elementor-widget-text-editor\" data-id=\"399509c\" data-element_type=\"widget\" data-widget_type=\"text-editor.default\">\n\t\t\t\t<div class=\"elementor-widget-container\">\n\t\t\t\t\t\t\t<p><strong>Mariella<br \/><\/strong><em>Mon bapt\u00eame\u00a0 vient couronner\u00a0 deux belles ann\u00e9es riches en rencontres, discussions et de questionnements. En effet, je ressors grandie de cette exp\u00e9rience spirituellement et \u00e9motionnellement. <\/em><br \/><em>La c\u00e9r\u00e9monie du 16 avril 2022 f\u00fbt magnifique, l&rsquo;entr\u00e9e dans une \u00e9glise \u00e9clair\u00e9e seulement par les bougies, la bonne humeur des pr\u00eatres, les textes et chants choisis lui ont donn\u00e9 une saveur particuli\u00e8re. <\/em><br \/><em>Je remercie chaleureusement toute l&rsquo;\u00e9quipe du cat\u00e9chum\u00e9nat, mes accompagnatrices Elisabeth et Christine, les b\u00e9n\u00e9voles, les fid\u00e8les , ma marraine, ma famille, le P\u00e8re Jean-Fran\u00e7ois et mes 4 autres comparses\u00a0 avec qui j&rsquo;ai partag\u00e9 ce moment de joie. <\/em><br \/><em>Merci \u00e0 vous d&rsquo;avoir contribu\u00e9 chacun \u00e0 votre mani\u00e8re, \u00e0 rendre ce moment unique, fort en \u00e9motion et en joie. <\/em><br \/><em>Se faire baptiser enceinte, entour\u00e9e des siens est un moment intense et \u00e9mouvant que je n&rsquo;oublierai jamais. <\/em><br \/><em>Gloire \u00e0 Dieu et h\u00e2te de voir ce que l&rsquo;avenir me r\u00e9serve en tant que Chr\u00e9tienne.<\/em> <\/p>\t\t\t\t\t\t<\/div>\n\t\t\t\t<\/div>\n\t\t\t\t\t<\/div>\n\t\t<\/div>\n\t\t\t\t<div class=\"elementor-column elementor-col-25 elementor-top-column elementor-element elementor-element-ed2f882\" data-id=\"ed2f882\" data-element_type=\"column\">\n\t\t\t<div class=\"elementor-widget-wrap elementor-element-populated\">\n\t\t\t\t\t\t\t\t<div class=\"elementor-element elementor-element-c9ade2c elementor-widget elementor-widget-image\" data-id=\"c9ade2c\" data-element_type=\"widget\" data-widget_type=\"image.default\">\n\t\t\t\t<div class=\"elementor-widget-container\">\n\t\t\t\t\t\t\t\t\t\t\t\t\t\t\t<img decoding=\"async\" loading=\"lazy\" width=\"610\" height=\"805\" src=\"https:\/\/ednc.secteur-palaiseau.fr\/wp-content\/uploads\/2022\/06\/Mariella_confirmation.jpg\" class=\"attachment-large size-large wp-image-3214\" alt=\"\" srcset=\"https:\/\/ednc.secteur-palaiseau.fr\/wp-content\/uploads\/2022\/06\/Mariella_confirmation.jpg 610w, https:\/\/ednc.secteur-palaiseau.fr\/wp-content\/uploads\/2022\/06\/Mariella_confirmation-227x300.jpg 227w\" sizes=\"(max-width: 610px) 100vw, 610px\" \/>\t\t\t\t\t\t\t\t\t\t\t\t\t\t\t<\/div>\n\t\t\t\t<\/div>\n\t\t\t\t\t<\/div>\n\t\t<\/div>\n\t\t\t\t\t\t\t<\/div>\n\t\t<\/section>\n\t\t\t\t<section class=\"elementor-section elementor-top-section elementor-element elementor-element-9872742 elementor-section-boxed elementor-section-height-default elementor-section-height-default\" data-id=\"9872742\" data-element_type=\"section\">\n\t\t\t\t\t\t<div class=\"elementor-container elementor-column-gap-default\">\n\t\t\t\t\t<div class=\"elementor-column elementor-col-25 elementor-top-column elementor-element elementor-element-014656f\" data-id=\"014656f\" data-element_type=\"column\">\n\t\t\t<div class=\"elementor-widget-wrap elementor-element-populated\">\n\t\t\t\t\t\t\t\t<div class=\"elementor-element elementor-element-b7899f8 elementor-widget elementor-widget-image\" data-id=\"b7899f8\" data-element_type=\"widget\" data-widget_type=\"image.default\">\n\t\t\t\t<div class=\"elementor-widget-container\">\n\t\t\t\t\t\t\t\t\t\t\t\t\t\t\t<img decoding=\"async\" loading=\"lazy\" width=\"640\" height=\"488\" src=\"https:\/\/ednc.secteur-palaiseau.fr\/wp-content\/uploads\/2022\/06\/Yannis_bapteme.jpg\" class=\"attachment-large size-large wp-image-3225\" alt=\"\" srcset=\"https:\/\/ednc.secteur-palaiseau.fr\/wp-content\/uploads\/2022\/06\/Yannis_bapteme.jpg 869w, https:\/\/ednc.secteur-palaiseau.fr\/wp-content\/uploads\/2022\/06\/Yannis_bapteme-300x229.jpg 300w, https:\/\/ednc.secteur-palaiseau.fr\/wp-content\/uploads\/2022\/06\/Yannis_bapteme-768x585.jpg 768w\" sizes=\"(max-width: 640px) 100vw, 640px\" \/>\t\t\t\t\t\t\t\t\t\t\t\t\t\t\t<\/div>\n\t\t\t\t<\/div>\n\t\t\t\t\t<\/div>\n\t\t<\/div>\n\t\t\t\t<div class=\"elementor-column elementor-col-50 elementor-top-column elementor-element elementor-element-4dd174c\" data-id=\"4dd174c\" data-element_type=\"column\">\n\t\t\t<div class=\"elementor-widget-wrap elementor-element-populated\">\n\t\t\t\t\t\t\t\t<div class=\"elementor-element elementor-element-a2e0d15 elementor-widget elementor-widget-text-editor\" data-id=\"a2e0d15\" data-element_type=\"widget\" data-widget_type=\"text-editor.default\">\n\t\t\t\t<div class=\"elementor-widget-container\">\n\t\t\t\t\t\t\t<p><strong>Yannis<br \/><\/strong><em>je m\u2019appelle Yannis Dandach, je suis artiste de cirque, com\u00e9dien clown, formateur et intervenant.<\/em><br \/><em>Il y a deux ans, un de mes meilleurs amis m\u2019a propos\u00e9 d\u2019\u00eatre le parrain de son fils, j\u2019ai tout de suite accept\u00e9. Depuis petit, \u00e9galement, je suis tr\u00e8s proche et je me sens en ad\u00e9quation avec le christianisme et J\u00e9sus. J\u2019ai toujours souhait\u00e9 me faire baptiser. Ces \u00e9v\u00e9nements ont contribu\u00e9 \u00e0 mon \u00e9lan de passer \u00e0 l\u2019acte.<\/em><br \/><em>J\u2019ai choisi pour marraine la grand-m\u00e8re de mon futur filleul. Puis j\u2019ai suivi le parcours du cat\u00e9chum\u00e9nat avec Elisabeth et Chantal. Nous nous sommes vus deux ou trois fois par mois pour avancer et cheminer ensemble sur cette route de paix et d\u2019amour.<\/em><br \/><em>J\u2019ai particuli\u00e8rement appr\u00e9ci\u00e9 cette exp\u00e9rience, je me suis senti guid\u00e9 et soutenu durant ce parcours. La bienveillance de l\u2019\u00e9quipe des cat\u00e9chum\u00e8nes et de mes deux accompagnatrices m\u2019ont permis de rentrer peu \u00e0 peu dans l\u2019\u00e9glise et de me connecter au ciel.<\/em><br \/><em>Vers la fin de ce cheminement, des sursauts et des acc\u00e9l\u00e9rations se sont fait sentir, de diff\u00e9rentes fa\u00e7ons. Maintenant que je suis baptis\u00e9 je me rends compte que cette nouvelle vie commence.<\/em><br \/><em>Un grand merci \u00e0 toute l\u2019\u00e9quipe accompagnatrice, \u00e0 ma marraine \u00e0 toutes les personnes qui m\u2019ont permis d\u2019arriver o\u00f9 j\u2019en suis.<\/em><br \/><em>Et je souhaite beaucoup de bonheur aux personnes qui souhaitent entreprendre \u00e0 leur tour ce chemin.<\/em><\/p>\t\t\t\t\t\t<\/div>\n\t\t\t\t<\/div>\n\t\t\t\t\t<\/div>\n\t\t<\/div>\n\t\t\t\t<div class=\"elementor-column elementor-col-25 elementor-top-column elementor-element elementor-element-d1a2177\" data-id=\"d1a2177\" data-element_type=\"column\">\n\t\t\t<div class=\"elementor-widget-wrap elementor-element-populated\">\n\t\t\t\t\t\t\t\t<div class=\"elementor-element elementor-element-b88000e elementor-widget elementor-widget-image\" data-id=\"b88000e\" data-element_type=\"widget\" data-widget_type=\"image.default\">\n\t\t\t\t<div class=\"elementor-widget-container\">\n\t\t\t\t\t\t\t\t\t\t\t\t\t\t\t<img decoding=\"async\" loading=\"lazy\" width=\"640\" height=\"472\" src=\"https:\/\/ednc.secteur-palaiseau.fr\/wp-content\/uploads\/2022\/06\/Yannis_confirmation-1024x755.jpg\" class=\"attachment-large size-large wp-image-3224\" alt=\"\" srcset=\"https:\/\/ednc.secteur-palaiseau.fr\/wp-content\/uploads\/2022\/06\/Yannis_confirmation-1024x755.jpg 1024w, https:\/\/ednc.secteur-palaiseau.fr\/wp-content\/uploads\/2022\/06\/Yannis_confirmation-300x221.jpg 300w, https:\/\/ednc.secteur-palaiseau.fr\/wp-content\/uploads\/2022\/06\/Yannis_confirmation-768x566.jpg 768w, https:\/\/ednc.secteur-palaiseau.fr\/wp-content\/uploads\/2022\/06\/Yannis_confirmation.jpg 1178w\" sizes=\"(max-width: 640px) 100vw, 640px\" \/>\t\t\t\t\t\t\t\t\t\t\t\t\t\t\t<\/div>\n\t\t\t\t<\/div>\n\t\t\t\t\t<\/div>\n\t\t<\/div>\n\t\t\t\t\t\t\t<\/div>\n\t\t<\/section>\n\t\t\t\t<section class=\"elementor-section elementor-top-section elementor-element elementor-element-872e40d elementor-section-boxed elementor-section-height-default elementor-section-height-default\" data-id=\"872e40d\" data-element_type=\"section\">\n\t\t\t\t\t\t<div class=\"elementor-container elementor-column-gap-default\">\n\t\t\t\t\t<div class=\"elementor-column elementor-col-25 elementor-top-column elementor-element elementor-element-de90384\" data-id=\"de90384\" data-element_type=\"column\">\n\t\t\t<div class=\"elementor-widget-wrap elementor-element-populated\">\n\t\t\t\t\t\t\t\t<div class=\"elementor-element elementor-element-01e9c9c elementor-widget elementor-widget-image\" data-id=\"01e9c9c\" data-element_type=\"widget\" data-widget_type=\"image.default\">\n\t\t\t\t<div class=\"elementor-widget-container\">\n\t\t\t\t\t\t\t\t\t\t\t\t\t\t\t<img decoding=\"async\" loading=\"lazy\" width=\"541\" height=\"621\" src=\"https:\/\/ednc.secteur-palaiseau.fr\/wp-content\/uploads\/2022\/06\/Dylan_bapteme.jpg\" class=\"attachment-large size-large wp-image-3237\" alt=\"\" srcset=\"https:\/\/ednc.secteur-palaiseau.fr\/wp-content\/uploads\/2022\/06\/Dylan_bapteme.jpg 541w, https:\/\/ednc.secteur-palaiseau.fr\/wp-content\/uploads\/2022\/06\/Dylan_bapteme-261x300.jpg 261w\" sizes=\"(max-width: 541px) 100vw, 541px\" \/>\t\t\t\t\t\t\t\t\t\t\t\t\t\t\t<\/div>\n\t\t\t\t<\/div>\n\t\t\t\t\t<\/div>\n\t\t<\/div>\n\t\t\t\t<div class=\"elementor-column elementor-col-50 elementor-top-column elementor-element elementor-element-a372b68\" data-id=\"a372b68\" data-element_type=\"column\">\n\t\t\t<div class=\"elementor-widget-wrap elementor-element-populated\">\n\t\t\t\t\t\t\t\t<div class=\"elementor-element elementor-element-3c7017e elementor-widget elementor-widget-text-editor\" data-id=\"3c7017e\" data-element_type=\"widget\" data-widget_type=\"text-editor.default\">\n\t\t\t\t<div class=\"elementor-widget-container\">\n\t\t\t\t\t\t\t<p><strong>Dylan<br \/><\/strong><em>Ce cheminement a \u00e9t\u00e9 pour moi un voyage comme on n&rsquo;en fait peu dans sa vie. Si cela ne me faisait me d\u00e9placer que dans certaines villes dans l&rsquo;Essonne, le cat\u00e9chum\u00e9nat m&rsquo;a toutefois fait voyager plus que je ne l&rsquo;aurais imagin\u00e9 spirituellement. Mes accompagnateurs, Anne et Bruno,\u00a0m&rsquo;ont aid\u00e9 tout du long \u00e0 trouver Dieu, \u00e0 rencontrer son peuple et \u00e0 comprendre tout le sens de la communion de ce dernier.\u00a0<\/em><br \/><em>Les trois sacrements, en plus de m&rsquo;avoir permis de faire partie du corps de notre Seigneur, a \u00e9t\u00e9 l&rsquo;aboutissement du cat\u00e9chum\u00e9nat, parcours dans lequel toute l&rsquo;\u00e9quipe \u00e9tait pr\u00e9sente et accueillante. Cela m&rsquo;a permis d&rsquo;aller \u00e0 l&rsquo;\u00e9glise bien plus r\u00e9guli\u00e8rement, et de rencontrer de belles personnes.\u00a0<\/em><br \/><em>\u00c0 ceux qui sont int\u00e9ress\u00e9s, n&rsquo;ayez pas peur de vous lancer : la communaut\u00e9 sera pr\u00e9sente, et Dieu vous soutiendra dans chaque \u00e9tape<\/em><\/p>\t\t\t\t\t\t<\/div>\n\t\t\t\t<\/div>\n\t\t\t\t\t<\/div>\n\t\t<\/div>\n\t\t\t\t<div class=\"elementor-column elementor-col-25 elementor-top-column elementor-element elementor-element-cb60a8f\" data-id=\"cb60a8f\" data-element_type=\"column\">\n\t\t\t<div class=\"elementor-widget-wrap elementor-element-populated\">\n\t\t\t\t\t\t\t\t<div class=\"elementor-element elementor-element-04fbc79 elementor-widget elementor-widget-image\" data-id=\"04fbc79\" data-element_type=\"widget\" data-widget_type=\"image.default\">\n\t\t\t\t<div class=\"elementor-widget-container\">\n\t\t\t\t\t\t\t\t\t\t\t\t\t\t\t<img decoding=\"async\" loading=\"lazy\" width=\"640\" height=\"413\" src=\"https:\/\/ednc.secteur-palaiseau.fr\/wp-content\/uploads\/2022\/06\/Dylan_confirmation-1024x661.jpg\" class=\"attachment-large size-large wp-image-3236\" alt=\"\" srcset=\"https:\/\/ednc.secteur-palaiseau.fr\/wp-content\/uploads\/2022\/06\/Dylan_confirmation-1024x661.jpg 1024w, https:\/\/ednc.secteur-palaiseau.fr\/wp-content\/uploads\/2022\/06\/Dylan_confirmation-300x194.jpg 300w, https:\/\/ednc.secteur-palaiseau.fr\/wp-content\/uploads\/2022\/06\/Dylan_confirmation-768x495.jpg 768w, https:\/\/ednc.secteur-palaiseau.fr\/wp-content\/uploads\/2022\/06\/Dylan_confirmation.jpg 1223w\" sizes=\"(max-width: 640px) 100vw, 640px\" \/>\t\t\t\t\t\t\t\t\t\t\t\t\t\t\t<\/div>\n\t\t\t\t<\/div>\n\t\t\t\t\t<\/div>\n\t\t<\/div>\n\t\t\t\t\t\t\t<\/div>\n\t\t<\/section>\n\t\t\t\t<section class=\"elementor-section elementor-top-section elementor-element elementor-element-3bc3b00 elementor-section-boxed elementor-section-height-default elementor-section-height-default\" data-id=\"3bc3b00\" data-element_type=\"section\">\n\t\t\t\t\t\t<div class=\"elementor-container elementor-column-gap-default\">\n\t\t\t\t\t<div class=\"elementor-column elementor-col-25 elementor-top-column elementor-element elementor-element-67a4bd6\" data-id=\"67a4bd6\" data-element_type=\"column\">\n\t\t\t<div class=\"elementor-widget-wrap elementor-element-populated\">\n\t\t\t\t\t\t\t\t<div class=\"elementor-element elementor-element-36251ac elementor-widget elementor-widget-image\" data-id=\"36251ac\" data-element_type=\"widget\" data-widget_type=\"image.default\">\n\t\t\t\t<div class=\"elementor-widget-container\">\n\t\t\t\t\t\t\t\t\t\t\t\t\t\t\t<img decoding=\"async\" loading=\"lazy\" width=\"610\" height=\"775\" src=\"https:\/\/ednc.secteur-palaiseau.fr\/wp-content\/uploads\/2022\/06\/Adeline_bapteme.jpg\" class=\"attachment-large size-large wp-image-3244\" alt=\"\" srcset=\"https:\/\/ednc.secteur-palaiseau.fr\/wp-content\/uploads\/2022\/06\/Adeline_bapteme.jpg 610w, https:\/\/ednc.secteur-palaiseau.fr\/wp-content\/uploads\/2022\/06\/Adeline_bapteme-236x300.jpg 236w\" sizes=\"(max-width: 610px) 100vw, 610px\" \/>\t\t\t\t\t\t\t\t\t\t\t\t\t\t\t<\/div>\n\t\t\t\t<\/div>\n\t\t\t\t\t<\/div>\n\t\t<\/div>\n\t\t\t\t<div class=\"elementor-column elementor-col-50 elementor-top-column elementor-element elementor-element-2d8fd60\" data-id=\"2d8fd60\" data-element_type=\"column\">\n\t\t\t<div class=\"elementor-widget-wrap elementor-element-populated\">\n\t\t\t\t\t\t\t\t<div class=\"elementor-element elementor-element-88439fd elementor-widget elementor-widget-text-editor\" data-id=\"88439fd\" data-element_type=\"widget\" data-widget_type=\"text-editor.default\">\n\t\t\t\t<div class=\"elementor-widget-container\">\n\t\t\t\t\t\t\t<p><strong>Adeline<br \/><\/strong><em>C&rsquo;est la conclusion d&rsquo;une ann\u00e9e et demi d&rsquo;\u00e9tude de l&rsquo;\u00e9vangile de St Marc avec mon accompagnatrice. De r\u00e9unions avec d&rsquo;autres cat\u00e9chum\u00e8nes comme moi. D&rsquo;\u00e9v\u00e9nements festifs et conviviaux. De r\u00e9unions de discussion.\u00a0<\/em><br \/><em>D&rsquo;un temps de r\u00e9flexion sur moi m\u00eame, sur Dieu, sur J\u00e9sus, sur ce que cela repr\u00e9sente pour moi, mais aussi pour les autres.<\/em><br \/><em>C&rsquo;\u00e9tait aussi, l&rsquo;occasion de choisir un parrain et une marraine. Deux personnes pour m&rsquo;entourer et m&rsquo;accompagner dans l&rsquo;amour, le leur comme celui de J\u00e9sus.<\/em><br \/><em>C&rsquo;est aussi le d\u00e9but de ma vie de chr\u00e9tienne. De t\u00e9moin de l&rsquo;amour du Christ et de son enseignement. Je sais aujourd&rsquo;hui que j&rsquo;ai encore tant \u00e0 apprendre et je sais que je ne serais plus seule sur ce chemin.<\/em><\/p>\t\t\t\t\t\t<\/div>\n\t\t\t\t<\/div>\n\t\t\t\t\t<\/div>\n\t\t<\/div>\n\t\t\t\t<div class=\"elementor-column elementor-col-25 elementor-top-column elementor-element elementor-element-77715b5\" data-id=\"77715b5\" data-element_type=\"column\">\n\t\t\t<div class=\"elementor-widget-wrap elementor-element-populated\">\n\t\t\t\t\t\t\t\t<div class=\"elementor-element elementor-element-46bb469 elementor-widget elementor-widget-image\" data-id=\"46bb469\" data-element_type=\"widget\" data-widget_type=\"image.default\">\n\t\t\t\t<div class=\"elementor-widget-container\">\n\t\t\t\t\t\t\t\t\t\t\t\t\t\t\t<img decoding=\"async\" loading=\"lazy\" width=\"610\" height=\"914\" src=\"https:\/\/ednc.secteur-palaiseau.fr\/wp-content\/uploads\/2022\/06\/Adeline_bapteme2.jpg\" class=\"attachment-large size-large wp-image-3245\" alt=\"\" srcset=\"https:\/\/ednc.secteur-palaiseau.fr\/wp-content\/uploads\/2022\/06\/Adeline_bapteme2.jpg 610w, https:\/\/ednc.secteur-palaiseau.fr\/wp-content\/uploads\/2022\/06\/Adeline_bapteme2-200x300.jpg 200w\" sizes=\"(max-width: 610px) 100vw, 610px\" \/>\t\t\t\t\t\t\t\t\t\t\t\t\t\t\t<\/div>\n\t\t\t\t<\/div>\n\t\t\t\t\t<\/div>\n\t\t<\/div>\n\t\t\t\t\t\t\t<\/div>\n\t\t<\/section>\n\t\t\t\t<section class=\"elementor-section elementor-top-section elementor-element elementor-element-2cb07c3 elementor-section-boxed elementor-section-height-default elementor-section-height-default\" data-id=\"2cb07c3\" data-element_type=\"section\">\n\t\t\t\t\t\t<div class=\"elementor-container elementor-column-gap-default\">\n\t\t\t\t\t<div class=\"elementor-column elementor-col-25 elementor-top-column elementor-element elementor-element-8e343a0\" data-id=\"8e343a0\" data-element_type=\"column\">\n\t\t\t<div class=\"elementor-widget-wrap elementor-element-populated\">\n\t\t\t\t\t\t\t\t<div class=\"elementor-element elementor-element-7edbbde elementor-widget elementor-widget-text-editor\" data-id=\"7edbbde\" data-element_type=\"widget\" data-widget_type=\"text-editor.default\">\n\t\t\t\t<div class=\"elementor-widget-container\">\n\t\t\t\t\t\t\t<p><strong>Chris<\/strong><\/p>\t\t\t\t\t\t<\/div>\n\t\t\t\t<\/div>\n\t\t\t\t\t<\/div>\n\t\t<\/div>\n\t\t\t\t<div class=\"elementor-column elementor-col-25 elementor-top-column elementor-element elementor-element-85486fe\" data-id=\"85486fe\" data-element_type=\"column\">\n\t\t\t<div class=\"elementor-widget-wrap elementor-element-populated\">\n\t\t\t\t\t\t\t\t<div class=\"elementor-element elementor-element-92a9527 elementor-widget elementor-widget-image\" data-id=\"92a9527\" data-element_type=\"widget\" data-widget_type=\"image.default\">\n\t\t\t\t<div class=\"elementor-widget-container\">\n\t\t\t\t\t\t\t\t\t\t\t\t\t\t\t<img decoding=\"async\" loading=\"lazy\" width=\"640\" height=\"450\" src=\"https:\/\/ednc.secteur-palaiseau.fr\/wp-content\/uploads\/2022\/06\/Chris_bapteme-1024x720.jpg\" class=\"attachment-large size-large wp-image-3253\" alt=\"\" srcset=\"https:\/\/ednc.secteur-palaiseau.fr\/wp-content\/uploads\/2022\/06\/Chris_bapteme-1024x720.jpg 1024w, https:\/\/ednc.secteur-palaiseau.fr\/wp-content\/uploads\/2022\/06\/Chris_bapteme-300x211.jpg 300w, https:\/\/ednc.secteur-palaiseau.fr\/wp-content\/uploads\/2022\/06\/Chris_bapteme-768x540.jpg 768w, https:\/\/ednc.secteur-palaiseau.fr\/wp-content\/uploads\/2022\/06\/Chris_bapteme.jpg 1180w\" sizes=\"(max-width: 640px) 100vw, 640px\" \/>\t\t\t\t\t\t\t\t\t\t\t\t\t\t\t<\/div>\n\t\t\t\t<\/div>\n\t\t\t\t\t<\/div>\n\t\t<\/div>\n\t\t\t\t<div class=\"elementor-column elementor-col-25 elementor-top-column elementor-element elementor-element-f33dfe2\" data-id=\"f33dfe2\" data-element_type=\"column\">\n\t\t\t<div class=\"elementor-widget-wrap elementor-element-populated\">\n\t\t\t\t\t\t\t\t<div class=\"elementor-element elementor-element-28c63a8 elementor-widget elementor-widget-image\" data-id=\"28c63a8\" data-element_type=\"widget\" data-widget_type=\"image.default\">\n\t\t\t\t<div class=\"elementor-widget-container\">\n\t\t\t\t\t\t\t\t\t\t\t\t\t\t\t<img decoding=\"async\" loading=\"lazy\" width=\"610\" height=\"770\" src=\"https:\/\/ednc.secteur-palaiseau.fr\/wp-content\/uploads\/2022\/06\/Chris_confirmation.jpg\" class=\"attachment-large size-large wp-image-3254\" alt=\"\" srcset=\"https:\/\/ednc.secteur-palaiseau.fr\/wp-content\/uploads\/2022\/06\/Chris_confirmation.jpg 610w, https:\/\/ednc.secteur-palaiseau.fr\/wp-content\/uploads\/2022\/06\/Chris_confirmation-238x300.jpg 238w\" sizes=\"(max-width: 610px) 100vw, 610px\" \/>\t\t\t\t\t\t\t\t\t\t\t\t\t\t\t<\/div>\n\t\t\t\t<\/div>\n\t\t\t\t\t<\/div>\n\t\t<\/div>\n\t\t\t\t<div class=\"elementor-column elementor-col-25 elementor-top-column elementor-element elementor-element-5f887fb\" data-id=\"5f887fb\" data-element_type=\"column\">\n\t\t\t<div class=\"elementor-widget-wrap elementor-element-populated\">\n\t\t\t\t\t\t\t\t<div class=\"elementor-element elementor-element-31af318 elementor-widget elementor-widget-image\" data-id=\"31af318\" data-element_type=\"widget\" data-widget_type=\"image.default\">\n\t\t\t\t<div class=\"elementor-widget-container\">\n\t\t\t\t\t\t\t\t\t\t\t\t\t\t\t<img decoding=\"async\" loading=\"lazy\" width=\"640\" height=\"577\" src=\"https:\/\/ednc.secteur-palaiseau.fr\/wp-content\/uploads\/2022\/06\/Eucharistie.jpg\" class=\"attachment-large size-large wp-image-3255\" alt=\"\" srcset=\"https:\/\/ednc.secteur-palaiseau.fr\/wp-content\/uploads\/2022\/06\/Eucharistie.jpg 700w, https:\/\/ednc.secteur-palaiseau.fr\/wp-content\/uploads\/2022\/06\/Eucharistie-300x270.jpg 300w\" sizes=\"(max-width: 640px) 100vw, 640px\" \/>\t\t\t\t\t\t\t\t\t\t\t\t\t\t\t<\/div>\n\t\t\t\t<\/div>\n\t\t\t\t\t<\/div>\n\t\t<\/div>\n\t\t\t\t\t\t\t<\/div>\n\t\t<\/section>\n\t\t\t\t\t\t\t<\/div>\n\t\t","protected":false},"excerpt":{"rendered":"<p>Anne Dup\u00e9 pour l&rsquo;\u00e9quipe du Cat\u00e9chum\u00e9nat<\/p>\n<p>Au cours de la veill\u00e9e pascale, Adeline, Mariella, Dylan, Yannis et Chris ont re\u00e7u les sacrements du bapt\u00eame, de l&rsquo;eucharistie et de la confirmation&#8230;<\/p>\n","protected":false},"author":2,"featured_media":3271,"comment_status":"closed","ping_status":"closed","sticky":false,"template":"","format":"standard","meta":{"footnotes":""},"categories":[4],"tags":[],"_links":{"self":[{"href":"https:\/\/ednc.secteur-palaiseau.fr\/index.php?rest_route=\/wp\/v2\/posts\/3196"}],"collection":[{"href":"https:\/\/ednc.secteur-palaiseau.fr\/index.php?rest_route=\/wp\/v2\/posts"}],"about":[{"href":"https:\/\/ednc.secteur-palaiseau.fr\/index.php?rest_route=\/wp\/v2\/types\/post"}],"author":[{"embeddable":true,"href":"https:\/\/ednc.secteur-palaiseau.fr\/index.php?rest_route=\/wp\/v2\/users\/2"}],"replies":[{"embeddable":true,"href":"https:\/\/ednc.secteur-palaiseau.fr\/index.php?rest_route=%2Fwp%2Fv2%2Fcomments&post=3196"}],"version-history":[{"count":62,"href":"https:\/\/ednc.secteur-palaiseau.fr\/index.php?rest_route=\/wp\/v2\/posts\/3196\/revisions"}],"predecessor-version":[{"id":3639,"href":"https:\/\/ednc.secteur-palaiseau.fr\/index.php?rest_route=\/wp\/v2\/posts\/3196\/revisions\/3639"}],"wp:featuredmedia":[{"embeddable":true,"href":"https:\/\/ednc.secteur-palaiseau.fr\/index.php?rest_route=\/wp\/v2\/media\/3271"}],"wp:attachment":[{"href":"https:\/\/ednc.secteur-palaiseau.fr\/index.php?rest_route=%2Fwp%2Fv2%2Fmedia&parent=3196"}],"wp:term":[{"taxonomy":"category","embeddable":true,"href":"https:\/\/ednc.secteur-palaiseau.fr\/index.php?rest_route=%2Fwp%2Fv2%2Fcategories&post=3196"},{"taxonomy":"post_tag","embeddable":true,"href":"https:\/\/ednc.secteur-palaiseau.fr\/index.php?rest_route=%2Fwp%2Fv2%2Ftags&post=3196"}],"curies":[{"name":"wp","href":"https:\/\/api.w.org\/{rel}","templated":true}]}}