{"id":3163,"date":"2022-06-22T14:00:34","date_gmt":"2022-06-22T12:00:34","guid":{"rendered":"https:\/\/ednc.secteur-palaiseau.fr\/?p=3163"},"modified":"2022-06-23T22:49:47","modified_gmt":"2022-06-23T20:49:47","slug":"synode-du-diocese-devry-premiers-retours","status":"publish","type":"post","link":"https:\/\/ednc.secteur-palaiseau.fr\/?p=3163","title":{"rendered":"Synode du dioc\u00e8se d&rsquo;Evry: Premiers retours"},"content":{"rendered":"\t\t<div data-elementor-type=\"wp-post\" data-elementor-id=\"3163\" class=\"elementor elementor-3163\">\n\t\t\t\t\t\t\t\t\t<section class=\"elementor-section elementor-top-section elementor-element elementor-element-bdfcd30 elementor-section-boxed elementor-section-height-default elementor-section-height-default\" data-id=\"bdfcd30\" data-element_type=\"section\">\n\t\t\t\t\t\t<div class=\"elementor-container elementor-column-gap-default\">\n\t\t\t\t\t<div class=\"elementor-column elementor-col-100 elementor-top-column elementor-element elementor-element-002d8aa\" data-id=\"002d8aa\" data-element_type=\"column\">\n\t\t\t<div class=\"elementor-widget-wrap elementor-element-populated\">\n\t\t\t\t\t\t\t\t<div class=\"elementor-element elementor-element-906fc5e elementor-widget elementor-widget-text-editor\" data-id=\"906fc5e\" data-element_type=\"widget\" data-widget_type=\"text-editor.default\">\n\t\t\t\t<div class=\"elementor-widget-container\">\n\t\t\t\t\t\t\t<p><em><b>Jean-Louis Coullon&nbsp;<\/b><\/em><\/p>\n<p style=\"margin-bottom: 18pt; line-height: normal; background-image: initial; background-position: initial; background-size: initial; background-repeat: initial; background-attachment: initial; background-origin: initial; background-clip: initial;\"><span style=\"font-size: 12pt; font-family: Arial, sans-serif;\">Les 11 et 12 juin se tenait la 2\u00e8me et derni\u00e8re assembl\u00e9e synodale \u00e0 laquelle assistaient les d\u00e9l\u00e9gu\u00e9s de notre secteur. Un \u00e9norme travail a \u00e9t\u00e9 accompli, preuve de la vitalit\u00e9 de l\u2019Eglise en Essonne. Sur la base des&nbsp;<\/span><span style=\"font-size: 12.0pt; font-family: 'Arial',sans-serif; mso-fareast-font-family: 'Times New Roman'; color: #e66423; mso-fareast-language: FR;\"><a href=\"https:\/\/evry.catholique.fr\/synode\/assemblee-synodale\/\" target=\"_blank\" rel=\"noopener\">1200 propositions \u00e9mises par les 400 \u00e9quipes<\/a><\/span><span style=\"font-size: 12pt; font-family: Arial, sans-serif;\">&nbsp;du dioc\u00e8se depuis octobre 2020, deux versions du Cahier Synodal ont \u00e9t\u00e9 \u00e9mises:<\/span><\/p>\n<p style=\"line-height: normal; background-image: initial; background-position: initial; background-size: initial; background-repeat: initial; background-attachment: initial; background-origin: initial; background-clip: initial;\"><span style=\"font-size: 12pt; font-family: Arial, sans-serif;\">la&nbsp;<\/span><span style=\"font-size: 12.0pt; font-family: 'Arial',sans-serif; mso-fareast-font-family: 'Times New Roman'; color: #e66423; mso-fareast-language: FR;\"><a href=\"https:\/\/evry.catholique.fr\/wp-content\/uploads\/2022\/02\/Cahier-synodal-Evry-2022.pdf\" target=\"_blank\" rel=\"noopener\">premi\u00e8re version du Cahier Synodal<\/a><\/span><span style=\"font-size: 12pt; font-family: Arial, sans-serif;\">&nbsp;a \u00e9t\u00e9 \u00e9mise en pr\u00e9paration de la 1ere assembl\u00e9e synodale. Elle contient 66 Motions r\u00e9parties dans 15 th\u00e8mes ou \u00ab\u00a0insistances\u00a0\u00bb, discut\u00e9es et comment\u00e9es tout au long des 2 jours de travaux les 12 et 13 mars 2022. Tous ces d\u00e9bats ont \u00e9t\u00e9 enregistr\u00e9s et int\u00e9gr\u00e9s dans la 2\u00e8me version du Cahier par l&rsquo;\u00e9quipe de pr\u00e9paration du synode.<\/span><\/p>\n<p style=\"line-height: normal; background-image: initial; background-position: initial; background-size: initial; background-repeat: initial; background-attachment: initial; background-origin: initial; background-clip: initial;\"><span style=\"font-size: 12pt; font-family: Arial, sans-serif;\">la&nbsp;<\/span><span style=\"font-size: 12.0pt; font-family: 'Arial',sans-serif; mso-fareast-font-family: 'Times New Roman'; color: #e66423; mso-fareast-language: FR;\"><a href=\"https:\/\/evry.catholique.fr\/wp-content\/uploads\/2022\/05\/Deuxieme-cahier-synodal_v1.pdf\" target=\"_blank\" rel=\"noopener\">deuxi\u00e8me version du Cahier Synodal<\/a><\/span><span style=\"font-size: 12pt; font-family: Arial, sans-serif;\">&nbsp;vient d&rsquo;\u00eatre d\u00e9battue tout au long de la 2\u00e8me assembl\u00e9e synodale les 11 et 12 juin 2022. A partir des 52 \u00e9l\u00e9ments de D\u00e9crets pr\u00e9sent\u00e9s en 13 projets, les d\u00e9bats et le vote qui a suivi ont retenu les 46 d\u00e9crets qui ont franchi la barre des 2\/3 des votes. <\/span><\/p>\n<p style=\"margin-bottom: 18pt; line-height: normal; background-image: initial; background-position: initial; background-size: initial; background-repeat: initial; background-attachment: initial; background-origin: initial; background-clip: initial;\"><b><span style=\"font-size: 12pt; font-family: Arial, sans-serif;\">La m\u00e9thode<\/span><\/b><\/p>\n<p style=\"margin-bottom: 18pt; line-height: normal; background-image: initial; background-position: initial; background-size: initial; background-repeat: initial; background-attachment: initial; background-origin: initial; background-clip: initial;\"><span style=\"font-size: 12pt; font-family: Arial, sans-serif;\">Il faut saluer la grande qualit\u00e9 du processus mis en place pour la 1\u00e8re assembl\u00e9e. A partir de la compilation des propositions initiales, le Cahier Synodal n\u00b01 a pu faire l&rsquo;objet de discussions en petits groupes, puis en atelier, et enfin en grande assembl\u00e9e ou il a \u00e9t\u00e9 toujours possible de prendre la parole pour ajouter des commentaires. U<\/span><span style=\"font-family: Arial, sans-serif; font-weight: var( --e-global-typography-text-font-weight ); font-size: 1rem;\">ne \u00e9coute bienveillante a vraiment permis l&rsquo;expression de toutes les sensibilit\u00e9s<\/span><span style=\"font-family: Arial, sans-serif; font-size: 12pt; font-weight: var( --e-global-typography-text-font-weight );\">. C\u2019est une performance d\u2019avoir des d\u00e9bats ouverts et sereins avec pr\u00e8s de 300 personnes,&nbsp;<\/span><\/p>\t\t\t\t\t\t<\/div>\n\t\t\t\t<\/div>\n\t\t\t\t<section class=\"elementor-section elementor-inner-section elementor-element elementor-element-22ea475 elementor-section-boxed elementor-section-height-default elementor-section-height-default\" data-id=\"22ea475\" data-element_type=\"section\">\n\t\t\t\t\t\t<div class=\"elementor-container elementor-column-gap-default\">\n\t\t\t\t\t<div class=\"elementor-column elementor-col-50 elementor-inner-column elementor-element elementor-element-aeea983\" data-id=\"aeea983\" data-element_type=\"column\">\n\t\t\t<div class=\"elementor-widget-wrap elementor-element-populated\">\n\t\t\t\t\t\t\t\t<div class=\"elementor-element elementor-element-3c3fda5 elementor-widget elementor-widget-image\" data-id=\"3c3fda5\" data-element_type=\"widget\" data-widget_type=\"image.default\">\n\t\t\t\t<div class=\"elementor-widget-container\">\n\t\t\t\t\t\t\t\t\t\t\t\t\t\t\t<img decoding=\"async\" loading=\"lazy\" width=\"640\" height=\"427\" src=\"https:\/\/ednc.secteur-palaiseau.fr\/wp-content\/uploads\/2022\/06\/Synode_debut-1.jpg\" class=\"attachment-large size-large wp-image-3156\" alt=\"\" srcset=\"https:\/\/ednc.secteur-palaiseau.fr\/wp-content\/uploads\/2022\/06\/Synode_debut-1.jpg 705w, https:\/\/ednc.secteur-palaiseau.fr\/wp-content\/uploads\/2022\/06\/Synode_debut-1-300x200.jpg 300w\" sizes=\"(max-width: 640px) 100vw, 640px\" \/>\t\t\t\t\t\t\t\t\t\t\t\t\t\t\t<\/div>\n\t\t\t\t<\/div>\n\t\t\t\t\t<\/div>\n\t\t<\/div>\n\t\t\t\t<div class=\"elementor-column elementor-col-50 elementor-inner-column elementor-element elementor-element-bb810a6\" data-id=\"bb810a6\" data-element_type=\"column\">\n\t\t\t<div class=\"elementor-widget-wrap elementor-element-populated\">\n\t\t\t\t\t\t\t\t<div class=\"elementor-element elementor-element-b140426 elementor-widget elementor-widget-image\" data-id=\"b140426\" data-element_type=\"widget\" data-widget_type=\"image.default\">\n\t\t\t\t<div class=\"elementor-widget-container\">\n\t\t\t\t\t\t\t\t\t\t\t\t\t\t\t<img decoding=\"async\" loading=\"lazy\" width=\"640\" height=\"427\" src=\"https:\/\/ednc.secteur-palaiseau.fr\/wp-content\/uploads\/2022\/06\/Synode_expli-3-1024x683-1.jpg\" class=\"attachment-large size-large wp-image-3155\" alt=\"\" srcset=\"https:\/\/ednc.secteur-palaiseau.fr\/wp-content\/uploads\/2022\/06\/Synode_expli-3-1024x683-1.jpg 1024w, https:\/\/ednc.secteur-palaiseau.fr\/wp-content\/uploads\/2022\/06\/Synode_expli-3-1024x683-1-300x200.jpg 300w, https:\/\/ednc.secteur-palaiseau.fr\/wp-content\/uploads\/2022\/06\/Synode_expli-3-1024x683-1-768x512.jpg 768w\" sizes=\"(max-width: 640px) 100vw, 640px\" \/>\t\t\t\t\t\t\t\t\t\t\t\t\t\t\t<\/div>\n\t\t\t\t<\/div>\n\t\t\t\t\t<\/div>\n\t\t<\/div>\n\t\t\t\t\t\t\t<\/div>\n\t\t<\/section>\n\t\t\t\t<section class=\"elementor-section elementor-inner-section elementor-element elementor-element-efbdaec elementor-section-boxed elementor-section-height-default elementor-section-height-default\" data-id=\"efbdaec\" data-element_type=\"section\">\n\t\t\t\t\t\t<div class=\"elementor-container elementor-column-gap-default\">\n\t\t\t\t\t<div class=\"elementor-column elementor-col-50 elementor-inner-column elementor-element elementor-element-1e5aec8\" data-id=\"1e5aec8\" data-element_type=\"column\">\n\t\t\t<div class=\"elementor-widget-wrap elementor-element-populated\">\n\t\t\t\t\t\t\t\t<div class=\"elementor-element elementor-element-9736e2e elementor-widget elementor-widget-text-editor\" data-id=\"9736e2e\" data-element_type=\"widget\" data-widget_type=\"text-editor.default\">\n\t\t\t\t<div class=\"elementor-widget-container\">\n\t\t\t\t\t\t\t<p>La grande assembl\u00e9e<\/p>\t\t\t\t\t\t<\/div>\n\t\t\t\t<\/div>\n\t\t\t\t<div class=\"elementor-element elementor-element-72614a4 elementor-widget elementor-widget-image\" data-id=\"72614a4\" data-element_type=\"widget\" data-widget_type=\"image.default\">\n\t\t\t\t<div class=\"elementor-widget-container\">\n\t\t\t\t\t\t\t\t\t\t\t\t\t\t\t<img decoding=\"async\" loading=\"lazy\" width=\"640\" height=\"427\" src=\"https:\/\/ednc.secteur-palaiseau.fr\/wp-content\/uploads\/2022\/06\/Synode_atelier-3.jpg\" class=\"attachment-large size-large wp-image-3157\" alt=\"\" srcset=\"https:\/\/ednc.secteur-palaiseau.fr\/wp-content\/uploads\/2022\/06\/Synode_atelier-3.jpg 1011w, https:\/\/ednc.secteur-palaiseau.fr\/wp-content\/uploads\/2022\/06\/Synode_atelier-3-300x200.jpg 300w, https:\/\/ednc.secteur-palaiseau.fr\/wp-content\/uploads\/2022\/06\/Synode_atelier-3-768x512.jpg 768w\" sizes=\"(max-width: 640px) 100vw, 640px\" \/>\t\t\t\t\t\t\t\t\t\t\t\t\t\t\t<\/div>\n\t\t\t\t<\/div>\n\t\t\t\t<div class=\"elementor-element elementor-element-370888a elementor-widget elementor-widget-text-editor\" data-id=\"370888a\" data-element_type=\"widget\" data-widget_type=\"text-editor.default\">\n\t\t\t\t<div class=\"elementor-widget-container\">\n\t\t\t\t\t\t\t<p>Travail en petits groupes<\/p>\t\t\t\t\t\t<\/div>\n\t\t\t\t<\/div>\n\t\t\t\t<div class=\"elementor-element elementor-element-de2dc7f elementor-widget elementor-widget-image\" data-id=\"de2dc7f\" data-element_type=\"widget\" data-widget_type=\"image.default\">\n\t\t\t\t<div class=\"elementor-widget-container\">\n\t\t\t\t\t\t\t\t\t\t\t\t\t\t\t<img decoding=\"async\" loading=\"lazy\" width=\"640\" height=\"426\" src=\"https:\/\/ednc.secteur-palaiseau.fr\/wp-content\/uploads\/2022\/06\/Synode_motion.jpg\" class=\"attachment-large size-large wp-image-3159\" alt=\"\" srcset=\"https:\/\/ednc.secteur-palaiseau.fr\/wp-content\/uploads\/2022\/06\/Synode_motion.jpg 827w, https:\/\/ednc.secteur-palaiseau.fr\/wp-content\/uploads\/2022\/06\/Synode_motion-300x200.jpg 300w, https:\/\/ednc.secteur-palaiseau.fr\/wp-content\/uploads\/2022\/06\/Synode_motion-768x512.jpg 768w\" sizes=\"(max-width: 640px) 100vw, 640px\" \/>\t\t\t\t\t\t\t\t\t\t\t\t\t\t\t<\/div>\n\t\t\t\t<\/div>\n\t\t\t\t\t<\/div>\n\t\t<\/div>\n\t\t\t\t<div class=\"elementor-column elementor-col-50 elementor-inner-column elementor-element elementor-element-fb13541\" data-id=\"fb13541\" data-element_type=\"column\">\n\t\t\t<div class=\"elementor-widget-wrap elementor-element-populated\">\n\t\t\t\t\t\t\t\t<div class=\"elementor-element elementor-element-c5a56b5 elementor-widget elementor-widget-text-editor\" data-id=\"c5a56b5\" data-element_type=\"widget\" data-widget_type=\"text-editor.default\">\n\t\t\t\t<div class=\"elementor-widget-container\">\n\t\t\t\t\t\t\t<p>L&rsquo;explication du processus<\/p>\t\t\t\t\t\t<\/div>\n\t\t\t\t<\/div>\n\t\t\t\t<div class=\"elementor-element elementor-element-0972185 elementor-widget elementor-widget-image\" data-id=\"0972185\" data-element_type=\"widget\" data-widget_type=\"image.default\">\n\t\t\t\t<div class=\"elementor-widget-container\">\n\t\t\t\t\t\t\t\t\t\t\t\t\t\t\t<img decoding=\"async\" loading=\"lazy\" width=\"640\" height=\"427\" src=\"https:\/\/ednc.secteur-palaiseau.fr\/wp-content\/uploads\/2022\/06\/Synode_atelier-6-1024x683-1.jpg\" class=\"attachment-large size-large wp-image-3158\" alt=\"\" srcset=\"https:\/\/ednc.secteur-palaiseau.fr\/wp-content\/uploads\/2022\/06\/Synode_atelier-6-1024x683-1.jpg 1024w, https:\/\/ednc.secteur-palaiseau.fr\/wp-content\/uploads\/2022\/06\/Synode_atelier-6-1024x683-1-300x200.jpg 300w, https:\/\/ednc.secteur-palaiseau.fr\/wp-content\/uploads\/2022\/06\/Synode_atelier-6-1024x683-1-768x512.jpg 768w\" sizes=\"(max-width: 640px) 100vw, 640px\" \/>\t\t\t\t\t\t\t\t\t\t\t\t\t\t\t<\/div>\n\t\t\t\t<\/div>\n\t\t\t\t<div class=\"elementor-element elementor-element-2bd38e2 elementor-widget elementor-widget-text-editor\" data-id=\"2bd38e2\" data-element_type=\"widget\" data-widget_type=\"text-editor.default\">\n\t\t\t\t<div class=\"elementor-widget-container\">\n\t\t\t\t\t\t\t<p>Consolidation en Ateliers<\/p>\t\t\t\t\t\t<\/div>\n\t\t\t\t<\/div>\n\t\t\t\t<div class=\"elementor-element elementor-element-ca05e6f elementor-widget elementor-widget-image\" data-id=\"ca05e6f\" data-element_type=\"widget\" data-widget_type=\"image.default\">\n\t\t\t\t<div class=\"elementor-widget-container\">\n\t\t\t\t\t\t\t\t\t\t\t\t\t\t\t<img decoding=\"async\" loading=\"lazy\" width=\"640\" height=\"427\" src=\"https:\/\/ednc.secteur-palaiseau.fr\/wp-content\/uploads\/2022\/06\/synode-1.jpg\" class=\"attachment-large size-large wp-image-3160\" alt=\"\" srcset=\"https:\/\/ednc.secteur-palaiseau.fr\/wp-content\/uploads\/2022\/06\/synode-1.jpg 907w, https:\/\/ednc.secteur-palaiseau.fr\/wp-content\/uploads\/2022\/06\/synode-1-300x200.jpg 300w, https:\/\/ednc.secteur-palaiseau.fr\/wp-content\/uploads\/2022\/06\/synode-1-768x512.jpg 768w\" sizes=\"(max-width: 640px) 100vw, 640px\" \/>\t\t\t\t\t\t\t\t\t\t\t\t\t\t\t<\/div>\n\t\t\t\t<\/div>\n\t\t\t\t\t<\/div>\n\t\t<\/div>\n\t\t\t\t\t\t\t<\/div>\n\t\t<\/section>\n\t\t\t\t<section class=\"elementor-section elementor-inner-section elementor-element elementor-element-61dec09 elementor-section-boxed elementor-section-height-default elementor-section-height-default\" data-id=\"61dec09\" data-element_type=\"section\">\n\t\t\t\t\t\t<div class=\"elementor-container elementor-column-gap-default\">\n\t\t\t\t\t<div class=\"elementor-column elementor-col-50 elementor-inner-column elementor-element elementor-element-6985035\" data-id=\"6985035\" data-element_type=\"column\">\n\t\t\t<div class=\"elementor-widget-wrap elementor-element-populated\">\n\t\t\t\t\t\t\t\t<div class=\"elementor-element elementor-element-17cb4e4 elementor-widget elementor-widget-text-editor\" data-id=\"17cb4e4\" data-element_type=\"widget\" data-widget_type=\"text-editor.default\">\n\t\t\t\t<div class=\"elementor-widget-container\">\n\t\t\t\t\t\t\t<p>Pr\u00e9sentation et D\u00e9bat en grande assembl\u00e9e<\/p>\t\t\t\t\t\t<\/div>\n\t\t\t\t<\/div>\n\t\t\t\t\t<\/div>\n\t\t<\/div>\n\t\t\t\t<div class=\"elementor-column elementor-col-50 elementor-inner-column elementor-element elementor-element-3f70546\" data-id=\"3f70546\" data-element_type=\"column\">\n\t\t\t<div class=\"elementor-widget-wrap elementor-element-populated\">\n\t\t\t\t\t\t\t\t<div class=\"elementor-element elementor-element-7f6f36f elementor-widget elementor-widget-text-editor\" data-id=\"7f6f36f\" data-element_type=\"widget\" data-widget_type=\"text-editor.default\">\n\t\t\t\t<div class=\"elementor-widget-container\">\n\t\t\t\t\t\t\t<p>Compilation g\u00e9n\u00e9rale en grande assembl\u00e9e, avec vote de \u00ab\u00a0soutien\u00a0\u00bb<\/p>\t\t\t\t\t\t<\/div>\n\t\t\t\t<\/div>\n\t\t\t\t\t<\/div>\n\t\t<\/div>\n\t\t\t\t\t\t\t<\/div>\n\t\t<\/section>\n\t\t\t\t\t<\/div>\n\t\t<\/div>\n\t\t\t\t\t\t\t<\/div>\n\t\t<\/section>\n\t\t\t\t<section class=\"elementor-section elementor-top-section elementor-element elementor-element-7bf8878 elementor-section-boxed elementor-section-height-default elementor-section-height-default\" data-id=\"7bf8878\" data-element_type=\"section\">\n\t\t\t\t\t\t<div class=\"elementor-container elementor-column-gap-default\">\n\t\t\t\t\t<div class=\"elementor-column elementor-col-100 elementor-top-column elementor-element elementor-element-1b2a54c\" data-id=\"1b2a54c\" data-element_type=\"column\">\n\t\t\t<div class=\"elementor-widget-wrap elementor-element-populated\">\n\t\t\t\t\t\t\t\t<div class=\"elementor-element elementor-element-8e7ba86 elementor-widget elementor-widget-text-editor\" data-id=\"8e7ba86\" data-element_type=\"widget\" data-widget_type=\"text-editor.default\">\n\t\t\t\t<div class=\"elementor-widget-container\">\n\t\t\t\t\t\t\t<p style=\"margin-bottom: 18pt; line-height: normal; background-image: initial; background-position: initial; background-size: initial; background-repeat: initial; background-attachment: initial; background-origin: initial; background-clip: initial;\"><span style=\"font-size: 12pt; font-family: Arial, sans-serif;\">La 2<sup>\u00e8me<\/sup> assembl\u00e9e a utilis\u00e9 le m\u00eame principe. Les textes amend\u00e9s en atelier ont \u00e9t\u00e9 propos\u00e9s en grande assembl\u00e9e pour une phase de d\u00e9bat puis une phase de vote, mais sans que les \u00e9l\u00e9ments remont\u00e9s dans le d\u00e9bat puissent \u00eatre int\u00e9gr\u00e9s dans le texte final soumis au vote.<\/span><\/p><p style=\"margin-bottom: 18pt; line-height: normal; background-image: initial; background-position: initial; background-size: initial; background-repeat: initial; background-attachment: initial; background-origin: initial; background-clip: initial;\"><span style=\"font-size: 12pt; font-family: Arial, sans-serif;\">Notre \u00e9v\u00eaque Michel Pansard a alors propos\u00e9 de faire une compilation des d\u00e9bats de la grande assembl\u00e9e dans une nouvelle version des d\u00e9crets, et de soumettre ces nouveaux d\u00e9crets \u00e0 un nouveau vote \u00e0 distance par les d\u00e9l\u00e9gu\u00e9s dans les semaines \u00e0 venir. Cette proposition a \u00e9t\u00e9 bien re\u00e7ue et approuv\u00e9e par vote.<\/span><\/p><p style=\"margin-bottom: 18pt; line-height: normal; background-image: initial; background-position: initial; background-size: initial; background-repeat: initial; background-attachment: initial; background-origin: initial; background-clip: initial;\"><span style=\"font-size: 12pt; font-family: Arial, sans-serif;\">Une autre r\u00e9action sur projet 12 \u00ab\u00a0Transformation de l\u2019exercice de l\u2019autorit\u00e9 et des minist\u00e8res\u00a0\u00bb s\u2019est montr\u00e9e pertinente\u00a0: plut\u00f4t que soumettre \u00e0 un vote hasardeux des textes encore peu aboutis sur un tel sujet, Michel Pansard a propos\u00e9 d\u2019ouvrir un chantier. Cette proposition a aussi \u00e9t\u00e9 approuv\u00e9e par un vote.<\/span><\/p><p style=\"margin-bottom: 18pt; line-height: normal; background-image: initial; background-position: initial; background-size: initial; background-repeat: initial; background-attachment: initial; background-origin: initial; background-clip: initial;\"><b><span style=\"font-size: 12pt; font-family: Arial, sans-serif;\">Les r\u00e9sultats \/ Le fond<\/span><\/b><\/p><p style=\"margin-bottom: 18pt; line-height: normal; background-image: initial; background-position: initial; background-size: initial; background-repeat: initial; background-attachment: initial; background-origin: initial; background-clip: initial;\"><span style=\"font-size: 12pt; font-family: Arial, sans-serif;\">Le synode a montr\u00e9 une grande convergence de vue sur les sujets relatifs \u00e0 la vie \u00e9vang\u00e9lique. Un grand consensus a ainsi \u00e9t\u00e9 obtenu sur\u00a0les d\u00e9crets concernant\u00a0:<\/span><\/p><ol><li><span style=\"font-family: Arial, sans-serif; font-size: 12pt; font-weight: var( --e-global-typography-text-font-weight );\">Une conversion n\u00e9cessaire \u00e0 la \u00ab\u00a0synodalit\u00e9\u00a0\u00bb, afin que tous les acteurs paroissiaux, clercs et laics, puissent prendre la parole, \u00eatre \u00e9cout\u00e9s, entendus, et que le dialogue permette d\u2019arriver \u00e0 des d\u00e9cisions consensuelles.<\/span><\/li><li><span style=\"font-family: var( --e-global-typography-text-font-family ), Sans-serif; font-weight: var( --e-global-typography-text-font-weight ); font-size: 1rem;\">La volont\u00e9 de rencontrer les personnes de la soci\u00e9t\u00e9 humaine dans toute leur diversit\u00e9<\/span><\/li><li><span style=\"font-family: var( --e-global-typography-text-font-family ), Sans-serif; font-weight: var( --e-global-typography-text-font-weight ); font-size: 1rem;\">Le besoin d\u2019int\u00e9grer les jeunes et de leur permettre de d\u00e9velopper une \u00e9glise \u00e0 leur mesure<\/span><\/li><li><span style=\"font-family: Arial, sans-serif; font-size: 12pt; font-weight: var( --e-global-typography-text-font-weight );\">L\u2019\u00e9coute et le soin des personnes isol\u00e9es<\/span><\/li><li><span style=\"font-family: Arial, sans-serif; font-size: 12pt; font-weight: var( --e-global-typography-text-font-weight );\">Le d\u00e9veloppement de petites communaut\u00e9s fraternelles<\/span><\/li><li><span style=\"font-family: Arial, sans-serif; font-size: 12pt; font-weight: var( --e-global-typography-text-font-weight );\">Le renforcement de la connaissance des r\u00e9alit\u00e9s sociales via le Conseil Pastoral de Secteur CPS<\/span><\/li><li><span style=\"font-family: Arial, sans-serif; font-size: 12pt; font-weight: var( --e-global-typography-text-font-weight );\">La Solidarit\u00e9 affaire de tous \u00e0 la suite de \u00ab\u00a0Fratelli Tutti\u00a0\u00bb<\/span><\/li><li><span style=\"font-family: Arial, sans-serif; font-size: 12pt; font-weight: var( --e-global-typography-text-font-weight );\">L\u2019engagement vers l\u2019Ecologie int\u00e9grale \u00e0 la suite de \u00ab\u00a0Laudato Si\u00a0\u00bb<\/span><\/li><li><span style=\"font-family: Arial, sans-serif; font-size: 12pt; font-weight: var( --e-global-typography-text-font-weight );\">La nourriture de la Vie Spirituelle<\/span><\/li><li><span style=\"font-family: Arial, sans-serif; font-size: 12pt; font-weight: var( --e-global-typography-text-font-weight );\">L\u2019approfondissement du sens de la liturgie et de l\u2019accueil<\/span><\/li><li><span style=\"font-family: Arial, sans-serif; font-size: 12pt; font-weight: var( --e-global-typography-text-font-weight );\">La lutte contre tous les abus (sexuels, de conscience, de pouvoir, \u2026) pour faire de l\u2019Eglise une maison s\u00fbre.<\/span><\/li><\/ol><p style=\"margin-bottom: 18pt; line-height: normal; background-image: initial; background-position: initial; background-size: initial; background-repeat: initial; background-attachment: initial; background-origin: initial; background-clip: initial;\"><span style=\"font-size: 12pt; font-family: Arial, sans-serif;\">Comme indiqu\u00e9 ci-dessus, l\u2019ambitieux sujet 12\u00a0\u00ab\u00a0Transformer l\u2019exercice de l\u2019autorit\u00e9 et des minist\u00e8res\u00a0\u00bb fera l\u2019objet d\u2019un chantier particulier afin de trouver une r\u00e9daction en phase avec les besoins de transformation observ\u00e9s. On peut s\u2019attendre \u00e0 y trouver le renforcement de la co-gouvernance clercs-la\u00efcs, la mise \u00e0 jour du r\u00e9f\u00e9rentiel d\u00e9crivant les r\u00f4les, attributions et fonctionnement des diff\u00e9rentes instances (Equipe Animatrice, Equipe Pastorale de Secteur, Conseil Paroissial aux Affaires Economiques, \u2026) etc, \u2026<br \/><!-- [if !supportLineBreakNewLine]--><br \/><!--[endif]--><\/span><\/p><p style=\"margin-bottom: 18pt; line-height: normal; background-image: initial; background-position: initial; background-size: initial; background-repeat: initial; background-attachment: initial; background-origin: initial; background-clip: initial;\"><span style=\"font-size: 12pt; font-family: Arial, sans-serif;\">Le sujet 13 connexe\u00a0\u00ab\u00a0Partager la responsabilit\u00e9 de notre mission commune\u00a0\u00bb a \u00e9t\u00e9 affaibli par le refus du d\u00e9cret 13a (50-50 au vote) qui traitait de la parit\u00e9 homme-femme et du mode de d\u00e9signation des membres des instances de gouvernance pastorale. On peut esp\u00e9rer que le chantier 12 r\u00e9int\u00e8grera la r\u00e9flexion sur ces sujets.<\/span><\/p><p style=\"margin-bottom: 18pt; line-height: normal; background-image: initial; background-position: initial; background-size: initial; background-repeat: initial; background-attachment: initial; background-origin: initial; background-clip: initial;\"><span style=\"font-size: 12pt; font-family: Arial, sans-serif;\">Le vote sur les priorit\u00e9s a retenu le trio suivant comme priorit\u00e9s d\u2019action\u00a0:<\/span><\/p><ol><li><span style=\"font-size: 12pt; font-family: Arial, sans-serif;\">Les jeunes au coeur de notre vie eccl\u00e9siale<\/span><\/li><li><span style=\"font-size: 12pt; font-family: Arial, sans-serif;\">Faire de l\u2019Eglise une maison sure<\/span><\/li><li><span style=\"font-size: 12pt; font-family: Arial, sans-serif;\">Nous convertir a la synodalit\u00e9 <\/span><\/li><\/ol><p style=\"margin-bottom: 18pt; line-height: normal; background-image: initial; background-position: initial; background-size: initial; background-repeat: initial; background-attachment: initial; background-origin: initial; background-clip: initial;\"><b><span style=\"font-size: 12pt; font-family: Arial, sans-serif;\">Conclusion<\/span><\/b><\/p><ul><li><span style=\"font-size: 12pt; font-family: Arial, sans-serif;\">Nos demandes ont-elles \u00e9t\u00e9 entendues ?<\/span><\/li><\/ul><p style=\"margin-bottom: 18pt; line-height: normal; background-image: initial; background-position: initial; background-size: initial; background-repeat: initial; background-attachment: initial; background-origin: initial; background-clip: initial;\"><span style=\"font-size: 12pt; font-family: Arial, sans-serif;\">Un bon diagnostic a \u00e9t\u00e9 apport\u00e9 dans la partie introductive des d\u00e9crets propos\u00e9s au vote. Il couvre plut\u00f4t bien l\u2019ensemble des propositions re\u00e7ues des paroissiens. <\/span><\/p><p style=\"margin-bottom: 18pt; line-height: normal; background-image: initial; background-position: initial; background-size: initial; background-repeat: initial; background-attachment: initial; background-origin: initial; background-clip: initial;\"><span style=\"font-size: 12pt; font-family: Arial, sans-serif;\">Les d\u00e9crets 2 \u00e0 10 portent bien le souci de la vie \u00e9vang\u00e9lique dans ses divers aspects. C\u2019est encourageant de voir une convergence sur ces fondamentaux de la foi au Christ.<\/span><\/p><p style=\"margin-bottom: 18pt; line-height: normal; background-image: initial; background-position: initial; background-size: initial; background-repeat: initial; background-attachment: initial; background-origin: initial; background-clip: initial;\"><span style=\"font-size: 12pt; font-family: Arial, sans-serif;\">Les d\u00e9crets 1, 12, 13 qui traitent du fonctionnement de l\u2019Eglise n\u2019ont pas encore atteint un niveau qui permette d\u2019adresser les urgences de transformation vues par certains. Les plus prudents y trouveront motif de satisfaction, les plus impatients regretteront une occasion manqu\u00e9e\u00a0: la recherche du consensus permet effectivement de pr\u00e9server l\u2019unit\u00e9, mais limite les capacit\u00e9s de transformation.<\/span><\/p><ul><li><span style=\"font-size: 12pt; font-family: Arial, sans-serif;\">Avons-nous ce qu&rsquo;il faut pour guider les 10 prochaines ann\u00e9es de notre Eglise ?<\/span><\/li><\/ul><p style=\"margin-bottom: 18pt; line-height: normal; background-image: initial; background-position: initial; background-size: initial; background-repeat: initial; background-attachment: initial; background-origin: initial; background-clip: initial;\"><span style=\"font-size: 12pt; font-family: Arial, sans-serif;\">Le Synode n\u2019est pas encore termin\u00e9, il reste un dernier travail de compilation et un vote pour s\u00e9lectionner les d\u00e9crets qui guideront notre Eglise en Essonne\u00a0; le grand niveau de consensus sur les fondamentaux de la vie chr\u00e9tienne peut nous rendre confiants sur le long terme. A court terme, Il reste de nombreux chantiers :<\/span><\/p><p style=\"margin-bottom: 18pt; line-height: normal; background-image: initial; background-position: initial; background-size: initial; background-repeat: initial; background-attachment: initial; background-origin: initial; background-clip: initial;\"><span style=\"font-family: Arial, sans-serif; font-size: 12pt; font-weight: var( --e-global-typography-text-font-weight );\">&#8211; Comment restaurer la confiance en l\u2019Eglise et faire entendre sa voix dans le monde<\/span><br \/><span style=\"font-family: Arial, sans-serif; font-size: 12pt; font-weight: var( --e-global-typography-text-font-weight );\">&#8211; Comment faire vivre des communaut\u00e9s de moins en moins nombreuses<\/span><br \/><span style=\"font-family: Arial, sans-serif; font-size: 12pt; font-weight: var( --e-global-typography-text-font-weight );\">&#8211; Comment adresser la transmission de la Foi dans notre monde moderne<\/span><br \/><span style=\"font-family: Arial, sans-serif; font-size: 12pt; font-weight: var( --e-global-typography-text-font-weight );\">&#8211; Comment construire le consensus entre les diff\u00e9rentes sensibilit\u00e9s<\/span><br \/><span style=\"font-family: Arial, sans-serif; font-size: 12pt; font-weight: var( --e-global-typography-text-font-weight );\">&#8211; Comment appeler des pr\u00eatres pour couvrir tous les besoins<\/span><\/p><p style=\"margin-bottom: 18pt; line-height: normal; background-image: initial; background-position: initial; background-size: initial; background-repeat: initial; background-attachment: initial; background-origin: initial; background-clip: initial;\"><span style=\"font-size: 12pt; font-family: Arial, sans-serif;\">Mais ces 2 premi\u00e8res assembl\u00e9es ont d\u00e9montr\u00e9 que le souffle de l\u2019Esprit \u00e9tait \u00e0 l\u2019\u0153uvre. L\u2019introduction de la synodalit\u00e9 comme m\u00e9thode de dialogue et d\u2019interactions est tr\u00e8s prometteuse\u00a0et sera notre arme pour adresser les d\u00e9fis ci-dessus.<\/span><\/p><p style=\"margin-bottom: 18pt; line-height: normal; background-image: initial; background-position: initial; background-size: initial; background-repeat: initial; background-attachment: initial; background-origin: initial; background-clip: initial;\"><span style=\"font-size: 12pt; font-family: Arial, sans-serif;\">Prions le ma\u00eetre de la moisson d\u2019envoyer toujours plus de moissonneurs, et faisons n\u00f4tre l\u2019exhortation du pape\u00a0Jean-Paul 2: n\u2019ayons pas peur\u00a0!<\/span><\/p><p style=\"margin-bottom: 18pt; line-height: normal; background-image: initial; background-position: initial; background-size: initial; background-repeat: initial; background-attachment: initial; background-origin: initial; background-clip: initial;\"><b><span style=\"font-size: 12pt; font-family: Arial, sans-serif;\">Documents et Liens<\/span><\/b><\/p><p>\u00a0<\/p><p style=\"margin-bottom: 18pt; line-height: normal; background-image: initial; background-position: initial; background-size: initial; background-repeat: initial; background-attachment: initial; background-origin: initial; background-clip: initial;\"><span style=\"font-size: 12.0pt; font-family: 'Arial',sans-serif; mso-fareast-font-family: 'Times New Roman'; mso-fareast-language: FR;\"><a href=\"https:\/\/editions-salvator.com\/societe\/2852-petit-manuel-de-synodalite.html\">Petit Manuel de Synodalit\u00e9<\/a><\/span><\/p>\t\t\t\t\t\t<\/div>\n\t\t\t\t<\/div>\n\t\t\t\t<section class=\"elementor-section elementor-inner-section elementor-element elementor-element-483c9a4 elementor-section-boxed elementor-section-height-default elementor-section-height-default\" data-id=\"483c9a4\" data-element_type=\"section\">\n\t\t\t\t\t\t<div class=\"elementor-container elementor-column-gap-default\">\n\t\t\t\t\t<div class=\"elementor-column elementor-col-50 elementor-inner-column elementor-element elementor-element-d079e24\" data-id=\"d079e24\" data-element_type=\"column\">\n\t\t\t<div class=\"elementor-widget-wrap elementor-element-populated\">\n\t\t\t\t\t\t\t\t<div class=\"elementor-element elementor-element-b167777 elementor-widget elementor-widget-text-editor\" data-id=\"b167777\" data-element_type=\"widget\" data-widget_type=\"text-editor.default\">\n\t\t\t\t<div class=\"elementor-widget-container\">\n\t\t\t\t\t\t\t<p>L&rsquo;\u00e9quipe du secteur de Palaiseau lors de la 2\u00e8me assembl\u00e9e synodale \u00e0 Athis Mons. Judith Ninvil \u00e9tait encore en conversations passionn\u00e9es et n&rsquo;est pas sur la photo.<\/p>\t\t\t\t\t\t<\/div>\n\t\t\t\t<\/div>\n\t\t\t\t\t<\/div>\n\t\t<\/div>\n\t\t\t\t<div class=\"elementor-column elementor-col-50 elementor-inner-column elementor-element elementor-element-36ee2f5\" data-id=\"36ee2f5\" data-element_type=\"column\">\n\t\t\t<div class=\"elementor-widget-wrap elementor-element-populated\">\n\t\t\t\t\t\t\t\t<div class=\"elementor-element elementor-element-c5475d2 elementor-widget elementor-widget-image\" data-id=\"c5475d2\" data-element_type=\"widget\" data-widget_type=\"image.default\">\n\t\t\t\t<div class=\"elementor-widget-container\">\n\t\t\t\t\t\t\t\t\t\t\t\t\t\t\t<img decoding=\"async\" loading=\"lazy\" width=\"290\" height=\"163\" src=\"https:\/\/ednc.secteur-palaiseau.fr\/wp-content\/uploads\/2022\/06\/IMG-20220611-WA0001_290.jpg\" class=\"attachment-large size-large wp-image-3503\" alt=\"\" \/>\t\t\t\t\t\t\t\t\t\t\t\t\t\t\t<\/div>\n\t\t\t\t<\/div>\n\t\t\t\t\t<\/div>\n\t\t<\/div>\n\t\t\t\t\t\t\t<\/div>\n\t\t<\/section>\n\t\t\t\t\t<\/div>\n\t\t<\/div>\n\t\t\t\t\t\t\t<\/div>\n\t\t<\/section>\n\t\t\t\t\t\t\t<\/div>\n\t\t","protected":false},"excerpt":{"rendered":"<p>Jean-Louis Coullon<\/p>\n<p>Apr\u00e8s l&rsquo;assembl\u00e9e des 11-12 Mars, la 2\u00e8me assembl\u00e9e des d\u00e9l\u00e9gu\u00e9s des 12-13 Juin a s\u00e9lectionn\u00e9 un jeu de d\u00e9crets pour orienter la vie du dioc\u00e8se&#8230;  <\/p>\n","protected":false},"author":9,"featured_media":3505,"comment_status":"closed","ping_status":"closed","sticky":false,"template":"","format":"standard","meta":{"footnotes":""},"categories":[4],"tags":[],"_links":{"self":[{"href":"https:\/\/ednc.secteur-palaiseau.fr\/index.php?rest_route=\/wp\/v2\/posts\/3163"}],"collection":[{"href":"https:\/\/ednc.secteur-palaiseau.fr\/index.php?rest_route=\/wp\/v2\/posts"}],"about":[{"href":"https:\/\/ednc.secteur-palaiseau.fr\/index.php?rest_route=\/wp\/v2\/types\/post"}],"author":[{"embeddable":true,"href":"https:\/\/ednc.secteur-palaiseau.fr\/index.php?rest_route=\/wp\/v2\/users\/9"}],"replies":[{"embeddable":true,"href":"https:\/\/ednc.secteur-palaiseau.fr\/index.php?rest_route=%2Fwp%2Fv2%2Fcomments&post=3163"}],"version-history":[{"count":63,"href":"https:\/\/ednc.secteur-palaiseau.fr\/index.php?rest_route=\/wp\/v2\/posts\/3163\/revisions"}],"predecessor-version":[{"id":3665,"href":"https:\/\/ednc.secteur-palaiseau.fr\/index.php?rest_route=\/wp\/v2\/posts\/3163\/revisions\/3665"}],"wp:featuredmedia":[{"embeddable":true,"href":"https:\/\/ednc.secteur-palaiseau.fr\/index.php?rest_route=\/wp\/v2\/media\/3505"}],"wp:attachment":[{"href":"https:\/\/ednc.secteur-palaiseau.fr\/index.php?rest_route=%2Fwp%2Fv2%2Fmedia&parent=3163"}],"wp:term":[{"taxonomy":"category","embeddable":true,"href":"https:\/\/ednc.secteur-palaiseau.fr\/index.php?rest_route=%2Fwp%2Fv2%2Fcategories&post=3163"},{"taxonomy":"post_tag","embeddable":true,"href":"https:\/\/ednc.secteur-palaiseau.fr\/index.php?rest_route=%2Fwp%2Fv2%2Ftags&post=3163"}],"curies":[{"name":"wp","href":"https:\/\/api.w.org\/{rel}","templated":true}]}}