{"id":251,"date":"2020-11-21T23:15:00","date_gmt":"2020-11-21T22:15:00","guid":{"rendered":"https:\/\/ednc.secteur-palaiseau.fr\/?p=251"},"modified":"2020-11-24T22:15:37","modified_gmt":"2020-11-24T21:15:37","slug":"choisir-lesperance","status":"publish","type":"post","link":"https:\/\/ednc.secteur-palaiseau.fr\/?p=251","title":{"rendered":"Choisir l&rsquo;esp\u00e9rance"},"content":{"rendered":"\t\t<div data-elementor-type=\"wp-post\" data-elementor-id=\"251\" class=\"elementor elementor-251\">\n\t\t\t\t\t\t\t\t\t<section class=\"elementor-section elementor-top-section elementor-element elementor-element-fe86ac2 elementor-section-boxed elementor-section-height-default elementor-section-height-default\" data-id=\"fe86ac2\" data-element_type=\"section\">\n\t\t\t\t\t\t<div class=\"elementor-container elementor-column-gap-default\">\n\t\t\t\t\t<div class=\"elementor-column elementor-col-100 elementor-top-column elementor-element elementor-element-7fbeead\" data-id=\"7fbeead\" data-element_type=\"column\">\n\t\t\t<div class=\"elementor-widget-wrap elementor-element-populated\">\n\t\t\t\t\t\t\t\t<div class=\"elementor-element elementor-element-40ea858 elementor-widget elementor-widget-text-editor\" data-id=\"40ea858\" data-element_type=\"widget\" data-widget_type=\"text-editor.default\">\n\t\t\t\t<div class=\"elementor-widget-container\">\n\t\t\t\t\t\t\t<p><strong><em>Fran\u00e7ois de Favitski &#8211; Diacre<\/em><\/strong><\/p><p>O mes amis, si loin de vous, ici au Cambodge o\u00f9 me voici pour quatre mois, et pourtant si proches de vous par mes pens\u00e9es et mes pri\u00e8res. Car je n\u2019oublie pas ce que vous vivez, et je reste quotidiennement en lien en suivant l\u2019actualit\u00e9, en \u00e9changeant des messages, en ayant des conversations par \u00ab\u00a0visio\u00a0\u00bb.<\/p><p>En me pr\u00e9parant ce matin \u00e0 la pri\u00e8re de louange, j\u2019ai \u00e9t\u00e9 saisi en profondeur par deux textes re\u00e7us dans la nuit et qui ont r\u00e9sonn\u00e9 fortement en moi par rapport aux situations que nous connaissons\u00a0: les contraintes et les cons\u00e9quences du confinement, le d\u00e9couragement de nos jeunes gens qui voient devant eux un avenir bouch\u00e9, les violences extr\u00eames qui saccagent le monde et d\u00e9truisent la vie sous toutes ses formes\u2026 Et chacun peut alonger facilement cette courte liste. Pour ma part, j\u2019ajoute les \u00e9tats d\u00e9pressifs de plusieurs membres de nos familles.<\/p><p>Le premier texte est d\u2019Arianne Mouchkine et a \u00e9t\u00e9 post\u00e9 par une amie sur Facebook\u00a0; je n\u2019en livre que quelques tr\u00e8s courts extraits : \u00ab\u00a0Disons \u00e0 nos enfants qu\u2019ils arrivent sur terre au d\u00e9but d\u2019une histoire et non pas \u00e0 sa fin d\u00e9senchant\u00e9e\u2026Qu\u2019ils sachent qu\u2019ils ont une \u0153uvre \u00e0 accomplir ensemble avec leurs enfants et les enfants de leurs enfants\u2026 Quel plus riche h\u00e9ritage pouvons-nous l\u00e9guer \u00e0 nos enfants que la joie de savoir que la gen\u00e8se n\u2019est pas encore termin\u00e9e et qu\u2019elle leur appartient\u00a0\u00bb.<\/p><p>Le deuxi\u00e8me texte est l\u2019introduction faite par Marianne, une s\u0153ur dans la foi, au d\u00e9but d\u2019une soir\u00e9e de pri\u00e8re par \u00ab\u00a0visio\u00a0\u00bb. Ce texte commence par le rappel d\u2019une situation qu\u2019elle a v\u00e9cu autrefois au Chili. Accueillie dans une famille pauvre, elle avait dormi dans leur pi\u00e8ce unique meubl\u00e9e de cinq lits pour 7 personnes ; elle \u00e9tait donc la huiti\u00e8me. Apr\u00e8s une nuit difficile pour elle, Fernando, son h\u00f4te, lui avait dit : \u00ab\u00a0Regarde par la fen\u00eatre, vois-tu le ciel et la cordill\u00e8re ? Quand je vois ce paysage, je me sens fier d\u2019\u00eatre Chilien et g\u00e2t\u00e9 par Dieu\u00a0\u00bb. Marianne n\u2019avait vu que leurs manques : manque d\u2019espace vital, manque de nourriture, manque de lumi\u00e8re. Et Fernando s\u2019\u00e9merveillait en posant son regard sur ce qu\u2019il avait et non pas sur ce qu\u2019il n\u2019avait pas !<\/p><p>Ce que ces deux textes ont en commun est d\u2019appeler \u00e0 changer notre regard sur les r\u00e9alit\u00e9s de nos existences et \u00e0 s\u2019ouvrir \u00e0 l\u2019esp\u00e9rance. L\u2019esp\u00e9rance est li\u00e9e organiquement \u00e0 notre foi. Esp\u00e9rer, c\u2019est croire qu\u2019un avenir lumineux est possible, l\u00e0 o\u00f9 nos faiblesses humaines et les obstacles \u00e0 la vie s\u00e8ment les t\u00e9n\u00e8bres.<\/p><p>Esp\u00e9rer est un choix. Commen\u00e7ons d\u2019abord par regarder comme Fernando ce qui fait notre ciel et notre cordill\u00e8re. Levons les yeux de ce qui alourdit nos regards et nous entra\u00eene au d\u00e9senchantement. Relevons ce qui dans notre existence peut \u00eatre source de joie et d\u2019\u00e9merveillement. D\u00e9couvrons un monde qui reste en gen\u00e8se et nous attend pour que nous en devenions les acteurs au nom de l\u2019esp\u00e9rance qui est la n\u00f4tre. L\u2019esp\u00e9rance est un chemin sur lequel s\u2019engager ensemble avec nos enfants. Choisissons l\u2019esp\u00e9rance pour que le monde re\u00e7oive la vie en abondance.<\/p><p>Evang\u00e9liser rel\u00e8ve aussi d\u2019un choix. Pour le temps de l\u2019Avent, l\u2019\u00e9quipe pastorale du secteur nous propose de m\u00e9diter sur le th\u00e8me du synode dioc\u00e9sain\u00a0: <strong>\u00ab\u00a0Eglise de Dieu qui est en Essonne, \u00e9vang\u00e9lise en prenant soin\u00a0\u00bb.<\/strong> Au fil des dimanches, nous serons donc invit\u00e9s \u00e0 laisser les textes de la liturgie \u00e9clairer notre fa\u00e7on d\u2019\u00e9vang\u00e9liser en prenant soin. Puisse ce temps de l\u2019Avent \u00eatre aussi pour nos communaut\u00e9s chemin d\u2019esp\u00e9rance<\/p>\t\t\t\t\t\t<\/div>\n\t\t\t\t<\/div>\n\t\t\t\t\t<\/div>\n\t\t<\/div>\n\t\t\t\t\t\t\t<\/div>\n\t\t<\/section>\n\t\t\t\t<section class=\"elementor-section elementor-top-section elementor-element elementor-element-0d08041 elementor-section-boxed elementor-section-height-default elementor-section-height-default\" data-id=\"0d08041\" data-element_type=\"section\">\n\t\t\t\t\t\t<div class=\"elementor-container elementor-column-gap-default\">\n\t\t\t\t\t<div class=\"elementor-column elementor-col-100 elementor-top-column elementor-element elementor-element-8e2471e\" data-id=\"8e2471e\" data-element_type=\"column\">\n\t\t\t<div class=\"elementor-widget-wrap elementor-element-populated\">\n\t\t\t\t\t\t\t\t<div class=\"elementor-element elementor-element-ca49425 elementor-widget elementor-widget-text-editor\" data-id=\"ca49425\" data-element_type=\"widget\" data-widget_type=\"text-editor.default\">\n\t\t\t\t<div class=\"elementor-widget-container\">\n\t\t\t\t\t\t\t<p style=\"text-align: left;\"><strong>\u00ab Eglise de Dieu qui est en Essonne, \u00e9vang\u00e9lise en prenant soin : \u00bb\u00a0<\/strong><\/p><ul><li><strong>de rester \u00e9veill\u00e9<\/strong>, 1er dimanche de l\u2019Avent, 28\/29 novembre\u00a0<\/li><li><strong>de consoler mon Peuple,<\/strong> 2\u00e8me dimanche de l\u2019Avent, 5\/6 d\u00e9cembre\u00a0<\/li><li><strong>de susciter la Joie,<\/strong> 3\u00e8me dimanche de l\u2019Avent, 12\/13 d\u00e9cembre\u00a0<\/li><li><strong>d\u2019accueillir la gr\u00e2ce donn\u00e9e<\/strong>, 4\u00e8me dimanche de l\u2019Avent, 19\/20 d\u00e9cembre\u00a0<\/li><\/ul>\t\t\t\t\t\t<\/div>\n\t\t\t\t<\/div>\n\t\t\t\t\t<\/div>\n\t\t<\/div>\n\t\t\t\t\t\t\t<\/div>\n\t\t<\/section>\n\t\t\t\t<section class=\"elementor-section elementor-top-section elementor-element elementor-element-89e8c6e elementor-section-boxed elementor-section-height-default elementor-section-height-default\" data-id=\"89e8c6e\" data-element_type=\"section\">\n\t\t\t\t\t\t<div class=\"elementor-container elementor-column-gap-default\">\n\t\t\t\t\t<div class=\"elementor-column elementor-col-100 elementor-top-column elementor-element elementor-element-246d3c0\" data-id=\"246d3c0\" data-element_type=\"column\">\n\t\t\t<div class=\"elementor-widget-wrap elementor-element-populated\">\n\t\t\t\t\t\t\t\t<div class=\"elementor-element elementor-element-3e5ae2b elementor-widget elementor-widget-image\" data-id=\"3e5ae2b\" data-element_type=\"widget\" data-widget_type=\"image.default\">\n\t\t\t\t<div class=\"elementor-widget-container\">\n\t\t\t\t\t\t\t\t\t\t\t\t\t\t\t<img decoding=\"async\" loading=\"lazy\" width=\"640\" height=\"480\" src=\"https:\/\/ednc.secteur-palaiseau.fr\/wp-content\/uploads\/2020\/11\/photo2-768x576.jpg\" class=\"attachment-medium_large size-medium_large wp-image-525\" alt=\"\" srcset=\"https:\/\/ednc.secteur-palaiseau.fr\/wp-content\/uploads\/2020\/11\/photo2-768x576.jpg 768w, https:\/\/ednc.secteur-palaiseau.fr\/wp-content\/uploads\/2020\/11\/photo2-300x225.jpg 300w, https:\/\/ednc.secteur-palaiseau.fr\/wp-content\/uploads\/2020\/11\/photo2-1024x768.jpg 1024w, https:\/\/ednc.secteur-palaiseau.fr\/wp-content\/uploads\/2020\/11\/photo2-1536x1152.jpg 1536w, https:\/\/ednc.secteur-palaiseau.fr\/wp-content\/uploads\/2020\/11\/photo2-800x600.jpg 800w, https:\/\/ednc.secteur-palaiseau.fr\/wp-content\/uploads\/2020\/11\/photo2.jpg 1656w\" sizes=\"(max-width: 640px) 100vw, 640px\" \/>\t\t\t\t\t\t\t\t\t\t\t\t\t\t\t<\/div>\n\t\t\t\t<\/div>\n\t\t\t\t\t<\/div>\n\t\t<\/div>\n\t\t\t\t\t\t\t<\/div>\n\t\t<\/section>\n\t\t\t\t<section class=\"elementor-section elementor-top-section elementor-element elementor-element-e521503 elementor-section-boxed elementor-section-height-default elementor-section-height-default\" data-id=\"e521503\" data-element_type=\"section\">\n\t\t\t\t\t\t<div class=\"elementor-container elementor-column-gap-default\">\n\t\t\t\t\t\t\t\t<\/div>\n\t\t<\/section>\n\t\t\t\t\t\t\t<\/div>\n\t\t","protected":false},"excerpt":{"rendered":"<p>Fran\u00e7ois de Favitski &#8211; Diacre<\/p>\n<p>O mes amis, si loin de vous, ici au Cambodge o\u00f9 me voici pour quatre mois, et pourtant si proches de vous par mes pens\u00e9es et mes pri\u00e8res. Car je n\u2019oublie pas ce que vous vivez, et je reste quotidiennement en lien en suivant l\u2019actualit\u00e9, en \u00e9changeant des messages, en ayant des conversations par \u00ab visio \u00bb.<\/p>\n","protected":false},"author":1,"featured_media":489,"comment_status":"closed","ping_status":"closed","sticky":false,"template":"","format":"standard","meta":{"footnotes":""},"categories":[14],"tags":[],"_links":{"self":[{"href":"https:\/\/ednc.secteur-palaiseau.fr\/index.php?rest_route=\/wp\/v2\/posts\/251"}],"collection":[{"href":"https:\/\/ednc.secteur-palaiseau.fr\/index.php?rest_route=\/wp\/v2\/posts"}],"about":[{"href":"https:\/\/ednc.secteur-palaiseau.fr\/index.php?rest_route=\/wp\/v2\/types\/post"}],"author":[{"embeddable":true,"href":"https:\/\/ednc.secteur-palaiseau.fr\/index.php?rest_route=\/wp\/v2\/users\/1"}],"replies":[{"embeddable":true,"href":"https:\/\/ednc.secteur-palaiseau.fr\/index.php?rest_route=%2Fwp%2Fv2%2Fcomments&post=251"}],"version-history":[{"count":35,"href":"https:\/\/ednc.secteur-palaiseau.fr\/index.php?rest_route=\/wp\/v2\/posts\/251\/revisions"}],"predecessor-version":[{"id":841,"href":"https:\/\/ednc.secteur-palaiseau.fr\/index.php?rest_route=\/wp\/v2\/posts\/251\/revisions\/841"}],"wp:featuredmedia":[{"embeddable":true,"href":"https:\/\/ednc.secteur-palaiseau.fr\/index.php?rest_route=\/wp\/v2\/media\/489"}],"wp:attachment":[{"href":"https:\/\/ednc.secteur-palaiseau.fr\/index.php?rest_route=%2Fwp%2Fv2%2Fmedia&parent=251"}],"wp:term":[{"taxonomy":"category","embeddable":true,"href":"https:\/\/ednc.secteur-palaiseau.fr\/index.php?rest_route=%2Fwp%2Fv2%2Fcategories&post=251"},{"taxonomy":"post_tag","embeddable":true,"href":"https:\/\/ednc.secteur-palaiseau.fr\/index.php?rest_route=%2Fwp%2Fv2%2Ftags&post=251"}],"curies":[{"name":"wp","href":"https:\/\/api.w.org\/{rel}","templated":true}]}}