{"id":173,"date":"2020-11-20T14:37:05","date_gmt":"2020-11-20T13:37:05","guid":{"rendered":"https:\/\/ednc.secteur-palaiseau.fr\/?p=173"},"modified":"2020-11-28T11:27:02","modified_gmt":"2020-11-28T10:27:02","slug":"luc-mazola","status":"publish","type":"post","link":"https:\/\/ednc.secteur-palaiseau.fr\/?p=173","title":{"rendered":"Nos pr\u00eatres : Luc Mazola, Emile Ghattas, Jean-Luc Facqueur"},"content":{"rendered":"\t\t<div data-elementor-type=\"wp-post\" data-elementor-id=\"173\" class=\"elementor elementor-173\">\n\t\t\t\t\t\t\t\t\t<section class=\"elementor-section elementor-top-section elementor-element elementor-element-5223f9c elementor-section-boxed elementor-section-height-default elementor-section-height-default\" data-id=\"5223f9c\" data-element_type=\"section\">\n\t\t\t\t\t\t<div class=\"elementor-container elementor-column-gap-default\">\n\t\t\t\t\t<div class=\"elementor-column elementor-col-100 elementor-top-column elementor-element elementor-element-9a014fa\" data-id=\"9a014fa\" data-element_type=\"column\">\n\t\t\t<div class=\"elementor-widget-wrap elementor-element-populated\">\n\t\t\t\t\t\t\t\t<div class=\"elementor-element elementor-element-8be7d48 elementor-widget elementor-widget-text-editor\" data-id=\"8be7d48\" data-element_type=\"widget\" data-widget_type=\"text-editor.default\">\n\t\t\t\t<div class=\"elementor-widget-container\">\n\t\t\t\t\t\t\t<h4><strong>Luc Mazola<\/strong><\/h4><p style=\"margin: 0cm;\">Originaire de la R\u00e9publique D\u00e9mocratique du Congo. Pr\u00eatre du dioc\u00e8se d&rsquo;\u00c9vry depuis 2011, ordonn\u00e9 par Mgr Michel DUBOST en la cath\u00e9drale d&rsquo;\u00c9vry.\u00a0<\/p><p style=\"margin: 0cm;\">J&rsquo;ai fait une grande partie de mes \u00e9tudes philosophiques et th\u00e9ologiques \u00e0 Innsbruck et Munich avant de rejoindre le dioc\u00e8se d&rsquo;\u00c9vry.\u00a0<\/p><p style=\"margin: 0cm;\">Apr\u00e8s avoir \u00e9t\u00e9 dans les diff\u00e9rents secteurs pastoraux (Bretigny, Draveil et Juvisy), j&rsquo;ai \u00e9t\u00e9 nomm\u00e9 depuis septembre sur secteur de Palaiseau avec une attention particuli\u00e8re sur le groupement de BIV.\u00a0<\/p><p style=\"margin: 0cm;\">Heureux de faire vos connaissances aux diff\u00e9rentes messes quant la situation nous le permettra.<\/p><h4><strong>Emile Ghattas<\/strong><\/h4><p>P\u00e8re \u00c9mile Ghattas est n\u00e9 en 1968 \u00e0 Alexandrie, en \u00c9gypte, et apr\u00e8s avoir \u00e9tudi\u00e9 l\u2019agronomie \u00e0 l\u2019Universit\u00e9 d\u2019Alexandrie, Il est entr\u00e9 dans la Congr\u00e9gation de la Mission (Lazaristes). Il a \u00e9t\u00e9 ordonn\u00e9 pr\u00eatre le 23 septembre 2000.<br \/>Pendant 12 ans, il a travaill\u00e9 dans l\u2019\u00e9ducation des jeunes au Moyen \u2013 Orient. \u00c0 partir de 2012, il a servi \u00e0 la Chapelle de Notre Dame de la M\u00e9daille Miraculeuse, Paris. A partir de 2017, il est sup\u00e9rieur de la Mission des Lazaristes \u00e0 Villebon sur Yvette-France. Emile parle arabe, anglais et fran\u00e7ais.<\/p><h4><strong>Jean-Luc Facqueur<\/strong><\/h4><p>Co-a\u00een\u00e9 d\u2019une fratrie de huit gar\u00e7ons, j\u2019ai la particularit\u00e9 d\u2019\u00eatre jumeau et d\u2019avoir six petits fr\u00e8res. Ainsi, vous comprendrez comment l\u2019importance de la communion fraternelle a \u00e9t\u00e9 inscrite, d\u00e8s le d\u00e9but de ma vie terrestre, au plus profond de mon c\u0153ur.<\/p><p>Enfant de la Vall\u00e9e de Chevreuse o\u00f9 je suis arriv\u00e9 en 1963 \u00e0 l\u2019\u00e2ge de deux ans et demi, j\u2019ai grandi avec le d\u00e9partement de l\u2019Essonne et le dioc\u00e8se d\u2019Evry, cr\u00e9\u00e9s en 1966.<\/p><p>Passionn\u00e9 de sport, \u00e9pris de justice, j\u2019ai pratiqu\u00e9 le tennis de table, fait des \u00e9tudes de droit, me suis engag\u00e9 dans le domaine politique, et ai travaill\u00e9 quelques ann\u00e9es comme conseiller juridique. J\u2019esp\u00e9rais par ces diff\u00e9rents moyens contribuer \u00e0 transformer notre soci\u00e9t\u00e9 en un monde meilleur. Mais, au fil des ans, je me suis rendu compte que si l\u2019Amour, autrement dit Dieu, n\u2019\u00e9tait pas davantage pr\u00e9sent au c\u0153ur de nos relations et de nos projets, la transfiguration que j\u2019esp\u00e9rais ne se r\u00e9aliserait pas.<\/p><p>Je suis donc entr\u00e9 au s\u00e9minaire \u00e0 l\u2019\u00e2ge de 30 ans et en suis sorti huit ans plus tard, apr\u00e8s trois ann\u00e9es pass\u00e9es \u00e0 Ars-sur-Formans aupr\u00e8s de Jean-Marie Vianney, saint Patron de tous les cur\u00e9s de l\u2019univers, puis cinq ann\u00e9es \u00e0 l\u2019Institut catholique de Paris.<\/p><p>Pr\u00eatre dioc\u00e9sain depuis 22 ans, une m\u00e9taphore me semble exprimer mon minist\u00e8re : celle du \u00ab couteau suisse \u00bb. Petit compagnon de route discret, il peut \u00eatre utile dans de nombreux domaines de la pastorale. Muni de plusieurs lames, tel un \u00abglaive \u00e0 deux tranchants\u00bb, il aide \u00e0 discerner, dans la complexit\u00e9 des \u00e9v\u00e9nements, ce qui est porteur de Vie et de f\u00e9condit\u00e9.<\/p><p>Apr\u00e8s avoir accompagn\u00e9 plus d\u2019un tiers des secteurs pastoraux de notre dioc\u00e8se, je suis heureux de revenir dans la vall\u00e9e de mon enfance et j\u2019ai h\u00e2te de vous d\u00e9couvrir, vous que je n\u2019envisage que masqu\u00e9s depuis le mois de septembre.<\/p>\t\t\t\t\t\t<\/div>\n\t\t\t\t<\/div>\n\t\t\t\t\t<\/div>\n\t\t<\/div>\n\t\t\t\t\t\t\t<\/div>\n\t\t<\/section>\n\t\t\t\t\t\t\t<\/div>\n\t\t","protected":false},"excerpt":{"rendered":"<p>En septembre, nous avons accueilli de nouveaux pr\u00eatres, nous faisons connaissance.<\/p>\n","protected":false},"author":1,"featured_media":832,"comment_status":"closed","ping_status":"closed","sticky":false,"template":"","format":"standard","meta":{"footnotes":""},"categories":[9,8,4],"tags":[],"_links":{"self":[{"href":"https:\/\/ednc.secteur-palaiseau.fr\/index.php?rest_route=\/wp\/v2\/posts\/173"}],"collection":[{"href":"https:\/\/ednc.secteur-palaiseau.fr\/index.php?rest_route=\/wp\/v2\/posts"}],"about":[{"href":"https:\/\/ednc.secteur-palaiseau.fr\/index.php?rest_route=\/wp\/v2\/types\/post"}],"author":[{"embeddable":true,"href":"https:\/\/ednc.secteur-palaiseau.fr\/index.php?rest_route=\/wp\/v2\/users\/1"}],"replies":[{"embeddable":true,"href":"https:\/\/ednc.secteur-palaiseau.fr\/index.php?rest_route=%2Fwp%2Fv2%2Fcomments&post=173"}],"version-history":[{"count":15,"href":"https:\/\/ednc.secteur-palaiseau.fr\/index.php?rest_route=\/wp\/v2\/posts\/173\/revisions"}],"predecessor-version":[{"id":834,"href":"https:\/\/ednc.secteur-palaiseau.fr\/index.php?rest_route=\/wp\/v2\/posts\/173\/revisions\/834"}],"wp:featuredmedia":[{"embeddable":true,"href":"https:\/\/ednc.secteur-palaiseau.fr\/index.php?rest_route=\/wp\/v2\/media\/832"}],"wp:attachment":[{"href":"https:\/\/ednc.secteur-palaiseau.fr\/index.php?rest_route=%2Fwp%2Fv2%2Fmedia&parent=173"}],"wp:term":[{"taxonomy":"category","embeddable":true,"href":"https:\/\/ednc.secteur-palaiseau.fr\/index.php?rest_route=%2Fwp%2Fv2%2Fcategories&post=173"},{"taxonomy":"post_tag","embeddable":true,"href":"https:\/\/ednc.secteur-palaiseau.fr\/index.php?rest_route=%2Fwp%2Fv2%2Ftags&post=173"}],"curies":[{"name":"wp","href":"https:\/\/api.w.org\/{rel}","templated":true}]}}